{"id":215246,"date":"2025-11-02T23:31:13","date_gmt":"2025-11-02T23:31:13","guid":{"rendered":"https:\/\/www.europesays.com\/es\/215246\/"},"modified":"2025-11-02T23:31:13","modified_gmt":"2025-11-02T23:31:13","slug":"el-mitico-dardo-de-angel-llacer-a-rosalia-y-su-energetica-respuesta-con-15-anos-has-desafinado-bastante","status":"publish","type":"post","link":"https:\/\/www.europesays.com\/es\/215246\/","title":{"rendered":"El m\u00edtico dardo de \u00c0ngel Ll\u00e0cer a Rosal\u00eda y su energ\u00e9tica respuesta con 15 a\u00f1os: \u201cHas desafinado bastante\u201d"},"content":{"rendered":"<p class=\"\"><b>Rosal\u00eda <\/b>es una de las artistas m\u00e1s famosas de la industria musical en todo el mundo. Su reaparici\u00f3n tras varios a\u00f1os alejada de los focos ha tra\u00eddo consigo una oleada de emoci\u00f3n, nervios, y muchas ganas de escuchar sus nuevos trabajos.<\/p>\n<p class=\"\">Pero, lo m\u00e1s curioso de la historia de esta cantante es que, cuando era solo una adolescente, <b>ya se present\u00f3 al programa de \u2018T\u00fa s\u00ed que vales\u2019 con solo 15 a\u00f1os<\/b>, en el que recibi\u00f3 una cr\u00edtica de <b>\u00c0ngel Ll\u00e0cer <\/b>que hoy sigue siendo recordada.<\/p>\n<p class=\"\">La joven artista cant\u00f3 una balada, y por ello los miembros del jurado fueron cr\u00edticos con ella, y el catal\u00e1n le coment\u00f3 que ten\u00eda \u201cmucho potencial\u201d, pero no segu\u00eda: \u201c<b>Yo s\u00e9 que tienes mucho potencial, pero ahora a\u00fan no sabes sacarlo. Por lo tanto, lament\u00e1ndolo mucho, voy a decir que no<\/b>\u201d.<\/p>\n<p class=\"\">Aquella joven Rosal\u00eda, de 15 a\u00f1os de edad, dio una respuesta adulta y sincera: \u201c<b>No pasa nada, yo he venido aqu\u00ed a aceptar las cr\u00edticas y a aprender de profesionales como vosotros, y yo acepto tu opini\u00f3n<\/b>\u201d.<\/p>\n<p class=\"\">M\u00e1s tarde, lo volvi\u00f3 a intentar sobre el escenario con una canci\u00f3n m\u00e1s \u2018ca\u00f1era\u2019, pero Ll\u00e0cer volvi\u00f3 a destacar que hab\u00eda \u201c<b>desafinado<\/b>\u201d.<\/p>\n<p class=\"\">Y en ese instante, Rosal\u00eda le sorprendi\u00f3 con una energ\u00e9tica respuesta: \u201c<b>No puedo hacer todo, cantar, interpretar y bailar. Se me pidi\u00f3 fuerza, pues aqu\u00ed tienes fuerza<\/b>. Intento hacer todo lo posible, te lo digo de verdad\u201d.<\/p>\n<p>Noticias relacionadas<a href=\"https:\/\/as.com\/tikitakas\/musica\/el-guino-de-rosalia-a-una-de-las-obras-maestras-de-disney-en-berghain-el-preludio-de-su-nuevo-disco-lux-f202510-n\/\" class=\"s_m_w _rt-16x9\" title=\"La cantante ha vuelto a demostrar su dominio de la iconograf\u00eda con sus referencias a \u2018Blancanieves\u2019 en el videoclip del adelanto de su nuevo trabajo.\" data-tb-link=\"\" rel=\"nofollow noopener\" target=\"_blank\"><img decoding=\"async\" src=\"https:\/\/www.europesays.com\/es\/wp-content\/uploads\/2025\/11\/KHLV6TF6XFH7BIDUE5PINSXZ2I.webp\" alt=\"El gui\u00f1o de Rosal\u00eda a una de las obras maestras de Disney en \u2018Berghain\u2019, el preludio de su nuevo disco \u2018LUX\u2019\" class=\"\" height=\"1\" width=\"1\"   loading=\"lazy\" data-tb-thumbnail=\"\"\/><\/a><a href=\"https:\/\/as.com\/tikitakas\/musica\/rosalia-lanza-berghain-una-letra-en-aleman-espanol-e-ingles-para-su-nuevo-giro-f202510-n\/\" class=\"s_m_w _rt-16x9\" title=\"La catalana ha publicado sencillo de su disco Lux, que se publicar\u00e1 el 7 de noviembre. M\u00fasica psicod\u00e9lica con toques cl\u00e1sicos y flamencos. Lea la letra completa. \" data-tb-link=\"\" rel=\"nofollow noopener\" target=\"_blank\"><img decoding=\"async\" src=\"https:\/\/www.europesays.com\/es\/wp-content\/uploads\/2025\/11\/2YXDMZXKOJF5BBELP5WONPFTPM.png\" alt=\"Rosal\u00eda lanza \u2018Berghain\u2019: una letra en alem\u00e1n, espa\u00f1ol e ingl\u00e9s para su nuevo giro\" class=\"\" height=\"1\" width=\"1\"   loading=\"lazy\" data-tb-thumbnail=\"\"\/><\/a><\/p>\n<p class=\"\">Un episodio de su vida que qued\u00f3 atr\u00e1s, y que sirvi\u00f3 de aprendizaje para una artista que <b>ya sabe lo que es conquistar ciudades, pa\u00edses, y al mundo entero de la mano de su voz<\/b>, llegando a aparecer en las pantallas gigantes de Times Square (Nueva York) y abarrotando la Plaza de Callao en Madrid para presentar su nuevo disco, \u2018<b>LUX<\/b>\u2019.<\/p>\n<p class=\"\"><b>\u00a1Tus opiniones importan!<\/b> Comenta en los art\u00edculos y suscr\u00edbete gratis a nuestra <a href=\"https:\/\/asfan.as.com\/newsletters\/\" target=\"_blank\" rel=\"nofollow noopener\" title=\"https:\/\/asfan.as.com\/newsletters\/\">newsletter<\/a> y a las alertas informativas en la <a href=\"https:\/\/as.com\/aplicacion-de-as-n\/\" target=\"_blank\" rel=\"nofollow noopener\" title=\"https:\/\/as.com\/aplicacion-de-as-n\/\">App<\/a> o el canal de <a href=\"https:\/\/www.whatsapp.com\/channel\/0029VaAasdA7j6g745nz9M10\" target=\"_blank\" rel=\"nofollow noopener\" title=\"https:\/\/www.whatsapp.com\/channel\/0029VaAasdA7j6g745nz9M10\">WhatsApp<\/a>. \u00bfBuscas licenciar contenido? Haz clic <a href=\"https:\/\/profesional.elpais.com\/landing-sindicacion?utm_medium=interno&amp;utm_source=crosslinking&amp;utm_campaign=sindicacion_as_pie_articulos\" target=\"_blank\" rel=\"nofollow noopener\" title=\"https:\/\/profesional.elpais.com\/landing-sindicacion?utm_medium=interno&amp;utm_source=crosslinking&amp;utm_campaign=sindicacion_as_pie_articulos\">aqu\u00ed<\/a><\/p>\n","protected":false},"excerpt":{"rendered":"Rosal\u00eda es una de las artistas m\u00e1s famosas de la industria musical en todo el mundo. Su reaparici\u00f3n&hellip;\n","protected":false},"author":2,"featured_media":215247,"comment_status":"","ping_status":"","sticky":false,"template":"","format":"standard","meta":{"footnotes":""},"categories":[171],"tags":[146,147,25,24,23,214],"class_list":{"0":"post-215246","1":"post","2":"type-post","3":"status-publish","4":"format-standard","5":"has-post-thumbnail","7":"category-tv","8":"tag-entertainment","9":"tag-entretenimiento","10":"tag-es","11":"tag-espana","12":"tag-spain","13":"tag-tv"},"share_on_mastodon":{"url":"https:\/\/pubeurope.com\/@es\/115482714918671491","error":""},"_links":{"self":[{"href":"https:\/\/www.europesays.com\/es\/wp-json\/wp\/v2\/posts\/215246","targetHints":{"allow":["GET"]}}],"collection":[{"href":"https:\/\/www.europesays.com\/es\/wp-json\/wp\/v2\/posts"}],"about":[{"href":"https:\/\/www.europesays.com\/es\/wp-json\/wp\/v2\/types\/post"}],"author":[{"embeddable":true,"href":"https:\/\/www.europesays.com\/es\/wp-json\/wp\/v2\/users\/2"}],"replies":[{"embeddable":true,"href":"https:\/\/www.europesays.com\/es\/wp-json\/wp\/v2\/comments?post=215246"}],"version-history":[{"count":0,"href":"https:\/\/www.europesays.com\/es\/wp-json\/wp\/v2\/posts\/215246\/revisions"}],"wp:featuredmedia":[{"embeddable":true,"href":"https:\/\/www.europesays.com\/es\/wp-json\/wp\/v2\/media\/215247"}],"wp:attachment":[{"href":"https:\/\/www.europesays.com\/es\/wp-json\/wp\/v2\/media?parent=215246"}],"wp:term":[{"taxonomy":"category","embeddable":true,"href":"https:\/\/www.europesays.com\/es\/wp-json\/wp\/v2\/categories?post=215246"},{"taxonomy":"post_tag","embeddable":true,"href":"https:\/\/www.europesays.com\/es\/wp-json\/wp\/v2\/tags?post=215246"}],"curies":[{"name":"wp","href":"https:\/\/api.w.org\/{rel}","templated":true}]}}