{"id":215254,"date":"2025-11-02T23:35:14","date_gmt":"2025-11-02T23:35:14","guid":{"rendered":"https:\/\/www.europesays.com\/es\/215254\/"},"modified":"2025-11-02T23:35:14","modified_gmt":"2025-11-02T23:35:14","slug":"el-lado-oculto-de-la-luz-nocturna-lo-que-revela-un-estudio-sobre-riesgos-cardiacos","status":"publish","type":"post","link":"https:\/\/www.europesays.com\/es\/215254\/","title":{"rendered":"El lado oculto de la luz nocturna: lo que revela un estudio sobre riesgos card\u00edacos"},"content":{"rendered":"<p><img alt=\"Dormir con luz nocturna aumenta\" class=\"global-image\" decoding=\"async\" fetchpriority=\"high\" height=\"1024\" loading=\"eager\" src=\"https:\/\/www.europesays.com\/es\/wp-content\/uploads\/2025\/11\/7NKJDHYCBBHD3E45UPH6CEHKPQ.png\" width=\"1536\"\/>Dormir con luz nocturna aumenta hasta un 56% el riesgo de insuficiencia card\u00edaca en adultos mayores de 40 a\u00f1os (Imagen Ilustrativa Infobae)<\/p>\n<p class=\"paragraph\"><a rel=\"noopener noreferrer nofollow\" href=\"https:\/\/www.infobae.com\/salud\/2025\/10\/29\/dormir-mas-no-basta-como-lograr-un-sueno-profundo-y-realmente-reparador-segun-la-ciencia\/\" target=\"_blank\" title=\"https:\/\/www.infobae.com\/salud\/2025\/10\/29\/dormir-mas-no-basta-como-lograr-un-sueno-profundo-y-realmente-reparador-segun-la-ciencia\/\"><b>Dormir<\/b><\/a><b> con<\/b> <b>luces encendidas o filtradas desde la calle<\/b> podr\u00eda ser mucho m\u00e1s perjudicial de lo que parece. Diversos estudios advierten que la <b>exposici\u00f3n nocturna a la luz<\/b>, incluso en niveles m\u00ednimos, <b>aumenta de forma significativa el riesgo de sufrir enfermedades cardiovasculares<\/b>, al alterar los ritmos naturales del cuerpo y afectar la calidad del descanso.<\/p>\n<p class=\"paragraph\">Un <a href=\"https:\/\/jamanetwork.com\/journals\/jamanetworkopen\/fullarticle\/2840489\" target=\"_blank\" rel=\"noreferrer nofollow noopener\" title=\"https:\/\/jamanetwork.com\/journals\/jamanetworkopen\/fullarticle\/2840489\">estudio<\/a> reciente, citado por RealSimple y publicado en JAMA Network Open, analiz\u00f3 datos del UK Biobank y detect\u00f3 que las <b>personas con mayor exposici\u00f3n nocturna a la luz presentaron un aumento del 45% al 56% en insuficiencia card\u00edaca y del 28% al 32% en fibrilaci\u00f3n auricular<\/b>, frente a quienes dorm\u00edan en <b>ambientes oscuros.<\/b> <\/p>\n<p class=\"paragraph\">Estos resultados subrayan la necesidad de cuidar el entorno durante el sue\u00f1o para proteger la salud del coraz\u00f3n.<\/p>\n<p><img alt=\"La exposici\u00f3n nocturna a la\" class=\"global-image\" decoding=\"async\" fetchpriority=\"low\" height=\"1024\" loading=\"lazy\" src=\"https:\/\/www.europesays.com\/es\/wp-content\/uploads\/2025\/11\/ZSNSNWUT4BBFPB7P2JHMWKGYO4.png\" width=\"1536\"\/>La exposici\u00f3n nocturna a la luz artificial se asocia a un mayor riesgo de fibrilaci\u00f3n auricular y enfermedades cardiovasculares (Imagen Ilustrativa Infobae)<\/p>\n<p class=\"paragraph\">El an\u00e1lisis se realiz\u00f3 en Reino Unido y abarc\u00f3 a 88.905 personas mayores de 40 a\u00f1os que no ten\u00edan antecedentes de enfermedades cardiovasculares al inicio del seguimiento. <\/p>\n<p class=\"paragraph\">Durante casi una d\u00e9cada, los participantes utilizaron sensores de luz durante una semana cada a\u00f1o, lo cual permiti\u00f3 a los investigadores medir con precisi\u00f3n la exposici\u00f3n lum\u00ednica entre la medianoche y las 6:00. <\/p>\n<p class=\"paragraph\">Tambi\u00e9n se revisaron los historiales m\u00e9dicos para registrar la aparici\u00f3n de patolog\u00edas como infarto de miocardio, enfermedad coronaria, insuficiencia card\u00edaca, fibrilaci\u00f3n auricular y accidente cerebrovascular.<\/p>\n<p class=\"paragraph\">La relaci\u00f3n entre luz nocturna y mayor riesgo de insuficiencia card\u00edaca y fibrilaci\u00f3n auricular <b>se mantuvo aun despu\u00e9s de ajustar por variables como edad, dieta, actividad f\u00edsica y nivel socioecon\u00f3mico<\/b>. <\/p>\n<p><img alt=\"Un estudio en Reino Unido\" class=\"global-image\" decoding=\"async\" fetchpriority=\"low\" height=\"768\" loading=\"lazy\" src=\"https:\/\/www.europesays.com\/es\/wp-content\/uploads\/2025\/11\/JG4ZMDDUX5DYJDHGX47FRGW4KY.png\" width=\"1408\"\/>Un estudio en Reino Unido analiz\u00f3 a casi 89.000 personas y confirm\u00f3 el impacto negativo de la luz nocturna en la salud del coraz\u00f3n (Imagen Ilustrativa Infobae)<\/p>\n<p class=\"paragraph\">El efecto fue m\u00e1s marcado <b>en mujeres y en los participantes m\u00e1s j\u00f3venes<\/b>. \u201cNuestros hallazgos demuestran que, adem\u00e1s de las recomendaciones actuales, evitar la luz nocturna es un objetivo prometedor para prevenir enfermedades cardiovasculares\u201d, explicaron los investigadores, seg\u00fan RealSimple.<\/p>\n<p class=\"paragraph\">Uno de los mecanismos se\u00f1alados por los investigadores es la alteraci\u00f3n del <b>ritmo circadiano<\/b>. La exposici\u00f3n a la luz durante la noche puede desajustar este proceso, lo que afecta funciones esenciales del organismo. <\/p>\n<p class=\"paragraph\">Este desbalance se asocia no solo a problemas card\u00edacos, sino tambi\u00e9n a un mayor riesgo de desarrollar<b> diabetes tipo dos<\/b>, debido a que el ritmo circadiano regula la presi\u00f3n arterial, la frecuencia card\u00edaca y el metabolismo. <\/p>\n<p><img alt=\"Especialistas recomiendan reducir la exposici\u00f3n\" class=\"global-image\" decoding=\"async\" fetchpriority=\"low\" height=\"806\" loading=\"lazy\" src=\"https:\/\/www.europesays.com\/es\/wp-content\/uploads\/2025\/11\/QDVOS3IEHZEYBJP7I2WI3R43HU.jpg\" width=\"1433\"\/>Especialistas recomiendan reducir la exposici\u00f3n a pantallas y luces artificiales antes de dormir para proteger la salud cardiovascular (Imagen Ilustrativa Infobae)<\/p>\n<p class=\"paragraph\">Aunque los resultados muestran una fuerte correlaci\u00f3n, el estudio no puede afirmar que exista causalidad absoluta, pero s\u00ed evidencia la importancia de <b>tomar precauciones<\/b> en cuanto a la iluminaci\u00f3n nocturna.<\/p>\n<p class=\"paragraph\">Para disminuir el impacto de este riesgo, especialistas recomiendan <b>apagar las pantallas electr\u00f3nicas con suficiente antelaci\u00f3n antes de dormir<\/b>, reducir la intensidad de las luces artificiales y emplear cortinas opacas o antifaces si no es posible eliminar por completo las fuentes de luz internas o externas. <\/p>\n<p class=\"paragraph\">Estas medidas, seg\u00fan expertos consultados por RealSimple, constituyen un ajuste sencillo y efectivo que puede traducirse en un beneficio tangible para la salud cardiovascular y el descanso.<\/p>\n<p><img alt=\"Peque\u00f1os cambios en los h\u00e1bitos\" class=\"global-image\" decoding=\"async\" fetchpriority=\"low\" height=\"864\" loading=\"lazy\" src=\"https:\/\/www.europesays.com\/es\/wp-content\/uploads\/2025\/11\/M74XQB7XYJEFJDVRH5HKIXBCBI.png\" width=\"1536\"\/>Peque\u00f1os cambios en los h\u00e1bitos de sue\u00f1o, como usar cortinas opacas, pueden generar beneficios duraderos para el coraz\u00f3n (Imagen Ilustrativa Infobae)<\/p>\n<p class=\"paragraph\">Adem\u00e1s, tambi\u00e9n se destac\u00f3 que el impacto negativo de la luz nocturna podr\u00eda acumularse con el tiempo, haciendo a\u00fan m\u00e1s relevante el implementar estos cambios de rutina de manera consistente. Incluso peque\u00f1as mejoras en los h\u00e1bitos de sue\u00f1o pueden generar resultados positivos si se sostienen a largo plazo.<\/p>\n<p class=\"paragraph\">El estudio tambi\u00e9n identific\u00f3 que quienes recibieron mayor cantidad de <b>luz natural durante el d\u00eda<\/b> ten\u00edan un menor riesgo de sufrir enfermedades cardiovasculares. <\/p>\n<p class=\"paragraph\">Este hallazgo respalda la importancia de <b>incorporar actividades al aire libre<\/b> en las primeras horas de la ma\u00f1ana, como salir a caminar o ejercitarse, lo cual ayuda a reforzar el ciclo natural de sue\u00f1o-vigilia y a mejorar el bienestar general. <\/p>\n<p class=\"paragraph\">As\u00ed, cuidar tanto la exposici\u00f3n a la luz artificial en la noche como buscar contacto con la luz natural durante el d\u00eda se presentan como estrategias concretas para disminuir los riesgos card\u00edacos y favorecer el equilibrio del organismo.<\/p>\n<p class=\"paragraph\">Adoptar estos h\u00e1bitos contribuye a un mejor descanso, y tambi\u00e9n puede tener beneficios adicionales para la salud mental, el rendimiento diurno y la prevenci\u00f3n de otros trastornos relacionados con el sue\u00f1o prolongado o la interrupci\u00f3n del ritmo biol\u00f3gico.<\/p>\n","protected":false},"excerpt":{"rendered":"Dormir con luz nocturna aumenta hasta un 56% el riesgo de insuficiencia card\u00edaca en adultos mayores de 40&hellip;\n","protected":false},"author":2,"featured_media":215255,"comment_status":"","ping_status":"","sticky":false,"template":"","format":"standard","meta":{"footnotes":""},"categories":[92],"tags":[3937,25,24,165,166,23,3466],"class_list":{"0":"post-215254","1":"post","2":"type-post","3":"status-publish","4":"format-standard","5":"has-post-thumbnail","7":"category-salud","8":"tag-dormir","9":"tag-es","10":"tag-espana","11":"tag-health","12":"tag-salud","13":"tag-spain","14":"tag-sueno"},"share_on_mastodon":{"url":"https:\/\/pubeurope.com\/@es\/115482730765952070","error":""},"_links":{"self":[{"href":"https:\/\/www.europesays.com\/es\/wp-json\/wp\/v2\/posts\/215254","targetHints":{"allow":["GET"]}}],"collection":[{"href":"https:\/\/www.europesays.com\/es\/wp-json\/wp\/v2\/posts"}],"about":[{"href":"https:\/\/www.europesays.com\/es\/wp-json\/wp\/v2\/types\/post"}],"author":[{"embeddable":true,"href":"https:\/\/www.europesays.com\/es\/wp-json\/wp\/v2\/users\/2"}],"replies":[{"embeddable":true,"href":"https:\/\/www.europesays.com\/es\/wp-json\/wp\/v2\/comments?post=215254"}],"version-history":[{"count":0,"href":"https:\/\/www.europesays.com\/es\/wp-json\/wp\/v2\/posts\/215254\/revisions"}],"wp:featuredmedia":[{"embeddable":true,"href":"https:\/\/www.europesays.com\/es\/wp-json\/wp\/v2\/media\/215255"}],"wp:attachment":[{"href":"https:\/\/www.europesays.com\/es\/wp-json\/wp\/v2\/media?parent=215254"}],"wp:term":[{"taxonomy":"category","embeddable":true,"href":"https:\/\/www.europesays.com\/es\/wp-json\/wp\/v2\/categories?post=215254"},{"taxonomy":"post_tag","embeddable":true,"href":"https:\/\/www.europesays.com\/es\/wp-json\/wp\/v2\/tags?post=215254"}],"curies":[{"name":"wp","href":"https:\/\/api.w.org\/{rel}","templated":true}]}}