{"id":215269,"date":"2025-11-02T23:46:24","date_gmt":"2025-11-02T23:46:24","guid":{"rendered":"https:\/\/www.europesays.com\/es\/215269\/"},"modified":"2025-11-02T23:46:24","modified_gmt":"2025-11-02T23:46:24","slug":"el-tenista-de-ibiza-jesus-ramirez-campeon-de-baleares-de-veteranos-por-segundo-ano-consecutivo","status":"publish","type":"post","link":"https:\/\/www.europesays.com\/es\/215269\/","title":{"rendered":"El tenista de Ibiza Jes\u00fas Ram\u00edrez, campe\u00f3n de Baleares de veteranos por segundo a\u00f1o consecutivo"},"content":{"rendered":"<p class=\"ft-text\"><strong>Jes\u00fas Ram\u00edrez<\/strong>, una de las mejores raquetas que ha dado el tenis en Ibiza, se ha proclamado <strong>campe\u00f3n de Baleares de <\/strong>veteranos de m\u00e1s de 60 a\u00f1os por segundo a\u00f1o consecutivo.<\/p>\n<p class=\"ft-text\">El ibicenco, profesor en el <a class=\"ft-link ft-link--decoration\" href=\"https:\/\/www.diariodeibiza.es\/tags\/ibiza-club-de-campo\/\" rel=\"nofollow noopener\" target=\"_blank\">Ibiza Club de Campo<\/a> junto a <a class=\"ft-link ft-link--decoration\" href=\"https:\/\/www.diariodeibiza.es\/deportes\/2013\/10\/01\/navarro-nadal-doy-mil-pesetas-30626305.html\" rel=\"nofollow noopener\" target=\"_blank\">Miguel Navarro<\/a>, ha participado en el torneo organizado en un club de Magaluf, en Mallorca.<\/p>\n<p class=\"ft-text\">Ram\u00edrez, que ha destacado la buena organizaci\u00f3n de este torneo, se deshizo el s\u00e1bado de su rival en la final en dos c\u00f3modos sets: 6-3 y 6-2. \u00abMe he sentido muy bien, muy suelto y muy a gusto, porque voy a disfrutar\u00bb.<\/p>\n<p class=\"ft-text\">El nivel del torneo ha sido<strong> \u00abalto t\u00e9cnicamente\u00bb<\/strong>, comenta Ram\u00edrez, que destaca como detalle diferencial el estado f\u00edsico. \u00abMe mantengo y estoy bien y creo que eso me ha ayudado\u00bb frente a sus rivales.<\/p>\n","protected":false},"excerpt":{"rendered":"Jes\u00fas Ram\u00edrez, una de las mejores raquetas que ha dado el tenis en Ibiza, se ha proclamado campe\u00f3n&hellip;\n","protected":false},"author":2,"featured_media":215270,"comment_status":"","ping_status":"","sticky":false,"template":"","format":"standard","meta":{"footnotes":""},"categories":[274],"tags":[5773,168,25,24,6079,57846,5782,4794,23,167,327,6811,11759,326],"class_list":{"0":"post-215269","1":"post","2":"type-post","3":"status-publish","4":"format-standard","5":"has-post-thumbnail","7":"category-tenis","8":"tag-campeon","9":"tag-deportes","10":"tag-es","11":"tag-espana","12":"tag-ibiza","13":"tag-ibiza-club-de-campo","14":"tag-jesus","15":"tag-ramirez","16":"tag-spain","17":"tag-sports","18":"tag-tenis","19":"tag-tenista","20":"tag-tenistas","21":"tag-tennis"},"share_on_mastodon":{"url":"https:\/\/pubeurope.com\/@es\/115482773661636590","error":""},"_links":{"self":[{"href":"https:\/\/www.europesays.com\/es\/wp-json\/wp\/v2\/posts\/215269","targetHints":{"allow":["GET"]}}],"collection":[{"href":"https:\/\/www.europesays.com\/es\/wp-json\/wp\/v2\/posts"}],"about":[{"href":"https:\/\/www.europesays.com\/es\/wp-json\/wp\/v2\/types\/post"}],"author":[{"embeddable":true,"href":"https:\/\/www.europesays.com\/es\/wp-json\/wp\/v2\/users\/2"}],"replies":[{"embeddable":true,"href":"https:\/\/www.europesays.com\/es\/wp-json\/wp\/v2\/comments?post=215269"}],"version-history":[{"count":0,"href":"https:\/\/www.europesays.com\/es\/wp-json\/wp\/v2\/posts\/215269\/revisions"}],"wp:featuredmedia":[{"embeddable":true,"href":"https:\/\/www.europesays.com\/es\/wp-json\/wp\/v2\/media\/215270"}],"wp:attachment":[{"href":"https:\/\/www.europesays.com\/es\/wp-json\/wp\/v2\/media?parent=215269"}],"wp:term":[{"taxonomy":"category","embeddable":true,"href":"https:\/\/www.europesays.com\/es\/wp-json\/wp\/v2\/categories?post=215269"},{"taxonomy":"post_tag","embeddable":true,"href":"https:\/\/www.europesays.com\/es\/wp-json\/wp\/v2\/tags?post=215269"}],"curies":[{"name":"wp","href":"https:\/\/api.w.org\/{rel}","templated":true}]}}