{"id":215273,"date":"2025-11-02T23:49:11","date_gmt":"2025-11-02T23:49:11","guid":{"rendered":"https:\/\/www.europesays.com\/es\/215273\/"},"modified":"2025-11-02T23:49:11","modified_gmt":"2025-11-02T23:49:11","slug":"la-gran-familia-del-baskonia-se-presenta-en-el-buesa-arena","status":"publish","type":"post","link":"https:\/\/www.europesays.com\/es\/215273\/","title":{"rendered":"La gran familia del Baskonia se presenta en el Buesa Arena"},"content":{"rendered":"<p><img fetchpriority=\"high\" class=\"v-a-img\" src=\"https:\/\/www.europesays.com\/es\/wp-content\/uploads\/2025\/11\/BASKONIA TENERIFE cantera-2.jpg\" loading=\"eager\" decoding=\"async\" alt=\"La gran familia del Baskonia se presenta en el Buesa Arena\"  width=\"1200\" height=\"840\"\/><\/p>\n<p>La estructura del club, con m\u00e1s de 500 jugadores y jugadoras de todas las edades, llena la pista durante el descanso ante el Tenerife<\/p>\n<p><a class=\"v-mdl-ath__fig-a\" href=\"https:\/\/www.elcorreo.com\/autor\/ivan-benito-4702.html\" title=\"Iv\u00e1n Benito\" rel=\"nofollow noopener\" target=\"_blank\"><br \/>\n<img decoding=\"async\" class=\"v-mdl-ath__img\" src=\"https:\/\/www.europesays.com\/es\/wp-content\/uploads\/2025\/10\/autor-4702-foto-1.jpeg\" alt=\"Iv\u00e1n Benito\"\/><br \/>\n<\/a><\/p>\n<p class=\"v-mdl-ath__p v-mdl-ath__p--6\">\nDomingo, 2 de noviembre 2025, 20:20<\/p>\n<p class=\"v-p\">\u00abAqu\u00ed est\u00e1 el futuro\u00bb, proclama el speaker del Baskonia, Joxe Felipe Auzmendi, cuando entran y salen los m\u00e1s de 500 jugadores que conforman las categor\u00edas inferiores del conjunto azulgrana. Desde benjamines hasta el filial, pasando por la escuela y el proyecto social del club, cada vez m\u00e1s integrador en fondo y forma, todos ellos han sido los protagonistas del descanso entre el Baskonia y el Tenerife.<\/p>\n<p class=\"v-p\">Los canteranos han ocupado todo el largo de la cancha del Buesa Arena y parte del ancho para posar de cara a la tradicional foto de familia. Una inmensa prole formada por los 60 jugadores y otras tantas jugadores que forman parte de la escuela de baloncesto. A ellos se suman los m\u00e1s de 200, de todas las edades, que compiten cada fin de semana con mejor o menor fortuna, pero con el prop\u00f3sito de que abanderen el car\u00e1cter y los valores intr\u00ednsecos del Baskonia.<\/p>\n<p class=\"v-p\">A ellos se suman los 180 integrantes del proyecto social del club, la joya de la corona. Baskonia4Life, que busca tambi\u00e9n fomentar los h\u00e1bitos de vida saludable junto al conjunto Mixed Ability, integrado por jugadores con y sin discapacidad, que persigue el objetivo de competir en categor\u00edas federadas, crece cada a\u00f1o y es modelo a seguir de otras entidades de Espa\u00f1a. Adem\u00e1s, las escuadras vitorianas cuentan con m\u00e1s de 70 entrenadores pque dirigen y marcan el paso del futuro azulgrana.<\/p>\n<p>Reporta un error<\/p>\n","protected":false},"excerpt":{"rendered":"La estructura del club, con m\u00e1s de 500 jugadores y jugadoras de todas las edades, llena la pista&hellip;\n","protected":false},"author":2,"featured_media":215274,"comment_status":"","ping_status":"","sticky":false,"template":"","format":"standard","meta":{"footnotes":""},"categories":[269],"tags":[3334,299,298,4714,39305,168,25,24,367,3956,2782,23,167],"class_list":{"0":"post-215273","1":"post","2":"type-post","3":"status-publish","4":"format-standard","5":"has-post-thumbnail","7":"category-baloncesto","8":"tag-arena","9":"tag-baloncesto","10":"tag-basketball","11":"tag-baskonia","12":"tag-buesa","13":"tag-deportes","14":"tag-es","15":"tag-espana","16":"tag-familia","17":"tag-gran","18":"tag-presenta","19":"tag-spain","20":"tag-sports"},"share_on_mastodon":{"url":"https:\/\/pubeurope.com\/@es\/115482785834480846","error":""},"_links":{"self":[{"href":"https:\/\/www.europesays.com\/es\/wp-json\/wp\/v2\/posts\/215273","targetHints":{"allow":["GET"]}}],"collection":[{"href":"https:\/\/www.europesays.com\/es\/wp-json\/wp\/v2\/posts"}],"about":[{"href":"https:\/\/www.europesays.com\/es\/wp-json\/wp\/v2\/types\/post"}],"author":[{"embeddable":true,"href":"https:\/\/www.europesays.com\/es\/wp-json\/wp\/v2\/users\/2"}],"replies":[{"embeddable":true,"href":"https:\/\/www.europesays.com\/es\/wp-json\/wp\/v2\/comments?post=215273"}],"version-history":[{"count":0,"href":"https:\/\/www.europesays.com\/es\/wp-json\/wp\/v2\/posts\/215273\/revisions"}],"wp:featuredmedia":[{"embeddable":true,"href":"https:\/\/www.europesays.com\/es\/wp-json\/wp\/v2\/media\/215274"}],"wp:attachment":[{"href":"https:\/\/www.europesays.com\/es\/wp-json\/wp\/v2\/media?parent=215273"}],"wp:term":[{"taxonomy":"category","embeddable":true,"href":"https:\/\/www.europesays.com\/es\/wp-json\/wp\/v2\/categories?post=215273"},{"taxonomy":"post_tag","embeddable":true,"href":"https:\/\/www.europesays.com\/es\/wp-json\/wp\/v2\/tags?post=215273"}],"curies":[{"name":"wp","href":"https:\/\/api.w.org\/{rel}","templated":true}]}}