{"id":215279,"date":"2025-11-02T23:54:10","date_gmt":"2025-11-02T23:54:10","guid":{"rendered":"https:\/\/www.europesays.com\/es\/215279\/"},"modified":"2025-11-02T23:54:10","modified_gmt":"2025-11-02T23:54:10","slug":"el-intimo-secreto-que-adara-molinero-y-sonia-monroy-han-desvelado-en-supervivientes-all-stars","status":"publish","type":"post","link":"https:\/\/www.europesays.com\/es\/215279\/","title":{"rendered":"El \u00edntimo \u00absecreto\u00bb que Adara Molinero y Sonia Monroy han desvelado en Supervivientes All Stars"},"content":{"rendered":"<p data-journey-content=\"true\" data-node-id=\"3\" class=\"css-6wxqfj emevuu60\"><a href=\"https:\/\/diezminutos.es\/supervivientes-television\" target=\"_blank\" data-vars-ga-outbound-link=\"https:\/\/diezminutos.es\/supervivientes-television\" data-vars-ga-ux-element=\"Hyperlink\" data-vars-ga-call-to-action=\"Supervivientes All Stars\" data-node-id=\"3.0\" class=\"body-link css-177bzfx emevuu60\" rel=\"nofollow noopener\">Supervivientes All Stars<\/a> ha celebrado este 2 de noviembre su debate final. Con todos los concursantes reunidos en el plat\u00f3, la noche se prestaba a ajustar cuentas, pero tambi\u00e9n a revelar las conexiones m\u00e1s inesperadas. <a href=\"https:\/\/www.diezminutos.es\/teleprograma\/programas-tv\/a67991585\/sonia-monroy-olvidada-supervivientes-all-stars-me-siento-traicionada\/\" target=\"_blank\" data-vars-ga-outbound-link=\"https:\/\/www.diezminutos.es\/teleprograma\/programas-tv\/a67991585\/sonia-monroy-olvidada-supervivientes-all-stars-me-siento-traicionada\/\" data-vars-ga-ux-element=\"Hyperlink\" data-vars-ga-call-to-action=\"Adara Molinero y Sonia Monroy \" data-node-id=\"3.2\" class=\"body-link css-177bzfx emevuu60\" rel=\"nofollow noopener\">Adara Molinero y Sonia Monroy <\/a>han sido las dos primeras en enfrentarse y sacar de nuevo los trapos sucios que se hab\u00edan abierto en la playa. <strong data-node-id=\"3.4\">El debate ha puesto el broche de oro a la edici\u00f3n m\u00e1s dura del reality. <\/strong><\/p>\n<p data-journey-content=\"true\" data-node-id=\"6\" class=\"css-6wxqfj emevuu60\">Dos de las protagonistas indiscutibles, que han mantenido una relaci\u00f3n llena de altibajos en Honduras, Adara Molinero y <a href=\"https:\/\/www.diezminutos.es\/teleprograma\/programas-tv\/a66130917\/tony-spina-sonia-monroy-bronca-posicionamiento-supervivientes-all-stars\/\" target=\"_blank\" data-vars-ga-outbound-link=\"https:\/\/www.diezminutos.es\/teleprograma\/programas-tv\/a66130917\/tony-spina-sonia-monroy-bronca-posicionamiento-supervivientes-all-stars\/\" data-vars-ga-ux-element=\"Hyperlink\" data-vars-ga-call-to-action=\"Sonia Monroy, han sorprendido a la audiencia\" data-node-id=\"6.1\" class=\"body-link css-177bzfx emevuu60\" rel=\"nofollow noopener\">Sonia Monroy, han sorprendido a la audiencia<\/a> y al resto de sus compa\u00f1eros con la confesi\u00f3n de un momento de extrema intimidad.<\/p>\n<p><img draggable=\"true\" alt=\"adara molinero sonia monroy supervivientes\" title=\"adara molinero sonia monroy supervivientes\" loading=\"lazy\" width=\"2500\" height=\"1407\" decoding=\"async\" data-nimg=\"1\" style=\"color:transparent;width:100%;height:auto;\"   src=\"https:\/\/www.europesays.com\/es\/wp-content\/uploads\/2025\/11\/adaramolinero-soniamonroy-supervivientes-6907d63aad493.jpg\" class=\"css-0 e1g79fud0\"\/><\/p>\n<p>Telecinco<\/p>\n<p>\u00abNos ense\u00f1amos los pezones\u00bb<\/p>\n<p data-journey-content=\"true\" data-node-id=\"10\" class=\"css-6wxqfj emevuu60\">La revelaci\u00f3n llegaba de la mano de Sonia Monroy, quien no dud\u00f3 en exponer un detalle hasta ahora desconocido de su convivencia con la ganadora de GH VIP. <strong data-node-id=\"10.1\">\u00abNos ense\u00f1amos los pezones\u00bb, soltaba la actriz,<\/strong> explicando que este ins\u00f3lito momento surgi\u00f3 \u00aben una conversaci\u00f3n, porque est\u00e1bamos pescando y sali\u00f3\u00bb.<\/p>\n<p data-journey-content=\"true\" data-node-id=\"14\" class=\"css-6wxqfj emevuu60\">Adara Molinero corroboraba las palabras de su compa\u00f1era, matizando que se trat\u00f3 de un intercambio muy personal: <strong data-node-id=\"14.1\">\u00abFue en una charla profunda\u00bb, asegur\u00f3.<\/strong><\/p>\n<p>Del recelo a la complicidad <\/p>\n<p data-journey-content=\"true\" data-node-id=\"17\" class=\"css-6wxqfj emevuu60\">La confesi\u00f3n sirvi\u00f3 tambi\u00e9n para que <strong data-node-id=\"17.1\">Sonia Monroy compartiera su cambio de perspectiva sobre Adara<\/strong>. La celebrity de Hollywood, que en un inicio se mostr\u00f3 muy cr\u00edtica, reconoci\u00f3 que su opini\u00f3n inicial estaba basada en rumores y no en la realidad.<\/p>\n<p><img draggable=\"true\" alt=\"adara molinero\" title=\"Adara Molinero\" loading=\"lazy\" width=\"3264\" height=\"2448\" decoding=\"async\" data-nimg=\"1\" style=\"color:transparent;width:100%;height:auto;\"   src=\"https:\/\/www.europesays.com\/es\/wp-content\/uploads\/2025\/11\/adara-llora-68f6a8107d570.jpg\" class=\"css-0 e1g79fud0\"\/><\/p>\n<p>Telecinco<\/p>\n<p data-journey-content=\"true\" data-node-id=\"20\" class=\"css-6wxqfj emevuu60\">\u00abYo ven\u00eda de fuera con muy malas referencias de Adara, pero viste que no hago caso porque me gusta conocer a las personas\u00bb, explic\u00f3 Sonia. <strong data-node-id=\"20.1\">Reconoci\u00f3 que \u00abal principio no, pero luego se transform\u00f3\u00bb, refiri\u00e9ndose<\/strong> a su relaci\u00f3n con la reina de los realities, dejando claro que la convivencia extrema las separ\u00f3 en un momento dado a pesar de este \u00edntimo momento. Una ruptura de lazos que ni siquiera Sonia recordaba c\u00f3mo hab\u00eda sido, aunque ya lo recordaba Fani: \u00abTodo iba bien hasta que vimos en la Palapa que no hac\u00edais m\u00e1s que criticarnos\u00bb.<\/p>\n<p><img src=\"https:\/\/www.europesays.com\/es\/wp-content\/uploads\/2025\/11\/1762127650_975_323095e3-d675-4360-ad79-c3a735f161a1_1681830139.file\" alt=\"Headshot of Aroa D\u00edaz\" title=\"Headshot of Aroa D\u00edaz\" width=\"100%\" height=\"100%\" decoding=\"async\" loading=\"lazy\" class=\"css-o0wq4v ev8dhu53\"\/><\/p>\n<p>Aroa D\u00edaz es experta en realities, televisi\u00f3n y actualidad en general. No hay momento del d\u00eda en el que no tenga encendida la televisi\u00f3n conociendo los \u00faltimos desvelos de los famosos, disfrutando de los realities como Supervivientes o de los concursos m\u00e1s rocambolescos. Las \u00faltimas novedades de los famosos del coraz\u00f3n son su perdici\u00f3n y la actualidad de las Casas Reales, su gran pasi\u00f3n. \u00a0\u00a0<\/p>\n<p>En sus ratos libres disfruta de las pel\u00edculas y series de moda, y bucea por los cat\u00e1logos de las plataformas de podcast buscando nuevas entrevistas y charlas de famosos.<\/p>\n<p>Adem\u00e1s, no ha parado de formarse en todos los aspectos convirti\u00e9ndose en una periodista 360: locuci\u00f3n, doblaje, grabaci\u00f3n de v\u00eddeo, periodismo m\u00f3vil, producci\u00f3n de podcast y SEO. Actualmente est\u00e1 form\u00e1ndose en el M\u00e1ster universitario de Periodismo y Comunicaci\u00f3n Digital: Datos y Nuevas Narrativas de la UOC.<\/p>\n<p>Graduada en periodismo por la Universidad Rey Juan Carlos, no ha parado de trabajar desde que obtuvo su t\u00edtulo all\u00e1 por el 2013. Despu\u00e9s de un breve impass en Palma de Mallorca, volvi\u00f3 a Legan\u00e9s donde arranc\u00f3 su experiencia con Legan\u00e9s Activo. En este tiempo he pasado por las redacciones de varios medios recayendo finalmente en Hearst Espa\u00f1a (Telenovela, Qu\u00e9 me dices y Diez Minutos). Tambi\u00e9n tiene experiencia en diferentes radios. \u00a0<\/p>\n","protected":false},"excerpt":{"rendered":"Supervivientes All Stars ha celebrado este 2 de noviembre su debate final. Con todos los concursantes reunidos en&hellip;\n","protected":false},"author":2,"featured_media":215280,"comment_status":"","ping_status":"","sticky":false,"template":"","format":"standard","meta":{"footnotes":""},"categories":[171],"tags":[253,146,147,25,24,23,214],"class_list":{"0":"post-215279","1":"post","2":"type-post","3":"status-publish","4":"format-standard","5":"has-post-thumbnail","7":"category-tv","8":"tag-discover","9":"tag-entertainment","10":"tag-entretenimiento","11":"tag-es","12":"tag-espana","13":"tag-spain","14":"tag-tv"},"share_on_mastodon":{"url":"https:\/\/pubeurope.com\/@es\/115482805450588842","error":""},"_links":{"self":[{"href":"https:\/\/www.europesays.com\/es\/wp-json\/wp\/v2\/posts\/215279","targetHints":{"allow":["GET"]}}],"collection":[{"href":"https:\/\/www.europesays.com\/es\/wp-json\/wp\/v2\/posts"}],"about":[{"href":"https:\/\/www.europesays.com\/es\/wp-json\/wp\/v2\/types\/post"}],"author":[{"embeddable":true,"href":"https:\/\/www.europesays.com\/es\/wp-json\/wp\/v2\/users\/2"}],"replies":[{"embeddable":true,"href":"https:\/\/www.europesays.com\/es\/wp-json\/wp\/v2\/comments?post=215279"}],"version-history":[{"count":0,"href":"https:\/\/www.europesays.com\/es\/wp-json\/wp\/v2\/posts\/215279\/revisions"}],"wp:featuredmedia":[{"embeddable":true,"href":"https:\/\/www.europesays.com\/es\/wp-json\/wp\/v2\/media\/215280"}],"wp:attachment":[{"href":"https:\/\/www.europesays.com\/es\/wp-json\/wp\/v2\/media?parent=215279"}],"wp:term":[{"taxonomy":"category","embeddable":true,"href":"https:\/\/www.europesays.com\/es\/wp-json\/wp\/v2\/categories?post=215279"},{"taxonomy":"post_tag","embeddable":true,"href":"https:\/\/www.europesays.com\/es\/wp-json\/wp\/v2\/tags?post=215279"}],"curies":[{"name":"wp","href":"https:\/\/api.w.org\/{rel}","templated":true}]}}