{"id":215298,"date":"2025-11-03T00:04:10","date_gmt":"2025-11-03T00:04:10","guid":{"rendered":"https:\/\/www.europesays.com\/es\/215298\/"},"modified":"2025-11-03T00:04:10","modified_gmt":"2025-11-03T00:04:10","slug":"el-1x1-del-deportivo-en-el-triunfo-ante-el-zaragoza","status":"publish","type":"post","link":"https:\/\/www.europesays.com\/es\/215298\/","title":{"rendered":"El \u00ab1&#215;1\u00bb del Deportivo en el triunfo ante el Zaragoza"},"content":{"rendered":"<p>\t\t\t\t\t\tYeremay destac\u00f3 como el mejor en un partido en el que Soriano, Mella, Loureiro y Germ\u00e1n Parre\u00f1o tambi\u00e9n alcanzaron el notable<br \/>\n\t\t\t\t\t\t\t\t\t\t\t\t<strong>02 nov 2025<\/strong> . Actualizado a las 23:02 h.\t\t\t\t\t\t<\/p>\n<p>\t\t\t\t\t\t\t\t\t\t\t\t\t\t\t\t\t\t\tEl mejor |\u00a0Yeremay | 8<\/p>\n<p class=\"txt\">Volvi\u00f3 y lo hizo a la carrera. Se hinch\u00f3 a regatear y puso la guinda con una gran incursi\u00f3n y un taconazo para asistir en el 0-2.<\/p>\n<p>\t\t\t\t           \t\t\t\t\t\t\t\t\t\t\t\t\t\t\t\t\t\t\t\t\tGerm\u00e1n Parre\u00f1o | 7<\/p>\n<p class=\"txt\">Le sac\u00f3 un mano a mano a Toni Moya antes de la media hora de encuentro. Notable, de nuevo.<\/p>\n<p>\t\t\t\t\t\t \t\t\t\t\t\t\t\t\t\t\t\t\t\t\t\t\t\t\t\t\t\t\tLucas Noubi | 6<\/p>\n<p class=\"txt\">Dej\u00f3 alg\u00fan buen env\u00edo en largo y otra exhibici\u00f3n de potencia que no acompa\u00f1a con la precisi\u00f3n necesaria.<\/p>\n<p>\t\t\t\t           \t\t\t\t\t\t\t\t\t\t\t\t\t\t\t\t\t\t\t\t\tMiguel Loureiro | 7<\/p>\n<p class=\"txt\">Jug\u00f3 en la izquierda de la zaga y all\u00ed tambi\u00e9n cumpli\u00f3 con creces.<\/p>\n<p>Arnau Comas | 6<\/p>\n<p class=\"txt\">Le gan\u00f3 la partida a Dani Barcia en el once coru\u00f1\u00e9s. Cumpli\u00f3 en el centro de la l\u00ednea de tres centrales.<\/p>\n<p>\t\t\t\t\t\t \t\t\t\t\t\t\t\t\t\t\t\t\t\t\t\t\t\t\t\t\t\t\tGiacomo Quagliata | 6<\/p>\n<p class=\"txt\">Muy activo. Se hart\u00f3 a poner centros, tanto a bal\u00f3n parado como en jugada. Sin embargo, apenas acert\u00f3 en sus env\u00edos.<\/p>\n<p>\t\t\t\t           \t\t\t\t\t\t\t\t\t\t\t\t\t\t\t\t\t\t\t\t\tJos\u00e9 Gragera | 6<\/p>\n<p class=\"txt\">Busc\u00f3 Hidalgo ganar en solidez volviendo a apostar por el ex del Espanyol y este trabaj\u00f3 para devolver esa confianza.<\/p>\n<p>\t\t\t\t\t\t \t\t\t\t\t\t\t\t\t\t\t\t\t\t\t\t\t\t\t\t\t\t\tDiego Villares | 6<\/p>\n<p class=\"txt\">Dej\u00f3 un par de acciones con su sello personal, recuperando alto. Aport\u00f3 la entrega de siempre.<\/p>\n<p>David Mella | 7<\/p>\n<p class=\"txt\">Veloz y aplicad\u00edsimo en labores defensivas, siempre pendiente de las ayudas a Noubi con Valery. Puso el broche del gol.<\/p>\n<p>\t\t\t\t           \t\t\t\t\t\t\t\t\t\t\t\t\t\t\t\t\t\t\t\t\tMario Soriano | 8<\/p>\n<p class=\"txt\">Fue su gol, producto de un espectacular lanzamiento desde la frontal, el que rompi\u00f3 el partido en el Ibercaja. A un nivel alt\u00edsimo.<\/p>\n<p>\t\t\t\t\t\t \t\t\t\t\t\t\t\t\t\t\t\t\t\t\t\t\t\t\t\t\t\t\tZakaria Eddahchouri | 5<\/p>\n<p class=\"txt\">La baja de Mulattieri le permiti\u00f3 repetir en el once tras la Copa. Pas\u00f3 mucho tiempo lejos del \u00e1rea y no estuvo fino.<\/p>\n<p>\t\t\t\t           \t\t\t\t\t\t\t\t\t\t\t\t\t\t\t\t\t\t\t\t\tStoichkov | 5<\/p>\n<p class=\"txt\">Compareci\u00f3 por Zaka para conformar un frente de ataque muy m\u00f3vil. Le falt\u00f3 aparecer m\u00e1s.<\/p>\n<p>Dani Barcia | 5<\/p>\n<p class=\"txt\">Perdi\u00f3 su plaza entre los titulares y sali\u00f3 al final para amarrar la victoria.<\/p>\n<p>\t\t\t\t\t\t \t\t\t\t\t\t\t\t\t\t\t\t\t\t\t\t\t\t\t\t\t\t\tLuismi Cruz | 5<\/p>\n<p class=\"txt\">Tuvo minutos en lugar de Soriano, aunque no los suficientes para marcar diferencias.<\/p>\n<p>Cristian Herrera | &#8211;<\/p>\n<p class=\"txt\">Fue el \u00faltimo elegido por Hidalgo, supliendo a un aclamado Yeremay casi en el descuento.<\/p>\n<p>&#13;<br \/>\n\tArchivado en:&#13;<br \/>\n\t\t\t\t\t<a href=\"https:\/\/www.lavozdegalicia.es\/temas\/deportivo\/\" target=\"_blank\" class=\"mg-l\" rel=\"nofollow noopener\">Deportivo<\/a>&#13;<br \/>\n\t&#13;<\/p>\n","protected":false},"excerpt":{"rendered":"Yeremay destac\u00f3 como el mejor en un partido en el que Soriano, Mella, Loureiro y Germ\u00e1n Parre\u00f1o tambi\u00e9n&hellip;\n","protected":false},"author":2,"featured_media":215299,"comment_status":"","ping_status":"","sticky":false,"template":"","format":"standard","meta":{"footnotes":""},"categories":[5],"tags":[17,18,412,25,24,13,14,11,19,20,9,10,15,16,23,12,21,22],"class_list":{"0":"post-215298","1":"post","2":"type-post","3":"status-publish","4":"format-standard","5":"has-post-thumbnail","7":"category-titulares","8":"tag-breaking-news","9":"tag-breakingnews","10":"tag-deportivo","11":"tag-es","12":"tag-espana","13":"tag-featured-news","14":"tag-featurednews","15":"tag-headlines","16":"tag-latest-news","17":"tag-latestnews","18":"tag-news","19":"tag-noticias","20":"tag-noticias-destacadas","21":"tag-noticiasdestacadas","22":"tag-spain","23":"tag-titulares","24":"tag-ultimas-noticias","25":"tag-ultimasnoticias"},"share_on_mastodon":{"url":"https:\/\/pubeurope.com\/@es\/115482844385616138","error":""},"_links":{"self":[{"href":"https:\/\/www.europesays.com\/es\/wp-json\/wp\/v2\/posts\/215298","targetHints":{"allow":["GET"]}}],"collection":[{"href":"https:\/\/www.europesays.com\/es\/wp-json\/wp\/v2\/posts"}],"about":[{"href":"https:\/\/www.europesays.com\/es\/wp-json\/wp\/v2\/types\/post"}],"author":[{"embeddable":true,"href":"https:\/\/www.europesays.com\/es\/wp-json\/wp\/v2\/users\/2"}],"replies":[{"embeddable":true,"href":"https:\/\/www.europesays.com\/es\/wp-json\/wp\/v2\/comments?post=215298"}],"version-history":[{"count":0,"href":"https:\/\/www.europesays.com\/es\/wp-json\/wp\/v2\/posts\/215298\/revisions"}],"wp:featuredmedia":[{"embeddable":true,"href":"https:\/\/www.europesays.com\/es\/wp-json\/wp\/v2\/media\/215299"}],"wp:attachment":[{"href":"https:\/\/www.europesays.com\/es\/wp-json\/wp\/v2\/media?parent=215298"}],"wp:term":[{"taxonomy":"category","embeddable":true,"href":"https:\/\/www.europesays.com\/es\/wp-json\/wp\/v2\/categories?post=215298"},{"taxonomy":"post_tag","embeddable":true,"href":"https:\/\/www.europesays.com\/es\/wp-json\/wp\/v2\/tags?post=215298"}],"curies":[{"name":"wp","href":"https:\/\/api.w.org\/{rel}","templated":true}]}}