{"id":21532,"date":"2025-08-02T22:39:12","date_gmt":"2025-08-02T22:39:12","guid":{"rendered":"https:\/\/www.europesays.com\/es\/21532\/"},"modified":"2025-08-02T22:39:12","modified_gmt":"2025-08-02T22:39:12","slug":"la-autopsia-a-hulk-hogan-saca-a-la-luz-un-problema-de-salud-desconocido-del-exluchador","status":"publish","type":"post","link":"https:\/\/www.europesays.com\/es\/21532\/","title":{"rendered":"La autopsia a Hulk Hogan saca a la luz un problema de salud desconocido del exluchador"},"content":{"rendered":"<p><a class=\"v-mdl-ath__fig-a\" href=\"https:\/\/www.lasprovincias.es\/autor\/marta-palacios-483.html\" title=\"Marta Palacios\" rel=\"nofollow noopener\" target=\"_blank\"><br \/>\n<img decoding=\"async\" class=\"v-mdl-ath__img\" src=\"https:\/\/www.europesays.com\/es\/wp-content\/uploads\/2025\/07\/autor-483-foto-2.jpeg\" alt=\"Marta Palacios\"\/><br \/>\n<\/a><\/p>\n<p class=\"v-mdl-ath__p v-mdl-ath__p--6\">\nS\u00e1bado, 2 de agosto 2025, 12:53<\/p>\n<p>| Actualizado 15:07h.<\/p>\n<p class=\"v-p\">La autopsia realizada a la leyenda de la lucha libre, Hulk Hogan, que <a href=\"https:\/\/www.lasprovincias.es\/deportes\/mas-deportes\/muere-hulk-hogan-leyenda-pressing-catch-anos-20250724182750-ntrc.html\" title=\"www.lasprovincias.es\" data-voc-vtm-id=\"in-text-traffic\" data-mrf-link=\"www.lasprovincias.es\" rel=\"nofollow noopener\" target=\"_blank\">falleci\u00f3 el pasado 24 de julio a los 71 a\u00f1os<\/a> en su hogar de Clearwater, Florida, ha sacado a la luz detalles, hasta ahora desconocidos, de la causa de la muerte del este icono, uno de los m\u00e1s grandes de la WWE.<\/p>\n<p class=\"v-p\">Seg\u00fan los datos del informe forense que ha publicado en exclusiva el medio estadounidense &#8216;Page Six&#8217;, la causa oficial de la muerte de Hogan fue un infarto agudo de miocardio, provocado por \u00abantecedentes de fibrilaci\u00f3n auricular y leucemia linfoc\u00edtica cr\u00f3nica\u00bb. <\/p>\n<p class=\"v-p\">El informe ha desvelado que el icono de la World Wrestling Entertainment (WWE) padec\u00eda leucemia, un tipo de c\u00e1ncer que afecta a los gl\u00f3bulos blancos. Este dato era hasta ahora desconocido por el p\u00fablico en general y no est\u00e1 claro si \u00e9l mismo era consciente del diagn\u00f3stico. Tampoco se conoce si Hulk Hogan sab\u00eda de su fibrilaci\u00f3n auricular.<\/p>\n<p class=\"v-p\">Los servicios de emergencia acudieron a la casa de Hogan tras recibir una llamada por un posible paro card\u00edaco. Los m\u00e9dicos intentaron reanimarlo durante 30 minutos antes de trasladarlo a un hospital local, donde fue declarado difunto menos de 90 minutos despu\u00e9s de que llegaran a su vivienda. <\/p>\n<p><img decoding=\"async\" loading=\"lazy\" src=\"https:\/\/www.europesays.com\/es\/wp-content\/uploads\/2025\/08\/hulk-reuters-kCKF-U2302544071945wsB-650x455@Las Provincias.jpg\" class=\"v-a-img\" width=\"650\" height=\"455\" alt=\"Fans dejan mensajes sobre una camiseta de Hulk Hogan.\" data-voc-vtm-id=\"in-text-traffic\"\/><\/p>\n<p>Fans dejan mensajes sobre una camiseta de Hulk Hogan.<\/p>\n<p>Reuters<\/p>\n<p><img loading=\"lazy\" decoding=\"async\" src=\"https:\/\/www.europesays.com\/es\/wp-content\/uploads\/2025\/08\/hulk-reuters-kCKF-U23025440719459PH-1920x1344@Las Provincias.jpg\" class=\"v-mdl__img-z\" width=\"1920\" height=\"1344\" alt=\"\"\/><\/p>\n<p class=\"v-p\">En septiembre de 2024, Hogan hab\u00eda revelado en el podcast Impaulsive de Logan Paul que hab\u00eda tenido alrededor de 25 cirug\u00edas en los \u00faltimos diez a\u00f1os, de las cuales diez fueron cirug\u00edas de espalda, adem\u00e1s de haber tenido ambas rodillas, caderas y hombros reemplazados.<\/p>\n<p class=\"v-p\">Los forenses han declarado su muerte como natural y ha sido un portavoz de la oficina del m\u00e9dico forense quien le ha indicado al medio &#8216;Page Six&#8217;: \u00abNo s\u00e9 cu\u00e1ndo ser\u00e1 incinerado el Sr. Bollea [el nombre real de Hulk Hogan era Terry Bollea], solo recibimos una solicitud de aprobaci\u00f3n para la cremaci\u00f3n\u00bb.<\/p>\n<p>Comenta<\/p>\n<p>Reporta un error<\/p>\n","protected":false},"excerpt":{"rendered":"S\u00e1bado, 2 de agosto 2025, 12:53 | Actualizado 15:07h. La autopsia realizada a la leyenda de la lucha&hellip;\n","protected":false},"author":2,"featured_media":21533,"comment_status":"","ping_status":"","sticky":false,"template":"","format":"standard","meta":{"footnotes":""},"categories":[91],"tags":[12752,9867,4083,146,147,25,24,5376,2396,2395,9632,166,23],"class_list":{"0":"post-21532","1":"post","2":"type-post","3":"status-publish","4":"format-standard","5":"has-post-thumbnail","7":"category-entretenimiento","8":"tag-autopsia","9":"tag-desconocido","10":"tag-desvela","11":"tag-entertainment","12":"tag-entretenimiento","13":"tag-es","14":"tag-espana","15":"tag-exluchador","16":"tag-hogan","17":"tag-hulk","18":"tag-problema","19":"tag-salud","20":"tag-spain"},"share_on_mastodon":{"url":"","error":""},"_links":{"self":[{"href":"https:\/\/www.europesays.com\/es\/wp-json\/wp\/v2\/posts\/21532","targetHints":{"allow":["GET"]}}],"collection":[{"href":"https:\/\/www.europesays.com\/es\/wp-json\/wp\/v2\/posts"}],"about":[{"href":"https:\/\/www.europesays.com\/es\/wp-json\/wp\/v2\/types\/post"}],"author":[{"embeddable":true,"href":"https:\/\/www.europesays.com\/es\/wp-json\/wp\/v2\/users\/2"}],"replies":[{"embeddable":true,"href":"https:\/\/www.europesays.com\/es\/wp-json\/wp\/v2\/comments?post=21532"}],"version-history":[{"count":0,"href":"https:\/\/www.europesays.com\/es\/wp-json\/wp\/v2\/posts\/21532\/revisions"}],"wp:featuredmedia":[{"embeddable":true,"href":"https:\/\/www.europesays.com\/es\/wp-json\/wp\/v2\/media\/21533"}],"wp:attachment":[{"href":"https:\/\/www.europesays.com\/es\/wp-json\/wp\/v2\/media?parent=21532"}],"wp:term":[{"taxonomy":"category","embeddable":true,"href":"https:\/\/www.europesays.com\/es\/wp-json\/wp\/v2\/categories?post=21532"},{"taxonomy":"post_tag","embeddable":true,"href":"https:\/\/www.europesays.com\/es\/wp-json\/wp\/v2\/tags?post=21532"}],"curies":[{"name":"wp","href":"https:\/\/api.w.org\/{rel}","templated":true}]}}