{"id":21534,"date":"2025-08-02T22:42:08","date_gmt":"2025-08-02T22:42:08","guid":{"rendered":"https:\/\/www.europesays.com\/es\/21534\/"},"modified":"2025-08-02T22:42:08","modified_gmt":"2025-08-02T22:42:08","slug":"un-medico-espanol-tras-volver-de-gaza-relata-su-alivio-por-dejar-de-ver-ninos-mutilados-y-hambre","status":"publish","type":"post","link":"https:\/\/www.europesays.com\/es\/21534\/","title":{"rendered":"Un m\u00e9dico espa\u00f1ol, tras volver de Gaza, relata su alivio por dejar de ver ni\u00f1os mutilados y hambre"},"content":{"rendered":"<p class=\"c-paragraph\">El m\u00e9dico anestesista y de urgencias Ra\u00fal Incertis, que volvi\u00f3 hace dos d\u00edas de <a href=\"https:\/\/www.20minutos.es\/tags\/lugares\/gaza.html\" title=\"Noticias de Gaza\" rel=\"nofollow noopener\" target=\"_blank\">Gaza<\/a>, donde pas\u00f3 dos meses, ha descrito la zona como un lugar <b>\u00abarrasado por una bomba at\u00f3mica<\/b>\u00bb y reconoce que el regreso a Valencia le genera \u00ab<b>sensaci\u00f3n de alivio<\/b>, porque no hay ni\u00f1os mutilados ni bombardeos ni hambre\u00bb, aunque tambi\u00e9n de \u00abpena\u00bb por los amigos y compa\u00f1eros que ha dejado en la Franja.<\/p>\n<p>\u00abEs como una prisi\u00f3n horrible\u00bb<\/p>\n<p class=\"c-paragraph\">Incertis (que trabaja en el hospital de Requena) asegura, en una entrevista con EFE, que ha vuelto a Val\u00e8ncia, tener \u00abuna sensaci\u00f3n de liberaci\u00f3n porque estar ah\u00ed dentro (Gaza) es como estar en una <b>prisi\u00f3n horrible<\/b>\u00ab. El m\u00e9dico viaj\u00f3 por primera vez a Gaza el dos de octubre de 2023, cinco d\u00edas <b>antes de que empezara la guerra<\/b> entre Israel y Palestina, y, seg\u00fan cuenta, \u00abahora Gaza est\u00e1 <b>totalmente arrasada<\/b>. Salvo una peque\u00f1a porci\u00f3n en el centro de la Franja, el resto es como si hubiera ca\u00eddo una bomba at\u00f3mica\u00bb.<\/p>\n<p class=\"c-paragraph\">\u00abLa diferencia es tambi\u00e9n que la primera vez los <b>cooperantes no pudimos trabajar<\/b>; solo huir de las bombas y esta vez he ido a trabajar y me he encontrado con la \u00abrealidad sanitaria\u00bb en el hospital de Nasser, uno de los centros p\u00fablicos que sigue abierto y que, seg\u00fan relata, tiene 270 camas pero atiende a 700 pacientes y una poblaci\u00f3n de un mill\u00f3n de personas. Ha detallado que los pacientes \u00abest\u00e1n por los pasillos, por los suelos. Las camas est\u00e1n en los patios del hospital. Las <b>UCIs est\u00e1n llenas<\/b> y se han tenido que abrir secundarias\u00bb.<\/p>\n<p class=\"c-paragraph\">Seg\u00fan su relato, cada d\u00eda en el hospital, donde pernoctaba junto al resto de m\u00e9dicos extranjeros, se trataba a <b>civiles y a muchos ni\u00f1os mutilados<\/b>, as\u00ed como a menores de 15 o 16 a\u00f1os, atravesados por metralla con perforaciones intestinales y de t\u00f3rax, con fracturas abiertas en el cr\u00e1neo por la metralla, con amputaciones traum\u00e1ticas, quemados y aplastados\u00bb.<\/p>\n<p><b>La trampa de los repartos de comida de la Fundaci\u00f3n Humanitaria de Gaza<\/b><\/p>\n<p class=\"c-paragraph\">Ha recordado que, a partir de junio, empezaron a recibir \u00abmuch\u00edsimos heridos de bala que proven\u00edan de los <b>repartos de comida<\/b> de la Fundaci\u00f3n Humanitaria de Gaza, organizado por Estados Unidos y por Israel, a donde los gazat\u00edes van a recoger comida y se le <a href=\"https:\/\/www.20minutos.es\/internacional\/israel-admite-haber-realizado-disparo-advertencia-muerte-gazaties-hacian-cola-obtener-comida-5732980\/\" title=\"Israel admite haber realizado &quot;disparos de advertencia&quot; en la muerte de 60 gazat\u00edes que hac\u00edan cola para obtener comida\" rel=\"nofollow noopener\" target=\"_blank\">dispara a prop\u00f3sito<\/a>\u00ab.<\/p>\n<p class=\"c-paragraph\">\u00abEs donde m\u00e1s intencionalidad documentamos porque recib\u00edamos pacientes civiles, muchos ni\u00f1os, con disparos de bala en la cabeza, en el t\u00f3rax, en los genitales. Eran disparados con rifles, proyectiles de tanque, morteros y drones\u00bb, ha denunciado.<\/p>\n<p class=\"c-paragraph\">Ha subrayado que era \u00abconstante recibir pacientes mutilados en urgencias y muchas veces eventos de m\u00faltiples v\u00edctimas, sobre todo, desde la <b>apertura de este centro de distribuci\u00f3n <\/b>de comida, que es una <b>trampa<\/b>, una excusa que ha puesto Israel para decir que est\u00e1 repartiendo comida\u00bb. En este sentido, ha lamentado que quien \u00absabe repartir comida en Gaza\u00bb, la ONU, lo tiene \u00abpr\u00e1cticamente prohibido\u00bb.<\/p>\n<p>La ausencia de material sanitario y la desnutrici\u00f3n<\/p>\n<p class=\"c-paragraph\">En los cuatro meses que ha estado en Gaza, el <b>material sanitario<\/b> \u00abno ha aumentado, sino todo lo contrario\u00bb.<\/p>\n<p class=\"c-paragraph\">\u00abLa semana pasada se cancelaron las curas de las heridas a los pacientes de plantas porque no hay compresas ni gasas; fueron destinadas a quir\u00f3fanos y unas pocas a urgencias\u00bb, ha asegurado, mientras comenta que anestesiaban \u00absin fentanilo y con muy poca morfina\u00bb y ten\u00edan que \u00abreutilizar jeringuillas y material que normalmente se tira\u00bb.<\/p>\n<p class=\"c-paragraph\">\u00abTodos los heridos que hemos visto estaban<a href=\"https:\/\/www.20minutos.es\/internacional\/onu-advierte-grave-riesgo-hambruna-gaza-tres-habitantes-pasa-dias-comer_6232595_0.html\" title=\"La ONU advierte del grave riesgo de hambruna en Gaza, donde m\u00e1s de uno de cada tres habitantes pasa d\u00edas sin comer: &quot;Se acaba el tiempo&quot;\" rel=\"nofollow noopener\" target=\"_blank\"><b> desnutridos<\/b><\/a> e incluso mis compa\u00f1eros de trabajo; todos muy por debajo del peso que les corresponder\u00eda\u00bb, ha resaltado, al revelar que ha visto \u00abni\u00f1os de ocho a\u00f1os que parec\u00eda que tuvieran cinco y de cinco que parec\u00edan de tres\u00bb.<\/p>\n<p class=\"c-paragraph\">\u00abSe ha <b>detenido el crecimiento <\/b>de los ni\u00f1os por la falta de comida, lo que trae aparejada una dificultad tremenda para que puedan cerrar sus heridas, porque \u00e9stas necesitan prote\u00ednas y vitaminas y se infectan mucho m\u00e1s frecuentemente. Hay mucha m\u00e1s mortalidad por culpa de infecciones de heridas\u00bb.<\/p>\n<p class=\"c-paragraph\">Tambi\u00e9n ha explicado que las secuelas m\u00e1s importantes son las <b>psicol\u00f3gicas<\/b> tanto en poblaci\u00f3n adulta como en la poblaci\u00f3n infantil\u00bb y ha criticado que ha visto \u00abni\u00f1os que sufren estr\u00e9s postrum\u00e1tico, mutismo, pesadillas, cambios conductuales e incluso depresi\u00f3n\u00bb.<\/p>\n<p><b>Agotado y sin ganas de trabajar<\/b><\/p>\n<p class=\"c-paragraph\">Ha relatado que normalmente<b> recomiendan realizar la labor de cooperaci\u00f3n<\/b> un mes \u00abpara no quemarte\u00bb y \u00e9l ya llevaba cuatro y estaba <b>\u00abagotado\u00bb<\/b>, hab\u00eda perdido mucho peso y \u00abya no ten\u00eda ganas de trabajar\u00bb. \u00abIba aguantando mes tras mes pero mis propios compa\u00f1eros gazat\u00edes me dec\u00edan que si pudieran se ir\u00edan y mis superiores me dijeron que lo mejor ser\u00eda volver y descansar\u00bb.<\/p>\n<p class=\"c-paragraph\">En su opini\u00f3n, para poner fin a la guerra \u00abtienen que<b> intervenir la Uni\u00f3n Europea<\/b>, en particular Alemania pero tambi\u00e9n Francia e Inglaterra, y Estados Unidos, que son \u00abm\u00e1s que c\u00f3mplices, autores de este genocidio\u00bb, ha denunciado mientras detallaba que se cumplen todos los \u00edtem de la ONU para definirlo as\u00ed. \u00abEn el momento que<b> dejen de vender <a href=\"https:\/\/www.20minutos.es\/noticia\/5732273\/0\/paises-grupo-haya-acuerdan-veto-armas-israel-20-septiembre\/\" title=\"Los pa\u00edses del Grupo de La Haya acuerdan el fin del suministro de armas a Israel antes del 20 de septiembre\" rel=\"nofollow noopener\" target=\"_blank\">armas a Israel<\/a><\/b> esto se acaba\u00bb, concluye.<\/p>\n","protected":false},"excerpt":{"rendered":"El m\u00e9dico anestesista y de urgencias Ra\u00fal Incertis, que volvi\u00f3 hace dos d\u00edas de Gaza, donde pas\u00f3 dos&hellip;\n","protected":false},"author":2,"featured_media":21535,"comment_status":"","ping_status":"","sticky":false,"template":"","format":"standard","meta":{"footnotes":""},"categories":[42],"tags":[12754,17,18,13,14,694,11,61,62,63,64,19,20,12753,9,10,15,16,1731,12,21,22,865,65,66,67],"class_list":{"0":"post-21534","1":"post","2":"type-post","3":"status-publish","4":"format-standard","5":"has-post-thumbnail","7":"category-internacional","8":"tag-alivio","9":"tag-breaking-news","10":"tag-breakingnews","11":"tag-featured-news","12":"tag-featurednews","13":"tag-gaza","14":"tag-headlines","15":"tag-internacional","16":"tag-international","17":"tag-international-news","18":"tag-internationalnews","19":"tag-latest-news","20":"tag-latestnews","21":"tag-medico","22":"tag-news","23":"tag-noticias","24":"tag-noticias-destacadas","25":"tag-noticiasdestacadas","26":"tag-relata","27":"tag-titulares","28":"tag-ultimas-noticias","29":"tag-ultimasnoticias","30":"tag-volver","31":"tag-world","32":"tag-world-news","33":"tag-worldnews"},"share_on_mastodon":{"url":"","error":""},"_links":{"self":[{"href":"https:\/\/www.europesays.com\/es\/wp-json\/wp\/v2\/posts\/21534","targetHints":{"allow":["GET"]}}],"collection":[{"href":"https:\/\/www.europesays.com\/es\/wp-json\/wp\/v2\/posts"}],"about":[{"href":"https:\/\/www.europesays.com\/es\/wp-json\/wp\/v2\/types\/post"}],"author":[{"embeddable":true,"href":"https:\/\/www.europesays.com\/es\/wp-json\/wp\/v2\/users\/2"}],"replies":[{"embeddable":true,"href":"https:\/\/www.europesays.com\/es\/wp-json\/wp\/v2\/comments?post=21534"}],"version-history":[{"count":0,"href":"https:\/\/www.europesays.com\/es\/wp-json\/wp\/v2\/posts\/21534\/revisions"}],"wp:featuredmedia":[{"embeddable":true,"href":"https:\/\/www.europesays.com\/es\/wp-json\/wp\/v2\/media\/21535"}],"wp:attachment":[{"href":"https:\/\/www.europesays.com\/es\/wp-json\/wp\/v2\/media?parent=21534"}],"wp:term":[{"taxonomy":"category","embeddable":true,"href":"https:\/\/www.europesays.com\/es\/wp-json\/wp\/v2\/categories?post=21534"},{"taxonomy":"post_tag","embeddable":true,"href":"https:\/\/www.europesays.com\/es\/wp-json\/wp\/v2\/tags?post=21534"}],"curies":[{"name":"wp","href":"https:\/\/api.w.org\/{rel}","templated":true}]}}