{"id":215347,"date":"2025-11-03T00:48:12","date_gmt":"2025-11-03T00:48:12","guid":{"rendered":"https:\/\/www.europesays.com\/es\/215347\/"},"modified":"2025-11-03T00:48:12","modified_gmt":"2025-11-03T00:48:12","slug":"el-estreno-del-nuevo-gran-museo-egipcio-aumenta-la-presion-al-reino-unido-para-que-devuelva-la-piedra-de-rosetta","status":"publish","type":"post","link":"https:\/\/www.europesays.com\/es\/215347\/","title":{"rendered":"El estreno del nuevo Gran Museo Egipcio aumenta la presi\u00f3n al Reino Unido para que devuelva la Piedra de Rosetta"},"content":{"rendered":"<p class=\"c-paragraph\">La apertura este fin de semana del <b>Gran Museo Egipcio<\/b>, en Giza,\u00a0\u00a0ha reavivado la campa\u00f1a para que Reino Unido devuelva uno de los artefactos m\u00e1s importantes de la historia antigua: <b>la Piedra de Rosetta.<\/b><\/p>\n<p class=\"c-paragraph\">La piedra, tallada entre los a\u00f1os 323 a. C. y el 30 a. C., fue la clave para comprender los jerogl\u00edficos egipcios. Ha estado expuesta de manera casi ininterrumpida en el <b>Museo Brit\u00e1nico de Londres<\/b> desde 1802.<\/p>\n<p class=\"c-paragraph\">La Piedra de Rosetta no es el \u00fanico artefacto que Egipto exige que sea devuelto para ser expuesto en el flamante nuevo museo, con capacidad para <b>m\u00e1s de 100.000 objetos.<\/b><\/p>\n<p class=\"c-paragraph\">Otras reliquias ic\u00f3nicas que reclaman los egipt\u00f3logos son el c\u00e9lebre<b> busto de la reina Nefertiti<\/b>, de 3.300 a\u00f1os de antig\u00fcedad y que se encuentra en el Neues Museum de Berl\u00edn, y el Zod\u00edaco de Dendera, un mapa en relieve de piedra del cielo antiguo, conservado en el Museo del Louvre de Par\u00eds.<\/p>\n<p class=\"c-paragraph\">La doctora <b>Monica Hanna<\/b>, decana de la Academia \u00c1rabe de Ciencia y Tecnolog\u00eda, afirma que estos obbjetos fueron \u00abcapturados bajo un pretexto colonialista\u00bb y que deber\u00edan ser repatriados a Egipto porque \u00abel Gran Museo Egipcio transmite este mensaje\u00bb.<\/p>\n<p class=\"c-paragraph\">En declaraciones al programa Today de BBC Radio 4, a\u00f1adi\u00f3: \u00abCon motivo de la inauguraci\u00f3n, Egipto deber\u00eda <b>empezar a solicitar oficialmente la restituci\u00f3n <\/b>y repatriaci\u00f3n de los diferentes objetos saqueados en los siglos XIX y XX\u00bb.<\/p>\n","protected":false},"excerpt":{"rendered":"La apertura este fin de semana del Gran Museo Egipcio, en Giza,\u00a0\u00a0ha reavivado la campa\u00f1a para que Reino&hellip;\n","protected":false},"author":2,"featured_media":215348,"comment_status":"","ping_status":"","sticky":false,"template":"","format":"standard","meta":{"footnotes":""},"categories":[42],"tags":[17,18,15180,1055,13,14,3956,11,61,62,63,64,19,20,470,9,10,15,16,524,12,21,22,65,66,67],"class_list":{"0":"post-215347","1":"post","2":"type-post","3":"status-publish","4":"format-standard","5":"has-post-thumbnail","7":"category-internacional","8":"tag-breaking-news","9":"tag-breakingnews","10":"tag-egipcio","11":"tag-estreno","12":"tag-featured-news","13":"tag-featurednews","14":"tag-gran","15":"tag-headlines","16":"tag-internacional","17":"tag-international","18":"tag-international-news","19":"tag-internationalnews","20":"tag-latest-news","21":"tag-latestnews","22":"tag-museo","23":"tag-news","24":"tag-noticias","25":"tag-noticias-destacadas","26":"tag-noticiasdestacadas","27":"tag-nuevo","28":"tag-titulares","29":"tag-ultimas-noticias","30":"tag-ultimasnoticias","31":"tag-world","32":"tag-world-news","33":"tag-worldnews"},"share_on_mastodon":{"url":"https:\/\/pubeurope.com\/@es\/115483017579586268","error":""},"_links":{"self":[{"href":"https:\/\/www.europesays.com\/es\/wp-json\/wp\/v2\/posts\/215347","targetHints":{"allow":["GET"]}}],"collection":[{"href":"https:\/\/www.europesays.com\/es\/wp-json\/wp\/v2\/posts"}],"about":[{"href":"https:\/\/www.europesays.com\/es\/wp-json\/wp\/v2\/types\/post"}],"author":[{"embeddable":true,"href":"https:\/\/www.europesays.com\/es\/wp-json\/wp\/v2\/users\/2"}],"replies":[{"embeddable":true,"href":"https:\/\/www.europesays.com\/es\/wp-json\/wp\/v2\/comments?post=215347"}],"version-history":[{"count":0,"href":"https:\/\/www.europesays.com\/es\/wp-json\/wp\/v2\/posts\/215347\/revisions"}],"wp:featuredmedia":[{"embeddable":true,"href":"https:\/\/www.europesays.com\/es\/wp-json\/wp\/v2\/media\/215348"}],"wp:attachment":[{"href":"https:\/\/www.europesays.com\/es\/wp-json\/wp\/v2\/media?parent=215347"}],"wp:term":[{"taxonomy":"category","embeddable":true,"href":"https:\/\/www.europesays.com\/es\/wp-json\/wp\/v2\/categories?post=215347"},{"taxonomy":"post_tag","embeddable":true,"href":"https:\/\/www.europesays.com\/es\/wp-json\/wp\/v2\/tags?post=215347"}],"curies":[{"name":"wp","href":"https:\/\/api.w.org\/{rel}","templated":true}]}}