{"id":215349,"date":"2025-11-03T00:49:06","date_gmt":"2025-11-03T00:49:06","guid":{"rendered":"https:\/\/www.europesays.com\/es\/215349\/"},"modified":"2025-11-03T00:49:06","modified_gmt":"2025-11-03T00:49:06","slug":"el-pp-espera-la-salida-de-mazon-tras-el-pulso-con-feijoo-por-su-sucesion-espana","status":"publish","type":"post","link":"https:\/\/www.europesays.com\/es\/215349\/","title":{"rendered":"El PP espera la salida de Maz\u00f3n tras el pulso con Feij\u00f3o por su sucesi\u00f3n | Espa\u00f1a"},"content":{"rendered":"<p class=\"\">El<a href=\"https:\/\/elpais.com\/espana\/2025-11-02\/el-pp-anuncia-que-feijoo-y-mazon-hablaran-este-domingo-al-multiplicarse-la-presion-sobre-la-continuidad-del-president.html\" target=\"_self\" rel=\"nofollow noopener\" title=\"https:\/\/elpais.com\/espana\/2025-11-02\/el-pp-anuncia-que-feijoo-y-mazon-hablaran-este-domingo-al-multiplicarse-la-presion-sobre-la-continuidad-del-president.html\"> presidente de la Generalitat valenciana, Carlos Maz\u00f3n<\/a>, comparecer\u00e1 este lunes p\u00fablicamente tras negociar las condiciones de su salida con el l\u00edder del PP, Alberto N\u00fa\u00f1ez Feij\u00f3o. El PP ha sido incapaz de dar carpetazo al problema a tiempo para que no opaque el comienzo <a href=\"https:\/\/elpais.com\/espana\/2025-11-02\/un-juicio-para-la-historia-como-ha-llegado-el-fiscal-general-del-estado-al-banquillo-de-los-acusados.html\" target=\"_self\" rel=\"nofollow noopener\" title=\"https:\/\/elpais.com\/espana\/2025-11-02\/un-juicio-para-la-historia-como-ha-llegado-el-fiscal-general-del-estado-al-banquillo-de-los-acusados.html\">del juicio al Fiscal General del Estado<\/a> que comienza este lunes y al que G\u00e9nova quer\u00eda dar todo el protagonismo. No ser\u00e1 as\u00ed. Tras el funeral de Estado de la dana el mi\u00e9rcoles pasado arranc\u00f3 una partida de p\u00f3ker entre el bar\u00f3n valenciano y la direcci\u00f3n nacional de Feij\u00f3o que ha alterado los planes. Y a la luz de los focos. El partido se ha sumido en el desconcierto y el enfado a la espera de conocer la soluci\u00f3n que ya, coinciden en el PP, solo podr\u00e1 ser mala. \u201c\u00bfC\u00f3mo hemos llegado hasta aqu\u00ed?\u201c, se preguntan indignados dirigentes de todos los niveles. <\/p>\n<p class=\"\">Feij\u00f3o y Maz\u00f3n hablaron varias veces este domingo. Ser\u00e1 el presidente de la Generalitat quien informe este lunes del resultado de esa negociaci\u00f3n en una comparecencia p\u00fablica, seg\u00fan transmitieron a \u00faltima hora del domingo fuentes tanto de la direcci\u00f3n nacional como del PP de la Comunidad Valenciana, en un escueto comunicado, que no daba m\u00e1s detalles. <\/p>\n<p class=\"\">Maz\u00f3n pas\u00f3 todo el fin de semana<a href=\"https:\/\/elpais.com\/espana\/2025-11-02\/el-pp-anuncia-que-feijoo-y-mazon-hablaran-este-domingo-al-multiplicarse-la-presion-sobre-la-continuidad-del-president.html\" rel=\"nofollow noopener\" title=\"https:\/\/elpais.com\/espana\/2025-11-02\/el-pp-anuncia-que-feijoo-y-mazon-hablaran-este-domingo-al-multiplicarse-la-presion-sobre-la-continuidad-del-president.html\" target=\"_blank\"> deliberando en Alicante, su ciudad<\/a>, junto a su equipo m\u00e1s pr\u00f3ximo, un grupo muy reducido de trabajo, sobre qu\u00e9 hacer en las pr\u00f3ximas horas al frente de la Comunidad de Valenciana. Despu\u00e9s negoci\u00f3 con Feij\u00f3o las condiciones. Seg\u00fan interpretan distintas fuentes del PP, Maz\u00f3n ha acelerado su salida de la Generalitat. Y esto pese a que prefer\u00eda aguantar hasta el final de la legislatura, pero anunciando que no ser\u00eda el pr\u00f3ximo candidato. Su <a href=\"https:\/\/elpais.com\/espana\/2025-11-01\/mazon-descarta-ser-candidato-y-piensa-en-mompo-como-cartel-electoral-del-pp-valenciano.html\" target=\"_self\" rel=\"nofollow noopener\" title=\"https:\/\/elpais.com\/espana\/2025-11-01\/mazon-descarta-ser-candidato-y-piensa-en-mompo-como-cartel-electoral-del-pp-valenciano.html\">intenci\u00f3n era situar como el pr\u00f3ximo cabeza de cartel<\/a> a un hombre de su confianza, el presidente de la Diputaci\u00f3n de Valencia, Vicente Momp\u00f3. <\/p>\n<p class=\"\">La partida de p\u00f3ker con G\u00e9nova empez\u00f3 el viernes. Ese d\u00eda se reunieron en Alicante el secretario general del PPCV, Juanfran P\u00e9rez Llorca, s\u00edndic del partido en Les Corts Valencianes, y los tres presidentes provinciales del partido, a su vez presidentes de las diputaciones provinciales, Vicent Momp\u00f3 (Valencia), Marta Barrachina (Castell\u00f3n) y Toni P\u00e9rez (Alicante), para tratar sobre los pasos que pod\u00edan darse. Todos son dirigentes pr\u00f3ximos a Maz\u00f3n. El presidente de la Generalitat ya hab\u00eda decidido que no repetir\u00eda como candidato, <a href=\"https:\/\/elpais.com\/espana\/2025-11-01\/mazon-descarta-ser-candidato-y-piensa-en-mompo-como-cartel-electoral-del-pp-valenciano.html\" target=\"_self\" rel=\"nofollow noopener\" title=\"https:\/\/elpais.com\/espana\/2025-11-01\/mazon-descarta-ser-candidato-y-piensa-en-mompo-como-cartel-electoral-del-pp-valenciano.html\">como public\u00f3 EL PA\u00cdS, y se trataba de pactar que resist\u00eda de momento<\/a> en el Palau y qui\u00e9n ser\u00eda despu\u00e9s su sucesor. El acuerdo fue que todos apoyaban de forma un\u00e1nime a Momp\u00f3 como figura de consenso y as\u00ed se lo trasladar\u00edan a la direcci\u00f3n nacional del partido. <\/p>\n<p class=\"\">Este movimiento de la c\u00fapula del PP valenciano, que enseguida trascendi\u00f3 a los medios, implicaba dos cosas: que Maz\u00f3n se quedaba hasta 2027, ya que Momp\u00f3 no pod\u00eda sucederle como president porque no es diputado en las Cortes Valencianas; y que el president evitaba que su sucesora fuera la alcaldesa de Valencia, Mar\u00eda Jos\u00e9 Catal\u00e1, la preferida por G\u00e9nova. <\/p>\n<p class=\"\">El bar\u00f3n valenciano quer\u00eda situar a Momp\u00f3 para que \u201cle cuide\u201d, ya que todo su empe\u00f1o es \u201cpreservar el aforamiento\u201d, afirman fuentes populares. \u201cMaz\u00f3n est\u00e1 obsesionado con que la jueza de Catarroja va a por \u00e9l y puede acabar en la c\u00e1rcel\u201d, razona un dirigente al tanto de su estrategia. Como Catal\u00e1 no es af\u00edn al president, con ella al frente no tendr\u00eda garant\u00edas de mantener el aforamiento. <\/p>\n<p class=\"\">El problema es que ese movimiento de la c\u00fapula del PP valenciano se hizo p\u00fablico antes de que G\u00e9nova hubiera dado su visto bueno. Y el l\u00edder del PP se vio obligado a mover ficha ante una insubordinaci\u00f3n de ese calibre. La candidata de G\u00e9nova, adem\u00e1s, siempre ha sido la alcaldesa de Valencia, Mar\u00eda Jos\u00e9 Catal\u00e1, y no Momp\u00f3. <\/p>\n<p class=\"\">G\u00e9nova reaccion\u00f3 anunciando el domingo, por sorpresa, que Feij\u00f3o hablar\u00eda con Maz\u00f3n sobre el futuro de la Comunidad Valenciana, lo que indicaba que el l\u00edder tomaba las riendas de la crisis. <\/p>\n<p class=\"\">Maz\u00f3n anunciar\u00e1 este lunes el resultado de un acuerdo con Feij\u00f3o, a juzgar por el hecho de que tanto G\u00e9nova como el PP valenciano informaron este domingo que el president explicar\u00eda todo en su comparecencia. Se han manejado distintos escenarios, uno de los cuales consiste en que Maz\u00f3n dimita y el PP trate de investir a un president de transici\u00f3n hasta 2027. En ese caso, los mejor situados son la alcaldesa de Valencia, Mar\u00eda Jos\u00e9 Catal\u00e1, y el secretario general del Partido Popular de la Comunidad Valenciana,<b> <\/b>Juanfran P\u00e9rez Llorca, ambos diputados. Maz\u00f3n y sus afines prefieren a P\u00e9rez Llorca, porque es uno de los suyos. <\/p>\n<p class=\"\">El problema de este camino es que depende de Vox, porque el PP no tiene mayor\u00eda en las Cortes Valencianas. La extrema derecha se est\u00e1 beneficiando del desgaste del PP, as\u00ed que es de prever una negociaci\u00f3n dif\u00edcil con los ultras. Con el condicionante de que, si el candidato a president no resulta elegido en segunda votaci\u00f3n, la regi\u00f3n se ver\u00eda abocada a elecciones auton\u00f3micas dos meses despu\u00e9s de esta sesi\u00f3n de investidura.<\/p>\n<p class=\"\">La segunda posibilidad que ha estado sobre la mesa es que Maz\u00f3n dimita como president y disuelva las Cortes Valencianas para una convocatoria de elecciones anticipadas. Esta f\u00f3rmula dejar\u00eda el camino abierto a la candidatura de Vicente Momp\u00f3, porque no har\u00eda falta que fuera un diputado. <\/p>\n<p class=\"\">La soluci\u00f3n con m\u00e1s coste para Feij\u00f3o ser\u00eda que el presidente valenciano optara la resistencia. Resistir hasta el final de la legislatura, en 2027, pero con el anuncio p\u00fablico de que<a href=\"https:\/\/elpais.com\/espana\/2025-11-01\/un-ano-de-calculo-politico-de-feijoo-con-mazon-ya-es-tarde-para-todo.html\" rel=\"nofollow noopener\" title=\"https:\/\/elpais.com\/espana\/2025-11-01\/un-ano-de-calculo-politico-de-feijoo-con-mazon-ya-es-tarde-para-todo.html\" target=\"_blank\"> ya no ser\u00e1 el candidato para las elecciones de ese a\u00f1o<\/a>. El partido quedar\u00eda en manos de una gestora hasta el pr\u00f3ximo congreso que podr\u00eda elegir a Momp\u00f3 como l\u00edder. <\/p>\n<p class=\"\">El bar\u00f3n valenciano llega sin fuelle y acorralado por el avance de la investigaci\u00f3n judicial y de las informaciones period\u00edsticas. Como public\u00f3 EL PA\u00cdS, en el itinerario de Maz\u00f3n el d\u00eda de la cat\u00e1strofe de la dana permanece una hora oscura, entre las 18.45 y las 19.45, aproximadamente. En ese intervalo de tiempo murieron 80 personas de las 229 que perecieron en las inundaciones, <a href=\"https:\/\/elpais.com\/espana\/2025-10-26\/como-donde-y-a-que-hora-murieron-las-229-victimas-de-la-dana.html\" rel=\"nofollow noopener\" title=\"https:\/\/elpais.com\/espana\/2025-10-26\/como-donde-y-a-que-hora-murieron-las-229-victimas-de-la-dana.html\" target=\"_blank\">seg\u00fan el an\u00e1lisis del sumario elaborado por este peri\u00f3dico<\/a>. <\/p>\n<p class=\"\">Todos los caminos afrontan, adem\u00e1s, las posibles interferencias de Vox y de que el PP valenciano se abra en canal. El expresident Francisco Camps tambi\u00e9n se postula como sucesor. <\/p>\n<p class=\"\">El PP aguarda con expectaci\u00f3n, cabreo y desconcierto el anuncio de Maz\u00f3n, que para muchos llega demasiado tarde. \u201cMenudo sainete de fin de semana\u201d, se queja un dirigente territorial. \u201cEn pol\u00edtica estas cosas se hacen en privado, y cuando tienes la soluci\u00f3n, la comunicas\u201d. \u201cAhora es dif\u00edcil de resolver, sabemos que Maz\u00f3n se va, pero ahora hay que hacerlo bien para no poner en riesgo el Gobierno Valenciano\u201d, apunta un bar\u00f3n, que lamenta que \u201ctodo ha sido muy precipitado\u201d. <\/p>\n<p class=\"\">Los territorios recelan de una posible convocatoria electoral anticipada en la Comunidad Valenciana que pudiera alterar el ciclo electoral del PP, con elecciones en Extremadura (21 de diciembre), Castilla y Le\u00f3n (15 de marzo) y Andaluc\u00eda (junio). \u201c\u00bfOsea que pasamos de ir a ganar las elecciones en esos tres lugares, a perder por el camino la Comunidad Valenciana?\u201c, se pregunta con enfado un dirigente. <\/p>\n","protected":false},"excerpt":{"rendered":"El presidente de la Generalitat valenciana, Carlos Maz\u00f3n, comparecer\u00e1 este lunes p\u00fablicamente tras negociar las condiciones de su&hellip;\n","protected":false},"author":2,"featured_media":215350,"comment_status":"","ping_status":"","sticky":false,"template":"","format":"standard","meta":{"footnotes":""},"categories":[8],"tags":[6069,17,18,2007,14663,10831,4374,25,24,13,14,11,5128,4274,19,20,9,10,15,16,956,1699,23,12,21,22],"class_list":{"0":"post-215349","1":"post","2":"type-post","3":"status-publish","4":"format-standard","5":"has-post-thumbnail","7":"category-espana","8":"tag-alberto-nunez-feijoo","9":"tag-breaking-news","10":"tag-breakingnews","11":"tag-carlos-mazon","12":"tag-dimisiones","13":"tag-dimisiones-politicas","14":"tag-elecciones","15":"tag-es","16":"tag-espana","17":"tag-featured-news","18":"tag-featurednews","19":"tag-headlines","20":"tag-inundaciones","21":"tag-inundaciones-dana-octubre-2024","22":"tag-latest-news","23":"tag-latestnews","24":"tag-news","25":"tag-noticias","26":"tag-noticias-destacadas","27":"tag-noticiasdestacadas","28":"tag-pp","29":"tag-psoe","30":"tag-spain","31":"tag-titulares","32":"tag-ultimas-noticias","33":"tag-ultimasnoticias"},"share_on_mastodon":{"url":"https:\/\/pubeurope.com\/@es\/115483021438668949","error":""},"_links":{"self":[{"href":"https:\/\/www.europesays.com\/es\/wp-json\/wp\/v2\/posts\/215349","targetHints":{"allow":["GET"]}}],"collection":[{"href":"https:\/\/www.europesays.com\/es\/wp-json\/wp\/v2\/posts"}],"about":[{"href":"https:\/\/www.europesays.com\/es\/wp-json\/wp\/v2\/types\/post"}],"author":[{"embeddable":true,"href":"https:\/\/www.europesays.com\/es\/wp-json\/wp\/v2\/users\/2"}],"replies":[{"embeddable":true,"href":"https:\/\/www.europesays.com\/es\/wp-json\/wp\/v2\/comments?post=215349"}],"version-history":[{"count":0,"href":"https:\/\/www.europesays.com\/es\/wp-json\/wp\/v2\/posts\/215349\/revisions"}],"wp:featuredmedia":[{"embeddable":true,"href":"https:\/\/www.europesays.com\/es\/wp-json\/wp\/v2\/media\/215350"}],"wp:attachment":[{"href":"https:\/\/www.europesays.com\/es\/wp-json\/wp\/v2\/media?parent=215349"}],"wp:term":[{"taxonomy":"category","embeddable":true,"href":"https:\/\/www.europesays.com\/es\/wp-json\/wp\/v2\/categories?post=215349"},{"taxonomy":"post_tag","embeddable":true,"href":"https:\/\/www.europesays.com\/es\/wp-json\/wp\/v2\/tags?post=215349"}],"curies":[{"name":"wp","href":"https:\/\/api.w.org\/{rel}","templated":true}]}}