{"id":215361,"date":"2025-11-03T01:03:10","date_gmt":"2025-11-03T01:03:10","guid":{"rendered":"https:\/\/www.europesays.com\/es\/215361\/"},"modified":"2025-11-03T01:03:10","modified_gmt":"2025-11-03T01:03:10","slug":"el-invitado-al-reencuentro-de-tony-spina-en-supervivientes-all-stars-que-le-roba-el-protagonismo","status":"publish","type":"post","link":"https:\/\/www.europesays.com\/es\/215361\/","title":{"rendered":"El invitado al reencuentro de Tony Spina en Supervivientes All Stars que le roba el protagonismo"},"content":{"rendered":"<p data-journey-content=\"true\" data-node-id=\"3\" class=\"css-6wxqfj emevuu60\"><a href=\"https:\/\/diezminutos.es\/supervivientes-television\" target=\"_blank\" data-node-id=\"3.0\" class=\"css-177bzfx emevuu60\" rel=\"nofollow noopener\">Supervivientes All Stars<\/a> ha celebrado este 2 de noviembre su debate final. Todos los concursantes se han reencontrado en el plat\u00f3 para cerrar los temas pendientes y reencontrarse con sus familiares. Ya que <a href=\"https:\/\/www.diezminutos.es\/teleprograma\/programas-tv\/a69208371\/laura-madrueno-estilismo-final-de-supervivientes-all-stars-2025\/\" target=\"_blank\" data-vars-ga-outbound-link=\"https:\/\/www.diezminutos.es\/teleprograma\/programas-tv\/a69208371\/laura-madrueno-estilismo-final-de-supervivientes-all-stars-2025\/\" data-vars-ga-ux-element=\"Hyperlink\" data-vars-ga-call-to-action=\"la final se celebr\u00f3 en Honduras,\" data-node-id=\"3.2\" class=\"body-link css-177bzfx emevuu60\" rel=\"nofollow noopener\">la final se celebr\u00f3 en Honduras,<\/a> los finalistas no pudieron <a href=\"https:\/\/www.diezminutos.es\/teleprograma\/programas-tv\/a69208272\/resumen-gala-final-supervivientes-all-stars-2025-honduras\/\" target=\"_blank\" data-vars-ga-outbound-link=\"https:\/\/www.diezminutos.es\/teleprograma\/programas-tv\/a69208272\/resumen-gala-final-supervivientes-all-stars-2025-honduras\/\" data-vars-ga-ux-element=\"Hyperlink\" data-vars-ga-call-to-action=\"tener el reencuentro con sus familiares\" data-node-id=\"3.4\" class=\"body-link css-177bzfx emevuu60\" rel=\"nofollow noopener\">tener el reencuentro con<strong data-node-id=\"3.4.1\"> sus familiares<\/strong><\/a><strong data-node-id=\"3.5\"> -aunque s\u00ed que vieron a uno de ellos en la final- <\/strong>que s\u00ed que han tenido en este domingo.<\/p>\n<p data-journey-content=\"true\" data-node-id=\"6\" class=\"css-6wxqfj emevuu60\">Tony Spina, cuarto finalista, era el primero en llegar a plat\u00f3 y<strong data-node-id=\"6.1\"> lo hac\u00eda siendo recibido por su familia y su mujer, Marta Pe\u00f1ate, <\/strong>que no ha dudado en acudir con una sorpresa para su marido: su perrita Pupi. Ambos protagonizaban un tierno momento que pocas veces se hab\u00eda visto en la llegada de un reality. El italiano abrazaba a la perrita, que llegaba por su propio pie adonde estaba \u00e9l, antes de besar a su mujer. <\/p>\n<p><img draggable=\"true\" alt=\"tony spina perro pupi supervivientes\" title=\"tony spina perro pupi supervivientes \" loading=\"lazy\" width=\"2500\" height=\"1406\" decoding=\"async\" data-nimg=\"1\" style=\"color:transparent;width:100%;height:auto;\"   src=\"https:\/\/www.europesays.com\/es\/wp-content\/uploads\/2025\/11\/tony-spina-perro-pupi-supervivientes-6907ce5de47a7.jpg\" class=\"css-0 e1g79fud0\"\/><\/p>\n<p>Telecinco<\/p>\n<p data-journey-content=\"true\" data-node-id=\"9\" class=\"css-6wxqfj emevuu60\">La peque\u00f1a perrita ha sido la gran alegr\u00eda del concursante, que tambi\u00e9n recib\u00eda a amigos y familiares. La mascota esperaba en los brazos de Marta quien volv\u00eda a dejar en el suelo para que acudiera con su chico. Para hacer la entrevista de Tony, <strong data-node-id=\"9.1\">Marta Pe\u00f1ate tambi\u00e9n se sentaba en la mesa aportando al debate con Sandra Barneda<\/strong>, mientras que la perrita estaba en brazos primero de la colaboradora y despu\u00e9s de los compa\u00f1eros. <\/p>\n<p data-journey-content=\"true\" data-node-id=\"13\" class=\"css-6wxqfj emevuu60\">Incluso durante el debate con Noel, la perrita robaba el protagonismo, sent\u00e1ndose en el regazo de Noel y convirti\u00e9ndose en una interviniente m\u00e1s. <strong data-node-id=\"13.1\">El modelo incluso le preguntaba a Pupy si su due\u00f1o ten\u00eda raz\u00f3n en su discusi\u00f3n,<\/strong> levant\u00e1ndole frente a la c\u00e1mara, algo que generaba la carcajada de todos los presentes. <\/p>\n<p data-journey-content=\"true\" data-node-id=\"15\" class=\"css-6wxqfj emevuu60\">Pero el momento de oro <a href=\"https:\/\/www.diezminutos.es\/teleprograma\/programas-tv\/a69064321\/surrealista-momento-carlos-alba-directo-supervivientes-all-stars-modo-vacaciones\/\" target=\"_blank\" data-vars-ga-outbound-link=\"https:\/\/www.diezminutos.es\/teleprograma\/programas-tv\/a69064321\/surrealista-momento-carlos-alba-directo-supervivientes-all-stars-modo-vacaciones\/\" data-vars-ga-ux-element=\"Hyperlink\" data-vars-ga-call-to-action=\"lleg\u00f3 cuando Carlos Alba\" data-node-id=\"15.1\" class=\"body-link css-177bzfx emevuu60\" rel=\"nofollow noopener\">lleg\u00f3 cuando Carlos Alba<\/a> quiso soltarla para que acudiera con la familia de Tony Spina, pero la perrita no quer\u00eda y recorr\u00eda el plat\u00f3 por detr\u00e1s de los sof\u00e1s. <strong data-node-id=\"15.3\">\u00ab\u00bfD\u00f3nde est\u00e1 mi perrita?\u00bb, preguntaba Marta,<\/strong> hasta que la llamaba y la sosten\u00eda en brazos mientras continuaban con la entrevista.<\/p>\n<p><img src=\"https:\/\/www.europesays.com\/es\/wp-content\/uploads\/2025\/11\/1762131790_372_323095e3-d675-4360-ad79-c3a735f161a1_1681830139.file\" alt=\"Headshot of Aroa D\u00edaz\" title=\"Headshot of Aroa D\u00edaz\" width=\"100%\" height=\"100%\" decoding=\"async\" loading=\"lazy\" class=\"css-o0wq4v ev8dhu53\"\/><\/p>\n<p>Aroa D\u00edaz es experta en realities, televisi\u00f3n y actualidad en general. No hay momento del d\u00eda en el que no tenga encendida la televisi\u00f3n conociendo los \u00faltimos desvelos de los famosos, disfrutando de los realities como Supervivientes o de los concursos m\u00e1s rocambolescos. Las \u00faltimas novedades de los famosos del coraz\u00f3n son su perdici\u00f3n y la actualidad de las Casas Reales, su gran pasi\u00f3n. \u00a0\u00a0<\/p>\n<p>En sus ratos libres disfruta de las pel\u00edculas y series de moda, y bucea por los cat\u00e1logos de las plataformas de podcast buscando nuevas entrevistas y charlas de famosos.<\/p>\n<p>Adem\u00e1s, no ha parado de formarse en todos los aspectos convirti\u00e9ndose en una periodista 360: locuci\u00f3n, doblaje, grabaci\u00f3n de v\u00eddeo, periodismo m\u00f3vil, producci\u00f3n de podcast y SEO. Actualmente est\u00e1 form\u00e1ndose en el M\u00e1ster universitario de Periodismo y Comunicaci\u00f3n Digital: Datos y Nuevas Narrativas de la UOC.<\/p>\n<p>Graduada en periodismo por la Universidad Rey Juan Carlos, no ha parado de trabajar desde que obtuvo su t\u00edtulo all\u00e1 por el 2013. Despu\u00e9s de un breve impass en Palma de Mallorca, volvi\u00f3 a Legan\u00e9s donde arranc\u00f3 su experiencia con Legan\u00e9s Activo. En este tiempo he pasado por las redacciones de varios medios recayendo finalmente en Hearst Espa\u00f1a (Telenovela, Qu\u00e9 me dices y Diez Minutos). Tambi\u00e9n tiene experiencia en diferentes radios. \u00a0<\/p>\n","protected":false},"excerpt":{"rendered":"Supervivientes All Stars ha celebrado este 2 de noviembre su debate final. Todos los concursantes se han reencontrado&hellip;\n","protected":false},"author":2,"featured_media":215362,"comment_status":"","ping_status":"","sticky":false,"template":"","format":"standard","meta":{"footnotes":""},"categories":[171],"tags":[253,146,147,25,24,23,214],"class_list":{"0":"post-215361","1":"post","2":"type-post","3":"status-publish","4":"format-standard","5":"has-post-thumbnail","7":"category-tv","8":"tag-discover","9":"tag-entertainment","10":"tag-entretenimiento","11":"tag-es","12":"tag-espana","13":"tag-spain","14":"tag-tv"},"share_on_mastodon":{"url":"https:\/\/pubeurope.com\/@es\/115483076809180409","error":""},"_links":{"self":[{"href":"https:\/\/www.europesays.com\/es\/wp-json\/wp\/v2\/posts\/215361","targetHints":{"allow":["GET"]}}],"collection":[{"href":"https:\/\/www.europesays.com\/es\/wp-json\/wp\/v2\/posts"}],"about":[{"href":"https:\/\/www.europesays.com\/es\/wp-json\/wp\/v2\/types\/post"}],"author":[{"embeddable":true,"href":"https:\/\/www.europesays.com\/es\/wp-json\/wp\/v2\/users\/2"}],"replies":[{"embeddable":true,"href":"https:\/\/www.europesays.com\/es\/wp-json\/wp\/v2\/comments?post=215361"}],"version-history":[{"count":0,"href":"https:\/\/www.europesays.com\/es\/wp-json\/wp\/v2\/posts\/215361\/revisions"}],"wp:featuredmedia":[{"embeddable":true,"href":"https:\/\/www.europesays.com\/es\/wp-json\/wp\/v2\/media\/215362"}],"wp:attachment":[{"href":"https:\/\/www.europesays.com\/es\/wp-json\/wp\/v2\/media?parent=215361"}],"wp:term":[{"taxonomy":"category","embeddable":true,"href":"https:\/\/www.europesays.com\/es\/wp-json\/wp\/v2\/categories?post=215361"},{"taxonomy":"post_tag","embeddable":true,"href":"https:\/\/www.europesays.com\/es\/wp-json\/wp\/v2\/tags?post=215361"}],"curies":[{"name":"wp","href":"https:\/\/api.w.org\/{rel}","templated":true}]}}