{"id":215377,"date":"2025-11-03T01:13:20","date_gmt":"2025-11-03T01:13:20","guid":{"rendered":"https:\/\/www.europesays.com\/es\/215377\/"},"modified":"2025-11-03T01:13:20","modified_gmt":"2025-11-03T01:13:20","slug":"la-declaracion-como-testigo-de-maribel-vilaplana-definira-la-situacion-judicial-de-mazon-la-voz-de-galicia","status":"publish","type":"post","link":"https:\/\/www.europesays.com\/es\/215377\/","title":{"rendered":"La declaraci\u00f3n como testigo de Maribel Vilaplana definir\u00e1 la situaci\u00f3n judicial de Maz\u00f3n &#8211; La Voz de Galicia"},"content":{"rendered":"<ol>\n<li><a href=\"https:\/\/news.google.com\/rss\/articles\/CBMi1gFBVV95cUxPZEZhekNjMU9Zb0g1QW4yQ1ZwY3VRcnpzaV8yWW9ZMTBIWHJnRENva1dscXI0YUVRNk0zUWxHa25sNFlKZUE3WnM4RW1TZ0ZsTGx0Z2l2dDBiRmdHeDhmcXNkOGRlXzE1UHJBWDV4NVB0bUJIakNiZEJtVlVGRHlhTlMwVzk3QlN6TmN5aE9mNUJEWWpZVGgyVENZeDVURlZHZXVYQ0dRNFpMMFUyYU5EdC1XTEs2ald2UXY4emJDZEkzeUlpcDNtd0M2OHlpcnBoLWs1cXlR?oc=5\" target=\"_blank\" rel=\"nofollow noopener\">La declaraci\u00f3n como testigo de Maribel Vilaplana definir\u00e1 la situaci\u00f3n judicial de Maz\u00f3n<\/a>&nbsp;&nbsp;La Voz de Galicia<\/li>\n<li><a href=\"https:\/\/news.google.com\/rss\/articles\/CBMijAFBVV95cUxQLUs1cDltakZ4dUl2aG9lX0UwdUlQOFR1Y29qNEFLb0U4MWkyaGVDWEFrVWFuRUFHNHNSbEdpcmVOYks5Y0JZWDVyZ21yRWhzRFFjclVwYTJZVlo2SkJwZW9YRWI1UlVqUFRZc3RSTWFWQTNFVW5ZSFFRTmtmZU9vakR4UUV3ZjBYckF0MNIBjAFBVV95cUxOb3ZKMy1vV1E5UHp3ZXJ0c1VaN0pLdXdtQjRSV1FId242WHpRNTR1RzM1S0hFcDJhNUZsWDBMV2tSclFsSlZMeXdkN1BMU19zMF9waVRHOFl3d1Q1ZllGX1dUNzE3ak5uR08waTVFZ2tvMXM2bGlyOW81Z3Y0N3JJZWpmT2ZKUllZSU9QNg?oc=5\" target=\"_blank\" rel=\"nofollow noopener\">Maribel Vilaplana, la periodista que hoy declara y puede desarbolar a Maz\u00f3n: comida en El Ventorro, llamadas y el ticket del parking<\/a>&nbsp;&nbsp;El Mundo<\/li>\n<li><a href=\"https:\/\/news.google.com\/rss\/articles\/CBMipwFBVV95cUxOYzA2OXNsTGNFNld4OElvZHMyVk9hRllNYjJIbW44U09kWlh5cEZVaDB3bUVTWmhGbm5ELUtQTEM4LUNCc2lQTVc4OUpoclE1SDNIWEJBX1FmYWJUV1Zoc3NxYUlsMjhWLWhuaWVLYkpMVklfOElQZUJGU1VJYUliRWYyRjVrOGVJOUg5VUhnVEJLOF9GTmkwRFJPd3FxdkdnMWswS3FtSdIBrAFBVV95cUxQUERnRExET2V5YmtmcHFxU2ZZUWVuTXdJS2FoTExQNUpqZC1raVdUdGlmQWF2S2p5LU1JZm1rOF8xUW5KcWw3blZKUTBPVVZ1NFplOUg5MTFEcUxpUmNLdHQxMFpyMk1TLVJqWnh1XzlDNmlMdFItUHBTbnJWd0hEYklIWTVySTBQNEJ2ZWdLNlRMMURqMTdZVkRfSUdrcUJvWTdDdzdPT3E5d3NF?oc=5\" target=\"_blank\" rel=\"nofollow noopener\">\u00abHomicida\u00bb: Rufi\u00e1n sentencia a Maz\u00f3n tras la \u00faltima informaci\u00f3n sobre el d\u00eda de la DANA<\/a>&nbsp;&nbsp;Diario P\u00fablico<\/li>\n<li><a href=\"https:\/\/news.google.com\/rss\/articles\/CBMisgFBVV95cUxPS3RfNm5qb0ZPS3VHQ2VHLU1DQWRjWWNYSlJDNldJN3BFZjZRNU1UT1BNOE9ZbmxqYnBRYTdHdTNZbnZCV1lNRElfSkVvSmp4c0x0aElyZGF2dUZCSXJVZk9ZN2JyY19SWXRYSHhMRFRDdURqZXhwTlRnS1BPcVVING5KYk5YSDRuRERpb2hQVU9EUDUwbnVJUW8xUzFmcGxDc09DX1ZONks5czl2dERqcjVn?oc=5\" target=\"_blank\" rel=\"nofollow noopener\">Vilaplana ense\u00f1\u00f3 un video de Utiel inundado a Maz\u00f3n en El Ventorro a las 17:40 horas del 29-O<\/a>&nbsp;&nbsp;Levante-EMV<\/li>\n<li><a href=\"https:\/\/news.google.com\/rss\/articles\/CBMiuwFBVV95cUxOclh4Ukh6WXlhYmxhUmUxNFlINDFPdkc1LW1PdlBkVjIyZFNrWjVlbDJ0QmwzZUVsOVZLVUhic3U5R1JodFRfR181dmxWMTVDTkNTWFItb000WExFQkpnN04yRkdlWW0zMmpnSk5ISXRrLW0xOW1EQkRFdlczbEVZZWpvRkxPR1NpRWkwcDRERkw4aldDWmg4SXJvZzhvRkVic1ZaRUJSUDZoM3Fxa3Nyclg2ZFRQbnRUVnRN?oc=5\" target=\"_blank\" rel=\"nofollow noopener\">La periodista que comi\u00f3 con Maz\u00f3n el d\u00eda de la dana, Maribel Vilaplana, vuelve a su casa tras pasar por el hospital<\/a>&nbsp;&nbsp;ABC<\/li>\n<\/ol>\n","protected":false},"excerpt":{"rendered":"La declaraci\u00f3n como testigo de Maribel Vilaplana definir\u00e1 la situaci\u00f3n judicial de Maz\u00f3n&nbsp;&nbsp;La Voz de Galicia Maribel Vilaplana,&hellip;\n","protected":false},"author":2,"featured_media":215378,"comment_status":"","ping_status":"","sticky":false,"template":"","format":"standard","meta":{"footnotes":""},"categories":[5],"tags":[17,18,39023,25,24,13,14,11,19,20,9,10,15,16,23,12,21,22],"class_list":{"0":"post-215377","1":"post","2":"type-post","3":"status-publish","4":"format-standard","5":"has-post-thumbnail","7":"category-titulares","8":"tag-breaking-news","9":"tag-breakingnews","10":"tag-dana-en-valencia","11":"tag-es","12":"tag-espana","13":"tag-featured-news","14":"tag-featurednews","15":"tag-headlines","16":"tag-latest-news","17":"tag-latestnews","18":"tag-news","19":"tag-noticias","20":"tag-noticias-destacadas","21":"tag-noticiasdestacadas","22":"tag-spain","23":"tag-titulares","24":"tag-ultimas-noticias","25":"tag-ultimasnoticias"},"share_on_mastodon":{"url":"https:\/\/pubeurope.com\/@es\/115483115699240036","error":""},"_links":{"self":[{"href":"https:\/\/www.europesays.com\/es\/wp-json\/wp\/v2\/posts\/215377","targetHints":{"allow":["GET"]}}],"collection":[{"href":"https:\/\/www.europesays.com\/es\/wp-json\/wp\/v2\/posts"}],"about":[{"href":"https:\/\/www.europesays.com\/es\/wp-json\/wp\/v2\/types\/post"}],"author":[{"embeddable":true,"href":"https:\/\/www.europesays.com\/es\/wp-json\/wp\/v2\/users\/2"}],"replies":[{"embeddable":true,"href":"https:\/\/www.europesays.com\/es\/wp-json\/wp\/v2\/comments?post=215377"}],"version-history":[{"count":0,"href":"https:\/\/www.europesays.com\/es\/wp-json\/wp\/v2\/posts\/215377\/revisions"}],"wp:featuredmedia":[{"embeddable":true,"href":"https:\/\/www.europesays.com\/es\/wp-json\/wp\/v2\/media\/215378"}],"wp:attachment":[{"href":"https:\/\/www.europesays.com\/es\/wp-json\/wp\/v2\/media?parent=215377"}],"wp:term":[{"taxonomy":"category","embeddable":true,"href":"https:\/\/www.europesays.com\/es\/wp-json\/wp\/v2\/categories?post=215377"},{"taxonomy":"post_tag","embeddable":true,"href":"https:\/\/www.europesays.com\/es\/wp-json\/wp\/v2\/tags?post=215377"}],"curies":[{"name":"wp","href":"https:\/\/api.w.org\/{rel}","templated":true}]}}