{"id":21538,"date":"2025-08-02T22:44:22","date_gmt":"2025-08-02T22:44:22","guid":{"rendered":"https:\/\/www.europesays.com\/es\/21538\/"},"modified":"2025-08-02T22:44:22","modified_gmt":"2025-08-02T22:44:22","slug":"muere-vicerrector-universidad-barcelona-muere-el-ex-vicerrector-de-la-ub-gaspar-rossello-al-resbalar-y-precipitarse-en-una-cala-en-mallorca","status":"publish","type":"post","link":"https:\/\/www.europesays.com\/es\/21538\/","title":{"rendered":"MUERE VICERRECTOR UNIVERSIDAD BARCELONA | Muere el ex vicerrector de la UB Gaspar Rossell\u00f3 al resbalar y precipitarse en una cala en Mallorca"},"content":{"rendered":"<p class=\"ft-text ft-helper-closenews\"><strong>La tr\u00e1gica muerte de Gaspar Rossell\u00f3<\/strong>, de 75 a\u00f1os, al resbalar en las rocas en Cala Sant Vicen\u00e7 cuando pescaba en compa\u00f1\u00eda de su nieto de 15 a\u00f1os, ha causado una profunda conmoci\u00f3n en su Pollen\u00e7a natal, ya que era una persona muy activa en las tradicionales fiestas de Moros y Cristianos, y en la Universitat de Barcelona, donde desempe\u00f1\u00f3 <strong>diversos cargos de responsabilidad<\/strong>, incluido el <strong>vicerrector<\/strong> hace una d\u00e9cada. Rossell\u00f3 era considerado un \u00abgestor clave\u00bb de este campus catal\u00e1n.<\/p>\n<p class=\"ft-text\">El fatal accidente ha tenido lugar<strong> sobre las nueve de la ma\u00f1ana de este viernes en Cala Sant Vicen\u00e7. <\/strong>Rossell\u00f3 hab\u00eda ido a pescar por la ma\u00f1ana <strong>acompa\u00f1ado por su nieto de 15 a\u00f1os<\/strong>. De repente un resbal\u00f3n le hizo precipitarse hacia las rocas y le caus\u00f3 la muerte. El lugar donde cay\u00f3 era especialmente abrupto, hasta el punto de que efectivos del Grupo de Rescate e Intervenci\u00f3n en Monta\u00f1a (GREIM) de la Guardia Civil se tuvieron que desplazar al lugar para recuperar su cuerpo.<\/p>\n<p class=\"ft-text\">En poco tiempo, la triste noticia de la muerte ha alcanzado al municipio de Pollen\u00e7a y, a continuaci\u00f3n, se ha hecho extensiva al \u00e1mbito universitario en Barcelona<strong>. <\/strong>Si en su pueblo natal era conocido por su bonhom\u00eda y su implicaci\u00f3n en la celebraci\u00f3n de las <strong>fiestas patronales de Moros y Cristianos<\/strong>, en el campus catal\u00e1n gozaba de un prestigio en el que abarcaba los m\u00e1s diversos aspectos<strong>. <\/strong>Con 17 a\u00f1os, Rossell\u00f3 se march\u00f3 de Pollen\u00e7a hacia Barcelona a estudiar la carrera de Ciencias F\u00edsicas. Hombre pac\u00edfico y profundamente conciliador, despu\u00e9s de licenciarse en Ciencias F\u00edsicas en 1973, <strong>se doctor\u00f3 cum laude en F\u00edsica en la UB. <\/strong>Los primeros pasos de su carrera acad\u00e9mica los dio en el \u00e1mbito de la astronom\u00eda y de la astrof\u00edsica. De ah\u00ed pas\u00f3 a convertirse en <strong>profesor titular y miembro activo de la comunidad investigadora<\/strong> del campus en esta disciplina.<\/p>\n<p class=\"ft-text\">Durante varios a\u00f1os particip\u00f3 en proyectos de investigaci\u00f3n financiados por entidades tales como el Centro Argentino de Informaci\u00f3n Cient\u00edfica y Tecnol\u00f3gica, la Comisi\u00f3n Interministerial de Ciencia y Tecnolog\u00eda, la Acci\u00f3n Integrada Hispanofrancesa, la Direcci\u00f3n de General de Investigaci\u00f3n Cient\u00edfica y T\u00e9cnica y la Agencia Espacial Europea (ESA). De hecho lider\u00f3 como investigador la propuesta An\u00e1lisis de 7.296 ocultaciones lunares. Tambi\u00e9n dirigi\u00f3 diversas tesis en los campos de la astronom\u00eda observacional.<\/p>\n<p>Treinta a\u00f1os de gesti\u00f3n<\/p>\n<p class=\"ft-text\">A esto hay que sumar los m\u00e1s de 30 a\u00f1os que jalonan la<strong> dedicaci\u00f3n de Rossell\u00f3 a la gesti\u00f3n universitaria<\/strong>, donde segu\u00eda siendo considerado como<strong> una de las figuras m\u00e1s respetadas y autorizadas.<\/strong> Desde principios de los a\u00f1os 90,<strong> form\u00f3 parte de varios equipos de gobierno de la Universidad de Barcelona. <\/strong>Ocup\u00f3 entonces puestos destacados como director de Asuntos Acad\u00e9micos, vicerrector de Pol\u00edtica Acad\u00e9mica, Estudiantes y Calidad. Tambi\u00e9n fue asesor del rector en el proceso de convergencia europea, que se plasm\u00f3 con la implantaci\u00f3n del pol\u00e9mico &#8216;plan Bolonia&#8217;.<\/p>\n<p class=\"ft-text\">Recientemente, Rossell\u00f3 hab\u00eda sido nombrado<strong> presidente del Ateneo de la Universidad de Barcelona.<\/strong> Este cargo<strong> simboliza el reconocimiento al compromiso de toda una vida dedicada a esta universidad. <\/strong>Su implicaci\u00f3n comprend\u00eda tanto la gesti\u00f3n diaria como la definici\u00f3n de las grandes l\u00edneas estrat\u00e9gicas. <strong>Su paso por este campus contribuy\u00f3 sobremanera a su modernizaci\u00f3n y a la adaptaci\u00f3n a nuevos retos europeos e internacionales.<\/strong> De hecho contribuy\u00f3 en dise\u00f1ar un modelo m\u00e1s aut\u00f3nomo y eficiente sin menoscabo de la calidad.<\/p>\n<p class=\"ft-text\">Durante su larga trayectoria universitaria, recibi\u00f3 numerosas muestras de reconocimiento. Su inesperado fallecimiento ha dejado un<strong> profundo vac\u00edo en la comunidad universitaria. <\/strong>De hecho su huella permanece por su \u00abdedicaci\u00f3n incansable su esp\u00edritu visionario y su calidad humana\u00bb.<\/p>\n<p data-close=\"closedContent\" class=\"subscribeHideForDisplay\">Suscr\u00edbete para seguir leyendo<\/p>\n","protected":false},"excerpt":{"rendered":"La tr\u00e1gica muerte de Gaspar Rossell\u00f3, de 75 a\u00f1os, al resbalar en las rocas en Cala Sant Vicen\u00e7&hellip;\n","protected":false},"author":2,"featured_media":21539,"comment_status":"","ping_status":"","sticky":false,"template":"","format":"standard","meta":{"footnotes":""},"categories":[5],"tags":[210,17,18,12756,25,24,13,14,12755,11,19,20,2457,4920,9,10,15,16,12757,23,257,12,21,22,2845],"class_list":{"0":"post-21538","1":"post","2":"type-post","3":"status-publish","4":"format-standard","5":"has-post-thumbnail","7":"category-titulares","8":"tag-barcelona","9":"tag-breaking-news","10":"tag-breakingnews","11":"tag-conmocion","12":"tag-es","13":"tag-espana","14":"tag-featured-news","15":"tag-featurednews","16":"tag-gaspar-rosello","17":"tag-headlines","18":"tag-latest-news","19":"tag-latestnews","20":"tag-mallorca","21":"tag-muerte","22":"tag-news","23":"tag-noticias","24":"tag-noticias-destacadas","25":"tag-noticiasdestacadas","26":"tag-pollenca","27":"tag-spain","28":"tag-sucesos","29":"tag-titulares","30":"tag-ultimas-noticias","31":"tag-ultimasnoticias","32":"tag-universidad"},"share_on_mastodon":{"url":"","error":""},"_links":{"self":[{"href":"https:\/\/www.europesays.com\/es\/wp-json\/wp\/v2\/posts\/21538","targetHints":{"allow":["GET"]}}],"collection":[{"href":"https:\/\/www.europesays.com\/es\/wp-json\/wp\/v2\/posts"}],"about":[{"href":"https:\/\/www.europesays.com\/es\/wp-json\/wp\/v2\/types\/post"}],"author":[{"embeddable":true,"href":"https:\/\/www.europesays.com\/es\/wp-json\/wp\/v2\/users\/2"}],"replies":[{"embeddable":true,"href":"https:\/\/www.europesays.com\/es\/wp-json\/wp\/v2\/comments?post=21538"}],"version-history":[{"count":0,"href":"https:\/\/www.europesays.com\/es\/wp-json\/wp\/v2\/posts\/21538\/revisions"}],"wp:featuredmedia":[{"embeddable":true,"href":"https:\/\/www.europesays.com\/es\/wp-json\/wp\/v2\/media\/21539"}],"wp:attachment":[{"href":"https:\/\/www.europesays.com\/es\/wp-json\/wp\/v2\/media?parent=21538"}],"wp:term":[{"taxonomy":"category","embeddable":true,"href":"https:\/\/www.europesays.com\/es\/wp-json\/wp\/v2\/categories?post=21538"},{"taxonomy":"post_tag","embeddable":true,"href":"https:\/\/www.europesays.com\/es\/wp-json\/wp\/v2\/tags?post=21538"}],"curies":[{"name":"wp","href":"https:\/\/api.w.org\/{rel}","templated":true}]}}