{"id":215387,"date":"2025-11-03T01:24:15","date_gmt":"2025-11-03T01:24:15","guid":{"rendered":"https:\/\/www.europesays.com\/es\/215387\/"},"modified":"2025-11-03T01:24:15","modified_gmt":"2025-11-03T01:24:15","slug":"la-dolorosa-de-salzillo-de-lorqui-se-muestra-en-las-edades-del-hombre-de-zamora","status":"publish","type":"post","link":"https:\/\/www.europesays.com\/es\/215387\/","title":{"rendered":"La Dolorosa de Salzillo de Lorqu\u00ed se muestra en &#8216;Las Edades del Hombre&#8217; de Zamora"},"content":{"rendered":"<p class=\"v-mdl-ath__p v-mdl-ath__p--6\">\nDomingo, 2 de noviembre 2025, 09:26<\/p>\n<p class=\"v-p\">El el v\u00ednculo que une para siempre al escultor Francisco Salzillo con la ciudad de Murcia es de sobra sabido. Pero menos conocida es la existencia de varias tallas del artista que acoge la parroquia de Santiago Ap\u00f3stol de Lorqu\u00ed. En concreto, una talla de la Virgen Dolorosa que ha abandonado moment\u00e1neamente su hogar murciano para integrarse dentro de la prestigiosa exposici\u00f3n &#8216;Las Edades del Hombre&#8217;, que se celebra en Zamora hasta el mes de abril de 2026 en la catedral de la ciudad, el edificio m\u00e1s representativo de la localidad y uno de los referentes de la arquitectura rom\u00e1nica del pa\u00eds. Esta exposici\u00f3n es uno de los \u00e9xitos m\u00e1s sobresalientes de las \u00faltimas d\u00e9cadas en relaci\u00f3n a la restauraci\u00f3n y difusi\u00f3n del patrimonio en el \u00e1mbito nacional e internacional. <\/p>\n<p class=\"v-p\">\u00abNuestra Dolorosa representar\u00e1 a nuestro municipio y a nuestra regi\u00f3n en una exposici\u00f3n hist\u00f3rica. Es un paso m\u00e1s en el largo recorrido de promoci\u00f3n y puesta en valor de nuestro rico patrimonio. Un hito m\u00e1s que recordar y que pone a Lorqu\u00ed en el mapa a nivel cultural, tur\u00edstico y patrimonial\u00bb, manifest\u00f3 el alcalde, Joaqu\u00edn Hern\u00e1ndez.<\/p>\n<p class=\"v-p\">No ser\u00e1 la \u00fanica escultura de Lorqu\u00ed que forme parte de una muestra externa. La otra talla de Salzillo del municipio, el Nazareno, as\u00ed como una talla de San Jos\u00e9 con el Ni\u00f1o viajar\u00e1n al Museo Nacional de Escultura de Valladolidad dentro de una exhibici\u00f3n sobre el artista murciano, sobre la que se est\u00e1 trabajando en la organizaci\u00f3n y dise\u00f1o. Es el \u00fanico Nazareno que se atribuye a Salzillo, adem\u00e1s de otra imagen que se conserva en Hu\u00e9rcal-Overa.<\/p>\n<p>Reporta un error<\/p>\n","protected":false},"excerpt":{"rendered":"Domingo, 2 de noviembre 2025, 09:26 El el v\u00ednculo que une para siempre al escultor Francisco Salzillo con&hellip;\n","protected":false},"author":2,"featured_media":215388,"comment_status":"","ping_status":"","sticky":false,"template":"","format":"standard","meta":{"footnotes":""},"categories":[173],"tags":[229,233,231,230,232,234,5633,24692,146,147,25,24,366,57869,1156,34981,23,2946],"class_list":{"0":"post-215387","1":"post","2":"type-post","3":"status-publish","4":"format-standard","5":"has-post-thumbnail","7":"category-arte-y-diseno","8":"tag-arte","9":"tag-arte-y-diseno","10":"tag-arts","11":"tag-arts-and-design","12":"tag-design","13":"tag-diseno","14":"tag-dolorosa","15":"tag-edades","16":"tag-entertainment","17":"tag-entretenimiento","18":"tag-es","19":"tag-espana","20":"tag-hombre","21":"tag-lorqui","22":"tag-muestra","23":"tag-salzillo","24":"tag-spain","25":"tag-zamora"},"share_on_mastodon":{"url":"https:\/\/pubeurope.com\/@es\/115483158998483933","error":""},"_links":{"self":[{"href":"https:\/\/www.europesays.com\/es\/wp-json\/wp\/v2\/posts\/215387","targetHints":{"allow":["GET"]}}],"collection":[{"href":"https:\/\/www.europesays.com\/es\/wp-json\/wp\/v2\/posts"}],"about":[{"href":"https:\/\/www.europesays.com\/es\/wp-json\/wp\/v2\/types\/post"}],"author":[{"embeddable":true,"href":"https:\/\/www.europesays.com\/es\/wp-json\/wp\/v2\/users\/2"}],"replies":[{"embeddable":true,"href":"https:\/\/www.europesays.com\/es\/wp-json\/wp\/v2\/comments?post=215387"}],"version-history":[{"count":0,"href":"https:\/\/www.europesays.com\/es\/wp-json\/wp\/v2\/posts\/215387\/revisions"}],"wp:featuredmedia":[{"embeddable":true,"href":"https:\/\/www.europesays.com\/es\/wp-json\/wp\/v2\/media\/215388"}],"wp:attachment":[{"href":"https:\/\/www.europesays.com\/es\/wp-json\/wp\/v2\/media?parent=215387"}],"wp:term":[{"taxonomy":"category","embeddable":true,"href":"https:\/\/www.europesays.com\/es\/wp-json\/wp\/v2\/categories?post=215387"},{"taxonomy":"post_tag","embeddable":true,"href":"https:\/\/www.europesays.com\/es\/wp-json\/wp\/v2\/tags?post=215387"}],"curies":[{"name":"wp","href":"https:\/\/api.w.org\/{rel}","templated":true}]}}