{"id":215391,"date":"2025-11-03T01:27:13","date_gmt":"2025-11-03T01:27:13","guid":{"rendered":"https:\/\/www.europesays.com\/es\/215391\/"},"modified":"2025-11-03T01:27:13","modified_gmt":"2025-11-03T01:27:13","slug":"lady-gaga-se-consolida-como-referente-del-glamour-sus-looks-mas-impactantes","status":"publish","type":"post","link":"https:\/\/www.europesays.com\/es\/215391\/","title":{"rendered":"Lady Gaga se consolida como referente del glamour: sus looks m\u00e1s impactantes"},"content":{"rendered":"<p><img alt=\"Lady Gaga sobre el escenario\" class=\"global-image\" decoding=\"async\" fetchpriority=\"high\" height=\"5500\" loading=\"eager\" src=\"https:\/\/www.europesays.com\/es\/wp-content\/uploads\/2025\/11\/OBRY63UC3BEHVBLT4JBCEILXK4.jpg\" width=\"4000\"\/>Lady Gaga sobre el escenario con un body negro de tirantes finos y transparencias (Francesco Greco)<\/p>\n<p class=\"paragraph\"><a rel=\"noopener noreferrer nofollow\" href=\"https:\/\/www.infobae.com\/tag\/lady-gaga\/\" target=\"_blank\" title=\"https:\/\/www.infobae.com\/tag\/lady-gaga\/\"><b>Lady Gaga<\/b><\/a> volvi\u00f3 a captar la atenci\u00f3n del p\u00fablico durante una reciente presentaci\u00f3n en el marco del<b> Tour Mayhem Ball<\/b>. Su <b>look <\/b>inclu\u00eda un body negro con tirantes delgados, detalles brillantes y transparencias, medias de red oscuras y botas altas de cuero ajustadas, mientras que el maquillaje enfatizaba labios rojos y p\u00f3mulos definidos. <\/p>\n<p class=\"paragraph\">El cabello, corto, oscuro y ondulado, ca\u00eda sobre los hombros, enmarcado por las luces de los tel\u00e9fonos m\u00f3viles y destellos plateados del p\u00fablico. Sin dudas, se trat\u00f3 de una nueva muestra de <b>su impacto en la moda.<\/b><\/p>\n<p class=\"paragraph\">A continuaci\u00f3n, un repaso por<b> sus outfits m\u00e1s ic\u00f3nicos<\/b> que consolidaron su estatus como referente de creatividad y <b>glamour.<\/b><\/p>\n<p><img alt=\"Lady Gaga en escena con\" class=\"global-image\" decoding=\"async\" fetchpriority=\"low\" height=\"2571\" loading=\"lazy\" src=\"https:\/\/www.europesays.com\/es\/wp-content\/uploads\/2025\/11\/SKPJUDGAWREFLB4YOMMTIED5LA.jpg\" width=\"4000\"\/>Lady Gaga en escena con un voluminoso vestido rojo de mangas abullonadas y falda circular amplia (Photo by Kevin Mazur\/WireImage for Live Nation)<\/p>\n<p class=\"paragraph\">En el centro de un entorno esc\u00e9nico teatral, Lady Gaga apareci\u00f3 vestida con un llamativo vestido voluminoso de color rojo. La prenda presentaba un corpi\u00f1o abotonado con mangas abullonadas, acompa\u00f1adas de pliegues y fruncidos que formaban una falda circular de gran amplitud. <\/p>\n<p><img alt=\"Durante los American Music Awards\" class=\"global-image\" decoding=\"async\" fetchpriority=\"low\" height=\"2098\" loading=\"lazy\" src=\"https:\/\/www.europesays.com\/es\/wp-content\/uploads\/2025\/11\/256TMDXVVOE6XVJFRCORXQ42WE.jpg\" width=\"3100\"\/>Durante los American Music Awards 2013, Gaga pos\u00f3 sobre un caballo blanco artificial (REUTERS\/Mario Anzuoni)<\/p>\n<p class=\"paragraph\">En un evento de alfombra roja, durante los <b>American Music Awards <\/b>de 2013, Lady Gaga sorprendi\u00f3 al posar sobre un caballo completamente blanco, una estructura forjada por dos personas vestidas en total blanco y soportada por armazones geom\u00e9tricos que imitaban patas y cabeza. <\/p>\n<p class=\"paragraph\">Para la ocasi\u00f3n, eligi\u00f3 un vestido largo en delicados tonos lavanda y de textura transl\u00facida, cuya pollera envolv\u00eda el lomo del caballo artificial. Llevaba el cabello rubio y liso.<\/p>\n<p><img alt=\"En la 67\u00aa edici\u00f3n de\" class=\"global-image\" decoding=\"async\" fetchpriority=\"low\" height=\"4909\" loading=\"lazy\" src=\"https:\/\/www.europesays.com\/es\/wp-content\/uploads\/2025\/11\/AQ6WCMIYBCDFQTZNJE47S5XH2M.jpg\" width=\"3877\"\/>En la 67\u00aa edici\u00f3n de los Grammy, la artista se present\u00f3 con un vestido negro de gala (REUTERS\/Daniel Cole)<\/p>\n<p class=\"paragraph\">Situada sobre otra alfombra roja, en este caso la de la edici\u00f3n 67 de los <b>Grammy<\/b>, donde luci\u00f3 un vestido largo de color negro, con falda amplia y cors\u00e9 ajustado. El dise\u00f1o inclu\u00eda detalles drapeados y se completaba con un llamativo collar dorado alrededor del cuello. El cabello, liso y negro, terminaba en un flequillo recto y recogido hacia atr\u00e1s, y aportaba sobriedad y sofisticaci\u00f3n a la composici\u00f3n. <\/p>\n<p><img alt=\"En el Festival de Cine\" class=\"global-image\" decoding=\"async\" fetchpriority=\"low\" height=\"2656\" loading=\"lazy\" src=\"https:\/\/www.europesays.com\/es\/wp-content\/uploads\/2025\/11\/73UGLSJR4ADHQY2RXONXVTVSAI.jpg\" width=\"2005\"\/>En el Festival de Cine de Venecia 2024, Lady Gaga desfil\u00f3 con un vestido negro estructurado (REUTERS\/Yara Nardi)<\/p>\n<p class=\"paragraph\">Rodeada por decenas de fot\u00f3grafos y flashes, Gaga desfil\u00f3 en la alfombra roja del<b> Festival de Cine de Venecia <\/b>de 2024 con un vestido negro de falda estructurada y aberturas circulares. El dise\u00f1o inclu\u00eda un pronunciado escote en V y un tocado transl\u00facido de formas curvil\u00edneas y elevadas en tono negro, que enmarcaba su rostro y creaba efecto escult\u00f3rico por encima de su cabeza. <\/p>\n<p><img alt=\"Para la Met Gala 2019,\" class=\"global-image\" decoding=\"async\" fetchpriority=\"low\" height=\"2172\" loading=\"lazy\" src=\"https:\/\/www.europesays.com\/es\/wp-content\/uploads\/2025\/11\/K5DDDL57RGBX6G4KSNYJ3JG52I.jpg\" width=\"3000\"\/>Para la Met Gala 2019, Gaga recorri\u00f3 la alfombra rosa envuelta en un vestido fucsia (Foto por Charles Sykes\/Invision\/AP, Archivo)<\/p>\n<p class=\"paragraph\">Sobre una alfombra de tono rosa, en la Met Gala de 2019 y rodeada de asistentes, Gaga avanz\u00f3 escoltada por personas que sujetaban una extensa capa fucsia, a juego con un vestido voluminoso del mismo color. La prenda presentaba mangas abombadas y un lazo estructurado como tocado.<\/p>\n<p><img alt=\"En la Met Gala 2016,\" class=\"global-image\" decoding=\"async\" fetchpriority=\"low\" height=\"2658\" loading=\"lazy\" src=\"https:\/\/www.europesays.com\/es\/wp-content\/uploads\/2025\/11\/P5LBLDWQIZRPCPL6ZMKKI72FGE.jpg\" width=\"3500\"\/>En la Met Gala 2016, Gaga eligi\u00f3 un body geom\u00e9trico plateado (REUTERS\/Lucas Jackson\/File Photo)<\/p>\n<p class=\"paragraph\">En otra ocasi\u00f3n, durante la Met Gala de 2016, Gaga eligi\u00f3 un body plateado formado por tiras geom\u00e9tricas decoradas con pedrer\u00eda, acompa\u00f1ado de una chaqueta met\u00e1lica con tachuelas y apliques reflectantes. <\/p>\n<p class=\"paragraph\">El look, reforzado por labios rojos y una melena rubia, voluminosa y despeinada, transmit\u00eda una <b>energ\u00eda rebelde<\/b>. Complet\u00f3 el conjunto con medias de red y botas altas.<\/p>\n<p><img alt=\"En los Grammy 2022, Lady\" class=\"global-image\" decoding=\"async\" fetchpriority=\"low\" height=\"5540\" loading=\"lazy\" src=\"https:\/\/www.europesays.com\/es\/wp-content\/uploads\/2025\/11\/6DXKXD5KPDZGWOHVT7JCVZ7H3Y.jpg\" width=\"3786\"\/>En los Grammy 2022, Lady Gaga interpret\u00f3 una balada al piano con un vestido verde agua (REUTERS\/Mario Anzuoni)<\/p>\n<p class=\"paragraph\">En un momento dedicado a la m\u00fasica, en los <b>Grammy de 2022<\/b>, Gaga se present\u00f3 delante de un piano blanco y se puso un vestido verde agua de l\u00edneas asim\u00e9tricas. El dise\u00f1o, de un solo hombro y con pollera de pliegues marcados y abertura central, permit\u00eda que la cantante apoyara el micr\u00f3fono sobre el piano casi a modo de performance visual. <\/p>\n<p><img alt=\"Durante los Oscar 2023, Gaga\" class=\"global-image\" decoding=\"async\" fetchpriority=\"low\" height=\"3000\" loading=\"lazy\" src=\"https:\/\/www.europesays.com\/es\/wp-content\/uploads\/2025\/11\/RJXV5NNGUTYBAK7K5IMXFU42FM.jpg\" width=\"2135\"\/>Durante los Oscar 2023, Gaga opt\u00f3 por un vestido negro acampanado de cors\u00e9 (Foto Jordan Strauss\/Invision\/AP)<\/p>\n<p class=\"paragraph\">Ante el distintivo fondo dorado de los <b>Premios Oscar de 2023<\/b>, Lady Gaga exhibi\u00f3 un vestido negro de silueta acampanada, confeccionado con un cors\u00e9 semitransparente y mangas largas de tul. El dise\u00f1o estaba realzado por costuras que acentuaban los paneles y se completaba con un cintur\u00f3n negro con un peque\u00f1o broche central. El cabello recogido, los labios rojos y un collar de diamantes consolidaban la imagen cl\u00e1sica y distinguida.<\/p>\n<p><img alt=\"En la alfombra roja de\" class=\"global-image\" decoding=\"async\" fetchpriority=\"low\" height=\"3623\" loading=\"lazy\" src=\"https:\/\/www.europesays.com\/es\/wp-content\/uploads\/2025\/11\/MNU7ZUT3NDU7FRBS32KSJPGJKU.jpg\" width=\"2123\"\/>En la alfombra roja de los Grammy 2022, Gaga visti\u00f3 un dise\u00f1o de un solo hombro (REUTERS\/Maria Alejandra Cardona)<\/p>\n<p class=\"paragraph\">Durante su paso por la alfombra roja de los premios Grammy de 2022, Gaga eligi\u00f3 un vestido de un solo hombro, con parte superior negra ajustada al cuerpo y una cola blanca satinada que se extend\u00eda desde la cintura hasta el suelo. La exitosa cantante y actriz termin\u00f3 el estilismo con collar de diamantes, cabello recogido y labial rosa.<\/p>\n","protected":false},"excerpt":{"rendered":"Lady Gaga sobre el escenario con un body negro de tirantes finos y transparencias (Francesco Greco) Lady Gaga&hellip;\n","protected":false},"author":2,"featured_media":215392,"comment_status":"","ping_status":"","sticky":false,"template":"","format":"standard","meta":{"footnotes":""},"categories":[170],"tags":[57870,57871,10114,4425,3334,30465,57872,57873,28949,57874,57875,57876,57877,35865,146,147,25,24,4640,57878,57879,47793,4643,57880,57881,57882,57883,6234,57884,15547,51071,57885,8688,57886,184,185,57887,57888,57889,57890,526,10950,23,57891,57892,3945,57893,316,57894,33413],"class_list":{"0":"post-215391","1":"post","2":"type-post","3":"status-publish","4":"format-standard","5":"has-post-thumbnail","7":"category-musica","8":"tag-19-october-2025","9":"tag-abracadabra","10":"tag-alejandro","11":"tag-american","12":"tag-arena","13":"tag-ariana-grande","14":"tag-backstage","15":"tag-bloody-mary","16":"tag-concert","17":"tag-costumes","18":"tag-dancers","19":"tag-devil-wears-prada","20":"tag-documentary","21":"tag-donatella-versace","22":"tag-entertainment","23":"tag-entretenimiento","24":"tag-es","25":"tag-espana","26":"tag-gaga","27":"tag-gown","28":"tag-haus-labs","29":"tag-italy","30":"tag-lady-gaga","31":"tag-lady-gaga-live-in-milan","32":"tag-lady-gaga-mayhem","33":"tag-lady-gaga-shallow","34":"tag-ladygaga","35":"tag-live","36":"tag-live-show","37":"tag-madonna","38":"tag-mayhem","39":"tag-mayhem-ball","40":"tag-milan","41":"tag-milano","42":"tag-music","43":"tag-musica","44":"tag-opera-haus","45":"tag-poker-face","46":"tag-radio-gaga","47":"tag-shallow","48":"tag-show","49":"tag-singer","50":"tag-spain","51":"tag-stadium","52":"tag-stefani-germanotta","53":"tag-taylor-swift","54":"tag-theatre","55":"tag-tour","56":"tag-unipol-arena","57":"tag-wednesday"},"share_on_mastodon":{"url":"","error":"Validation failed: Text character limit of 500 exceeded"},"_links":{"self":[{"href":"https:\/\/www.europesays.com\/es\/wp-json\/wp\/v2\/posts\/215391","targetHints":{"allow":["GET"]}}],"collection":[{"href":"https:\/\/www.europesays.com\/es\/wp-json\/wp\/v2\/posts"}],"about":[{"href":"https:\/\/www.europesays.com\/es\/wp-json\/wp\/v2\/types\/post"}],"author":[{"embeddable":true,"href":"https:\/\/www.europesays.com\/es\/wp-json\/wp\/v2\/users\/2"}],"replies":[{"embeddable":true,"href":"https:\/\/www.europesays.com\/es\/wp-json\/wp\/v2\/comments?post=215391"}],"version-history":[{"count":0,"href":"https:\/\/www.europesays.com\/es\/wp-json\/wp\/v2\/posts\/215391\/revisions"}],"wp:featuredmedia":[{"embeddable":true,"href":"https:\/\/www.europesays.com\/es\/wp-json\/wp\/v2\/media\/215392"}],"wp:attachment":[{"href":"https:\/\/www.europesays.com\/es\/wp-json\/wp\/v2\/media?parent=215391"}],"wp:term":[{"taxonomy":"category","embeddable":true,"href":"https:\/\/www.europesays.com\/es\/wp-json\/wp\/v2\/categories?post=215391"},{"taxonomy":"post_tag","embeddable":true,"href":"https:\/\/www.europesays.com\/es\/wp-json\/wp\/v2\/tags?post=215391"}],"curies":[{"name":"wp","href":"https:\/\/api.w.org\/{rel}","templated":true}]}}