{"id":215408,"date":"2025-11-03T01:41:19","date_gmt":"2025-11-03T01:41:19","guid":{"rendered":"https:\/\/www.europesays.com\/es\/215408\/"},"modified":"2025-11-03T01:41:19","modified_gmt":"2025-11-03T01:41:19","slug":"mejor-tenis-femenino-o-alcaraz-sinner","status":"publish","type":"post","link":"https:\/\/www.europesays.com\/es\/215408\/","title":{"rendered":"\u00bfMejor tenis femenino o Alcaraz-Sinner?"},"content":{"rendered":"<p class=\"ft-text\"><strong>Coco Gauff<\/strong>, tercera del ranking mundial por detr\u00e1s de la bielorrussa Aryna Sabalenka y la polaca Iga Swiatek, ha desembarcado en Riad (Arabia Saud\u00ed) para defender su t\u00edtulo en las<strong> WTA Finals que arrancan este domingo<\/strong>.<\/p>\n<p class=\"ft-text\">La estadounidense, campeona este curso de Roland Garros, es una de las favoritas a revalidar el t\u00edtulo aunque tendr\u00e1 que enfrentarse a rivales de entidad que han demostrado durante toda la temporada su alto nivel. Comparte el grupo Stefanie Graf con Sabalenka, Jessica Pegula y Jasmine Paolini.<\/p>\n<p class=\"ft-text\">En el grupo Serena Williams se medir\u00e1n<strong> Iga Swiatek, Amanda Anisimova, Elena Rybakina y Madison Keys<\/strong>, para completar un cartel que promete duras batallas con las cuatro ganadoras de los Grand Slam de este 2025: la propia Gauff (Roland Garros), Keys (Australian Open), Anisimova (Wimbledon) y Sabalenka (US Open).<\/p>\n<p class=\"ft-text\">\u00abCreo sinceramente que es genial tener <strong>cuatro campeonas (de Grand Slam) diferentes (este a\u00f1o)\u00bb,<\/strong> explic\u00f3 Coco Gauff en la previa del torneo de maestras. Una situaci\u00f3n que para la tenista estadounidense supone un plus de emoci\u00f3n y competitividad al tenis femenino respecto al masculino.<\/p>\n<p class=\"ft-text\">\u00abSiento que todas las chicas han tenido un a\u00f1o competitivo y creo que hace que el deporte sea m\u00e1s emocionante cuando hay m\u00faltiples posibilidades de que algo suceda<strong>. Aunque Carlos (Alcaraz) y Jannik (Sinner) lo est\u00e1n haciendo genial, se habla de que hace falta una &#8216;tercera persona, <\/strong>solo para hacerlo m\u00e1s interesante, <strong>creo que es mejor tener diferentes campeones que a los mismos dos\u00bb,<\/strong> apunt\u00f3 la n\u00famero 3 del raking.<\/p>\n<p class=\"ft-text\">Consciente de la probable trascendencia de su afirmaci\u00f3n, Gauff matiz\u00f3 que \u00abtampoco quiero restarle importancia a nada: la rivalidad que tienen es fant\u00e1stica y emocionante para el deporte tambi\u00e9n, pero a largo plazo creo que\u00a0<strong>es m\u00e1s emocionante para m\u00ed como aficionado ver las semifinales y los cuartos sin saber qui\u00e9n va a ganar\u00bb.<\/strong><\/p>\n<p class=\"ft-text\">Para terminar sobre el asunto, puso en valor que el hecho de que en el tenis masculino sepas \u00abquien va a ganar\u00bb, solo demuestra \u00ablo geniales que son\u00bb Alcaraz y Sinner.<\/p>\n","protected":false},"excerpt":{"rendered":"Coco Gauff, tercera del ranking mundial por detr\u00e1s de la bielorrussa Aryna Sabalenka y la polaca Iga Swiatek,&hellip;\n","protected":false},"author":2,"featured_media":215409,"comment_status":"","ping_status":"","sticky":false,"template":"","format":"standard","meta":{"footnotes":""},"categories":[274],"tags":[4736,168,25,24,57896,57424,4466,23,167,327,326,3123],"class_list":{"0":"post-215408","1":"post","2":"type-post","3":"status-publish","4":"format-standard","5":"has-post-thumbnail","7":"category-tenis","8":"tag-alcaraz","9":"tag-deportes","10":"tag-es","11":"tag-espana","12":"tag-finals","13":"tag-gauff","14":"tag-sinner","15":"tag-spain","16":"tag-sports","17":"tag-tenis","18":"tag-tennis","19":"tag-wta"},"share_on_mastodon":{"url":"https:\/\/pubeurope.com\/@es\/115483225797917265","error":""},"_links":{"self":[{"href":"https:\/\/www.europesays.com\/es\/wp-json\/wp\/v2\/posts\/215408","targetHints":{"allow":["GET"]}}],"collection":[{"href":"https:\/\/www.europesays.com\/es\/wp-json\/wp\/v2\/posts"}],"about":[{"href":"https:\/\/www.europesays.com\/es\/wp-json\/wp\/v2\/types\/post"}],"author":[{"embeddable":true,"href":"https:\/\/www.europesays.com\/es\/wp-json\/wp\/v2\/users\/2"}],"replies":[{"embeddable":true,"href":"https:\/\/www.europesays.com\/es\/wp-json\/wp\/v2\/comments?post=215408"}],"version-history":[{"count":0,"href":"https:\/\/www.europesays.com\/es\/wp-json\/wp\/v2\/posts\/215408\/revisions"}],"wp:featuredmedia":[{"embeddable":true,"href":"https:\/\/www.europesays.com\/es\/wp-json\/wp\/v2\/media\/215409"}],"wp:attachment":[{"href":"https:\/\/www.europesays.com\/es\/wp-json\/wp\/v2\/media?parent=215408"}],"wp:term":[{"taxonomy":"category","embeddable":true,"href":"https:\/\/www.europesays.com\/es\/wp-json\/wp\/v2\/categories?post=215408"},{"taxonomy":"post_tag","embeddable":true,"href":"https:\/\/www.europesays.com\/es\/wp-json\/wp\/v2\/tags?post=215408"}],"curies":[{"name":"wp","href":"https:\/\/api.w.org\/{rel}","templated":true}]}}