{"id":215456,"date":"2025-11-03T02:17:11","date_gmt":"2025-11-03T02:17:11","guid":{"rendered":"https:\/\/www.europesays.com\/es\/215456\/"},"modified":"2025-11-03T02:17:11","modified_gmt":"2025-11-03T02:17:11","slug":"el-padre-de-lamine-yamal-se-lanza-a-por-la-prensa-del-corazon-y-provoca-un-encontronazo-no-me-toques","status":"publish","type":"post","link":"https:\/\/www.europesays.com\/es\/215456\/","title":{"rendered":"El padre de Lamine Yamal se lanza a por la prensa del coraz\u00f3n y provoca un encontronazo: No me toques"},"content":{"rendered":"<p class=\"ft-text\"><a class=\"ft-link ft-link--decoration\" href=\"https:\/\/www.elperiodico.com\/es\/personajes\/lamine-yamal-1887805\" target=\"_blank\" rel=\"nofollow noopener\"><strong>Lamine Yamal<\/strong><\/a> es la estrella por excelencia del Barcelona y su mudanza ha generado inter\u00e9s entre la prensa. El joven futbolista ha comprado la casa que en su d\u00eda compartieron <strong>Piqu\u00e9<\/strong> y <strong>Shakira<\/strong> y un equipo de<strong> &#8216;\u00a1Vaya Fama!&#8217; <\/strong>se ha desplazado hasta la zona para ver c\u00f3mo avanza la mudanza.<\/p>\n<p class=\"ft-text\">Sin embargo, no fue un reportaje amable, pues la reportera del programa de Telecinco se encontr\u00f3 con el padre de Yamal, que no le gust\u00f3 tener cerca a los periodistas. <strong>\u00abV\u00e1yase un poquito a dar una vuelta\u00bb,<\/strong> pronunci\u00f3 ante las preguntas del programa.<\/p>\n<p class=\"ft-text\">Sin embargo, la reportera de Telecinco ha seguido preguntando y la tensi\u00f3n ha estallado. El padre del futbolista se ha dirigido hacia el equipo de &#8216;\u00a1Vaya Fama!&#8217; y ha tapado la c\u00e1mara: <strong>\u00abPero no me toques, eh&#8230; no me toques\u00bb<\/strong>, se escucha decir a la reportera en ese momento.<\/p>\n","protected":false},"excerpt":{"rendered":"Lamine Yamal es la estrella por excelencia del Barcelona y su mudanza ha generado inter\u00e9s entre la prensa.&hellip;\n","protected":false},"author":2,"featured_media":215457,"comment_status":"","ping_status":"","sticky":false,"template":"","format":"standard","meta":{"footnotes":""},"categories":[91],"tags":[31961,146,147,25,24,11680,8138,39,2330,23,692,14780],"class_list":{"0":"post-215456","1":"post","2":"type-post","3":"status-publish","4":"format-standard","5":"has-post-thumbnail","7":"category-entretenimiento","8":"tag-encontronazo","9":"tag-entertainment","10":"tag-entretenimiento","11":"tag-es","12":"tag-espana","13":"tag-lamine","14":"tag-lamine-yamal","15":"tag-padre","16":"tag-prensa","17":"tag-spain","18":"tag-telecinco","19":"tag-yamal"},"share_on_mastodon":{"url":"https:\/\/pubeurope.com\/@es\/115483367715779319","error":""},"_links":{"self":[{"href":"https:\/\/www.europesays.com\/es\/wp-json\/wp\/v2\/posts\/215456","targetHints":{"allow":["GET"]}}],"collection":[{"href":"https:\/\/www.europesays.com\/es\/wp-json\/wp\/v2\/posts"}],"about":[{"href":"https:\/\/www.europesays.com\/es\/wp-json\/wp\/v2\/types\/post"}],"author":[{"embeddable":true,"href":"https:\/\/www.europesays.com\/es\/wp-json\/wp\/v2\/users\/2"}],"replies":[{"embeddable":true,"href":"https:\/\/www.europesays.com\/es\/wp-json\/wp\/v2\/comments?post=215456"}],"version-history":[{"count":0,"href":"https:\/\/www.europesays.com\/es\/wp-json\/wp\/v2\/posts\/215456\/revisions"}],"wp:featuredmedia":[{"embeddable":true,"href":"https:\/\/www.europesays.com\/es\/wp-json\/wp\/v2\/media\/215457"}],"wp:attachment":[{"href":"https:\/\/www.europesays.com\/es\/wp-json\/wp\/v2\/media?parent=215456"}],"wp:term":[{"taxonomy":"category","embeddable":true,"href":"https:\/\/www.europesays.com\/es\/wp-json\/wp\/v2\/categories?post=215456"},{"taxonomy":"post_tag","embeddable":true,"href":"https:\/\/www.europesays.com\/es\/wp-json\/wp\/v2\/tags?post=215456"}],"curies":[{"name":"wp","href":"https:\/\/api.w.org\/{rel}","templated":true}]}}