{"id":215473,"date":"2025-11-03T02:32:11","date_gmt":"2025-11-03T02:32:11","guid":{"rendered":"https:\/\/www.europesays.com\/es\/215473\/"},"modified":"2025-11-03T02:32:11","modified_gmt":"2025-11-03T02:32:11","slug":"amelia-bono-debuta-en-la-maraton-de-nueva-york-con-44-anos-no-me-lo-creo","status":"publish","type":"post","link":"https:\/\/www.europesays.com\/es\/215473\/","title":{"rendered":"Amelia Bono debuta en la Marat\u00f3n de Nueva York con 44 a\u00f1os: \u00abNo me lo creo\u00bb"},"content":{"rendered":"<p data-pm-slice=\"1 1 []\"><strong>Amelia Bono<\/strong> ha cumplido uno de sus sue\u00f1os. La ex pareja de Manuel Martos ha <a href=\"https:\/\/okdiario.com\/look\/actualidad\/llamativa-reaccion-manuel-martos-reto-personal-que-superado-amelia-bono-2265834\" rel=\"nofollow noopener\" target=\"_blank\">participado en la marat\u00f3n de Nueva York<\/a>, una de las carreras m\u00e1s duras del mundo. Un reto que, tal y como ella ha contado en sus redes, lleva mucho tiempo preparando con tes\u00f3n, esfuerzo, sacrificio y muchas ganas. Hasta la ciudad estadounidense, la creadora de contenido ha viajado con amigos, que tambi\u00e9n han enfrentado el kilometraje, y con familiares.<\/p>\n<p data-pm-slice=\"1 1 []\">Tal y como hemos podido ver en Instagram, <a href=\"https:\/\/okdiario.com\/look\/actualidad\/familia-bono-crece-sofia-benjamina-del-clan-presenta-pareja-2385734\" rel=\"nofollow noopener\" target=\"_blank\">su hermana peque\u00f1a, Sof\u00eda, acompa\u00f1ada de su nuevo novio, Pelayo Herrero, se trasladaron a la Gran Manzana<\/a> con el fin de apoyar a la corredora. Una estancia que han aprovechado para hacer turismo por la Quinta Avenida. Adem\u00e1s de la mencionada, <strong>\u00cd\u00f1igo Onieva<\/strong> tambi\u00e9n se puso a prueba en la misma competici\u00f3n y la complet\u00f3 en tres horas y 16 minutos.<\/p>\n<p>\n<img decoding=\"async\" loading=\"lazy\" class=\"size-medium wp-image-2416953\" alt=\"Amelia Bono con el dorsal para la marat\u00f3n de Nueva York. (Foto: Redes sociales)\" width=\"620\" height=\"349\"  src=\"https:\/\/www.europesays.com\/es\/wp-content\/uploads\/2025\/10\/placeholder.jpg\"  bad-src=\"https:\/\/www.europesays.com\/es\/wp-content\/uploads\/2025\/10\/placeholder.jpg\"\/><\/p>\n<p><img decoding=\"async\" loading=\"lazy\" class=\"size-medium wp-image-2416953\" src=\"https:\/\/www.europesays.com\/es\/wp-content\/uploads\/2025\/11\/image-2025-11-02t194006.536-620x349.jpg\" alt=\"Amelia Bono con el dorsal para la marat\u00f3n de Nueva York. (Foto: Redes sociales)\" width=\"620\" height=\"349\"  \/><\/p>\n<p> Amelia Bono con el dorsal para la marat\u00f3n de Nueva York. (Foto: Redes sociales)\n<\/p>\n<p>Antes de volar al otro lado del charco y como no pod\u00eda ser de otra manera, la que fuera nuera del m\u00edtico cantante Raphael comparti\u00f3 con sus fans el <strong>\u00faltimo entreno<\/strong>. \u00abTirada larga antes de la carrera (\u2026) me he sentido bien, con buenas sensaciones y, sobre todo, con la tranquilidad de saber que el trabajo ya est\u00e1 hecho. Toca descansar y confiar\u00bb, ha comentado y, de la misma forma, ha deslizado una profunda reflexi\u00f3n acerca de la marat\u00f3n y lo que ha supuesto el proceso para ella. \u00abMientras corr\u00eda, pensaba en todo lo que me ha costado llegar hasta aqu\u00ed, los entrenamientos, los d\u00edas de cansancio, la constancia y tambi\u00e9n esos momentos en los que dudaba, pero segu\u00ed\u00bb, ha relatado orgullosa de su fuerza de voluntad. Sus intenciones para la carrera eran claras: \u00ab<strong>Disfrutar, vivir cada kil\u00f3metro y recordar por qu\u00e9 empec\u00e9<\/strong>\u00bb era su mantra\u00a0 porque: \u00abGanas no le faltan\u00bb. Y ha concluido el post con un mensaje para los seguidores: \u00ab<strong>Gracias por los infinitos mensajes de \u00e1nimo y cari\u00f1o<\/strong> siempre\u00bb.<\/p>\n<p>\n<img decoding=\"async\" loading=\"lazy\" class=\"size-medium wp-image-2416931\" alt=\"\u00cd\u00f1igo Onieva en la marat\u00f3n de NY. (Foto: Redes sociales)\" width=\"408\" height=\"620\"  src=\"https:\/\/www.europesays.com\/es\/wp-content\/uploads\/2025\/10\/placeholder.jpg\"  bad-src=\"https:\/\/www.europesays.com\/es\/wp-content\/uploads\/2025\/10\/placeholder.jpg\"\/><\/p>\n<p><img decoding=\"async\" loading=\"lazy\" class=\"size-medium wp-image-2416931\" src=\"https:\/\/www.europesays.com\/es\/wp-content\/uploads\/2025\/11\/image-2025-11-02t191919.591-408x620.jpg\" alt=\"\u00cd\u00f1igo Onieva en la marat\u00f3n de NY. (Foto: Redes sociales)\" width=\"408\" height=\"620\"  \/><\/p>\n<p> \u00cd\u00f1igo Onieva en la marat\u00f3n de NY. (Foto: Redes sociales)\n<\/p>\n<p>Los d\u00edas en Nueva York<\/p>\n<p>Eran las cinco y media de la ma\u00f1ana del s\u00e1bado y el d\u00eda de Amelia Bono ya hab\u00eda comenzado. A las seis, abrigada con un anorak negro, la deportista ya estaba en la calle caminando y tom\u00e1ndose un <strong>caf\u00e9 para llevar<\/strong>. A las siete ya se hab\u00eda enfundado en su look runner, que constaba de un short negro, un chubasquero oscuro y una gorra al tono de una conocida marca enfocada en ropa de deporte, y se hab\u00eda lanzado a las calles para <strong>comenzar a trotar<\/strong> para seguir con la preparaci\u00f3n de cara a la marat\u00f3n hasta la \u00faltima jornada.<\/p>\n<blockquote class=\"instagram-media\" style=\"background: #FFF; border: 0; border-radius: 3px; box-shadow: 0 0 1px 0 rgba(0,0,0,0.5),0 1px 10px 0 rgba(0,0,0,0.15); margin: 1px; max-width: 540px; min-width: 326px; padding: 0; width: calc(100% - 2px);\" data-instgrm-permalink=\"https:\/\/www.instagram.com\/reel\/DQhnLPrEuAj\/?utm_source=ig_embed&amp;utm_campaign=loading\" data-instgrm-version=\"14\">\n<\/blockquote>\n<p>Tal y como refleja el diario que ha compartido en redes, despu\u00e9s de correr una hora, a las ocho de la ma\u00f1ana, Amelia se dio un <strong>homenaje con un gran desayuno<\/strong> compuesto por dos tostadas, pepino cortado en rodajas, dos huevos cocidos y un plato lleno de diferentes trozos de fruta ya cortada. A las 12 y media, el sue\u00f1o estaba cada vez m\u00e1s cerca; Bono ya hab\u00eda <strong>obtenido el dorsal<\/strong> con el n\u00famero que la identificar\u00eda en la prueba, el 42776. Con ese cartel ha posado en las historias temporales muy ilusionada: \u00abAy, que <strong>no me lo creo<\/strong>\u00bb, ha escrito junto a emojis con los ojos llorosos por la emoci\u00f3n. \u00abPrimeros d\u00edas en NY.\u00bb, escribi\u00f3 acompa\u00f1ando el resumen de su d\u00eda. \u00abConfieso que estoy un poco <strong>nerviosa<\/strong>, dadme mucha energ\u00eda positiva\u00bb, ha pedido a su comunidad 2.0.<\/p>\n<p>\t\t\t\t\t\t\t<script async src=\"\/\/www.instagram.com\/embed.js\"><\/script><\/p>\n","protected":false},"excerpt":{"rendered":"Amelia Bono ha cumplido uno de sus sue\u00f1os. La ex pareja de Manuel Martos ha participado en la&hellip;\n","protected":false},"author":2,"featured_media":215474,"comment_status":"","ping_status":"","sticky":false,"template":"","format":"standard","meta":{"footnotes":""},"categories":[174],"tags":[25811,255,146,147,25,24,256,23],"class_list":{"0":"post-215473","1":"post","2":"type-post","3":"status-publish","4":"format-standard","5":"has-post-thumbnail","7":"category-famosos","8":"tag-amelia-bono","9":"tag-celebrities","10":"tag-entertainment","11":"tag-entretenimiento","12":"tag-es","13":"tag-espana","14":"tag-famosos","15":"tag-spain"},"share_on_mastodon":{"url":"https:\/\/pubeurope.com\/@es\/115483426706961684","error":""},"_links":{"self":[{"href":"https:\/\/www.europesays.com\/es\/wp-json\/wp\/v2\/posts\/215473","targetHints":{"allow":["GET"]}}],"collection":[{"href":"https:\/\/www.europesays.com\/es\/wp-json\/wp\/v2\/posts"}],"about":[{"href":"https:\/\/www.europesays.com\/es\/wp-json\/wp\/v2\/types\/post"}],"author":[{"embeddable":true,"href":"https:\/\/www.europesays.com\/es\/wp-json\/wp\/v2\/users\/2"}],"replies":[{"embeddable":true,"href":"https:\/\/www.europesays.com\/es\/wp-json\/wp\/v2\/comments?post=215473"}],"version-history":[{"count":0,"href":"https:\/\/www.europesays.com\/es\/wp-json\/wp\/v2\/posts\/215473\/revisions"}],"wp:featuredmedia":[{"embeddable":true,"href":"https:\/\/www.europesays.com\/es\/wp-json\/wp\/v2\/media\/215474"}],"wp:attachment":[{"href":"https:\/\/www.europesays.com\/es\/wp-json\/wp\/v2\/media?parent=215473"}],"wp:term":[{"taxonomy":"category","embeddable":true,"href":"https:\/\/www.europesays.com\/es\/wp-json\/wp\/v2\/categories?post=215473"},{"taxonomy":"post_tag","embeddable":true,"href":"https:\/\/www.europesays.com\/es\/wp-json\/wp\/v2\/tags?post=215473"}],"curies":[{"name":"wp","href":"https:\/\/api.w.org\/{rel}","templated":true}]}}