{"id":215498,"date":"2025-11-03T02:53:24","date_gmt":"2025-11-03T02:53:24","guid":{"rendered":"https:\/\/www.europesays.com\/es\/215498\/"},"modified":"2025-11-03T02:53:24","modified_gmt":"2025-11-03T02:53:24","slug":"el-caceres-toma-aire-en-jaen","status":"publish","type":"post","link":"https:\/\/www.europesays.com\/es\/215498\/","title":{"rendered":"El C\u00e1ceres toma aire en Ja\u00e9n"},"content":{"rendered":"<p class=\"ft-text\"><strong>61 &#8211; JA\u00c9N PARA\u00cdSO INTERIOR CB: <\/strong>Luis Faial (13), Godwin Boahen (9), Rodr\u00edguez (1), Javier Santa B\u00e1rbara (4), Ailton Lopes (11) -cinco inicial- F. L\u00f3pez (0), A. Ca\u00f1ete (0), Carlos Balderas (0), Javier Mart\u00ednez (11), Iv\u00e1n Casas (12), Moreno (0).<\/p>\n<p class=\"ft-text\"><strong>78 &#8211; C\u00c1CERES PATRIMONIO DE LA HUMANIDAD: <\/strong>Patrick Lima (2), Wildens Leveque (4), Alejandro Mazaira (18), Matteo Strikker (10), Albert Lafuente (12) -cinco inicial- \u00c1lvaro Palazuelos (17), DJ Foreman (3), Luis Garc\u00eda (10), Juan Santos (0), Nico Marina (2).<\/p>\n<p class=\"ft-text\"><strong>MARCADOR POR CUARTOS: <\/strong>10-17, 35-39 (descanso), 44-61 y 61-78 (final).<\/p>\n<p class=\"ft-text\"><strong>\u00c1RBITROS: <\/strong>Salvador Patricio y \u00c1ngel C\u00f3ndor Ben\u00edtez. Sin eliminados.<\/p>\n<p class=\"ft-text\"><strong>INCIDENCIAS: <\/strong>Quinta jornada de la Segunda FEB(grupo Oeste). Partido disputado en el Palacio de Deportes Olivo Arena.<\/p>\n<p class=\"ft-text\"><strong>El C\u00e1ceres Patrimonio de la Humanidad volvi\u00f3 a la senda del triunfo en Ja\u00e9n (61-78)<\/strong>, donde fue casi siempre por delante en el marcador ante un rival que pele\u00f3 con u\u00f1as y dientes, pero que no pudo con el buen juego de equipo de los extreme\u00f1os ni con <a class=\"ft-link ft-link--decoration\" href=\"https:\/\/www.elperiodicoextremadura.com\/deportes\/2025\/09\/16\/alex-mazaira-alvaro-palazuelos-canoneros-caceres-121644524.html\" target=\"_blank\" rel=\"nofollow noopener\">la calidad de hombres como Mazaira y Palazuelos, <\/a>clave en los peores momentos de los suyos. Tambi\u00e9n<a class=\"ft-link ft-link--decoration\" href=\"https:\/\/www.elperiodicoextremadura.com\/deportes\/2025\/07\/21\/ala-pivot-luis-garcia-penultima-119905110.html\" target=\"_blank\" rel=\"nofollow noopener\"> fue importante la aportaci\u00f3n de Luis Garc\u00eda<\/a>, el m\u00e1s valorado del equipo con 10 puntos, 5 rebotes y 3 asistencias para compensar un d\u00eda gris de Wildens Leveque, que estuvo muy por debajo de su nivel con problemas de faltas.<\/p>\n<p class=\"ft-text\">Comenz\u00f3 el encuentro con mucha igualdad. C\u00e1ceres se adelant\u00f3 pronto y consegu\u00eda compensar sus fallos en el lanzamiento con su superioridad en el rebote ante un Ja\u00e9n Para\u00edso Interior CB que apretaba en la zona, pero que tambi\u00e9n perd\u00eda m\u00e1s balones que su rival.<\/p>\n<p class=\"ft-text\">Con todo, y los fallos de unos y otros, <strong>al minuto 2 se llegaba con un igualado 5-6 en el electr\u00f3nico. Poco a poco, los extreme\u00f1os consegu\u00edan corregir sus errores y aumentaban la intensidad defensiva, lo que les permit\u00eda abrir una brecha de seis puntos (5-11). <\/strong><\/p>\n<p class=\"ft-text\">Pero cuando parec\u00eda que los de Carbajal pod\u00edan abrir una distancia c\u00f3moda, los jienenses reajustaban su defensa y consegu\u00edan secar por completo el ataque de los visitantes. <strong>Tampoco los locales encontraban el camino del aro contrario y durante seis minutos el marcador apenas se movi\u00f3 (8-13).<\/strong><\/p>\n<p class=\"ft-text\">No cambiaba demasiado la situaci\u00f3n en la recta final del cuarto y solo desde la l\u00ednea de tiros libres consegu\u00edan unos y otros anotar para <strong>dejar el luminoso en 10-17 al final del cuarto.<\/strong><\/p>\n<p class=\"ft-text\">Ya en el segundo parcial, los locales apretaban los dientes y met\u00edan una marcha m\u00e1s en ataque, descolocando a la defensa de un C\u00e1ceres que, adem\u00e1s, se precipitaba en ataque y<strong> perd\u00eda ahora muchos balones (18-17). <\/strong><\/p>\n<p class=\"ft-text\">Palazuelos acud\u00eda al rescate y romp\u00eda la sequ\u00eda con 4 puntos consecutivos que daban aire a los suyos (18-22). Pero duraba poco la alegr\u00eda de un C\u00e1ceres Patrimonio que no consegu\u00eda mantener la intensidad durante demasiado tiempo y <strong>una vez m\u00e1s daba alas a los locales, que obligaban a Carbajal a pedir tiempo muerto a 5:50 para el descanso (22-25).<\/strong><\/p>\n<p class=\"ft-text\">Sal\u00eda del atolladero el equipo extreme\u00f1o a base de triples (26-31), pero Ja\u00e9n no aflojaba tampoco y con Boahen muy acertado consegu\u00eda colocarse a solo un punto a falta de 1:44.<strong> Otro triple de Palazuelos y una canasta de Mazaira permit\u00edan a los cacere\u00f1os mantenerse 35-39 al descanso (35-39).<\/strong><\/p>\n<p>La escapada<\/p>\n<p class=\"ft-text\">Tras el descanso le toc\u00f3 a Mazaira asumir la responsabilidad en ataque en un equipo que apretaba en defensa y consegu\u00eda construir con fluidez para poner pronto los <strong>diez puntos de distancia en el luminoso (37-47, minuto 23). <\/strong><\/p>\n<p class=\"ft-text\">Los extreme\u00f1os hab\u00edan conseguido anular por completo el ataque de un Ja\u00e9n Para\u00edso Interior que sald\u00f3 los primeros cuatro minutos y medio del cuarto con solo una canasta anotada, lo que permiti\u00f3 a los visitantes irse hasta el 37-50. Casas manten\u00eda vivos a los suyos, pero Mazaira segu\u00eda machacando el aro contrario y <strong>dos tiros libres de <\/strong><a class=\"ft-link ft-link--decoration\" href=\"https:\/\/www.elperiodicoextremadura.com\/deportes\/2025\/10\/30\/nico-marina-permite-cumpleanos-infeliz-123184479.html\" target=\"_blank\" rel=\"nofollow noopener\"><strong>Marina<\/strong><\/a><strong> obligaban al t\u00e9cnico local a pedir tiempo muerto mediado el cuarto (39-54).<\/strong> A la vuelta, los jienenses consegu\u00edan frenar la escapada de un C\u00e1ceres que sufr\u00eda para encarar el aro contrario.<\/p>\n<p class=\"ft-text\">No quer\u00eda Carbajal que se le complicase la situaci\u00f3n a los suyos y paraba el partido en busca de soluciones (42-54, minuto 26). Reaccionaban los suyos, que recuperaban la intensidad y <strong>consegu\u00edan llegar al final del cuarto con 17 puntos ya de renta (44-61).<\/strong><\/p>\n<p class=\"ft-text\">Echaron el resto los locales en el inicio del cuarto decisivo, provocando los errores y las p\u00e9rdidas de bal\u00f3n de C\u00e1ceres (52-65, minuto 32). Mov\u00eda el banquillo el t\u00e9cnico visitante, que consegu\u00eda que los suyos cortasen de ra\u00edz la reacci\u00f3n andaluza para poner tierra de por medio y<strong> llegar al minuto 36 con 20 puntos de ventaja.<\/strong><\/p>\n<p class=\"ft-text\">No baj\u00f3 los brazos Ja\u00e9n Para\u00edso Interior, que pele\u00f3 hasta el final por mejorar sus n\u00fameros, aunque la victoria ya no se le escap\u00f3 a los visitantes, que supieron manejar la situaci\u00f3n para anotarse el triunfo importante.<\/p>\n<p data-close=\"closedContent\" class=\"subscribeHideForDisplay\">Suscr\u00edbete para seguir leyendo<\/p>\n","protected":false},"excerpt":{"rendered":"61 &#8211; JA\u00c9N PARA\u00cdSO INTERIOR CB: Luis Faial (13), Godwin Boahen (9), Rodr\u00edguez (1), Javier Santa B\u00e1rbara (4),&hellip;\n","protected":false},"author":2,"featured_media":215499,"comment_status":"","ping_status":"","sticky":false,"template":"","format":"standard","meta":{"footnotes":""},"categories":[269],"tags":[4647,299,298,3975,3976,168,25,24,3619,3977,23,167,4350],"class_list":{"0":"post-215498","1":"post","2":"type-post","3":"status-publish","4":"format-standard","5":"has-post-thumbnail","7":"category-baloncesto","8":"tag-aire","9":"tag-baloncesto","10":"tag-basketball","11":"tag-caceres","12":"tag-caceres-basket","13":"tag-deportes","14":"tag-es","15":"tag-espana","16":"tag-jaen","17":"tag-segunda-feb","18":"tag-spain","19":"tag-sports","20":"tag-toma"},"share_on_mastodon":{"url":"https:\/\/pubeurope.com\/@es\/115483509088594694","error":""},"_links":{"self":[{"href":"https:\/\/www.europesays.com\/es\/wp-json\/wp\/v2\/posts\/215498","targetHints":{"allow":["GET"]}}],"collection":[{"href":"https:\/\/www.europesays.com\/es\/wp-json\/wp\/v2\/posts"}],"about":[{"href":"https:\/\/www.europesays.com\/es\/wp-json\/wp\/v2\/types\/post"}],"author":[{"embeddable":true,"href":"https:\/\/www.europesays.com\/es\/wp-json\/wp\/v2\/users\/2"}],"replies":[{"embeddable":true,"href":"https:\/\/www.europesays.com\/es\/wp-json\/wp\/v2\/comments?post=215498"}],"version-history":[{"count":0,"href":"https:\/\/www.europesays.com\/es\/wp-json\/wp\/v2\/posts\/215498\/revisions"}],"wp:featuredmedia":[{"embeddable":true,"href":"https:\/\/www.europesays.com\/es\/wp-json\/wp\/v2\/media\/215499"}],"wp:attachment":[{"href":"https:\/\/www.europesays.com\/es\/wp-json\/wp\/v2\/media?parent=215498"}],"wp:term":[{"taxonomy":"category","embeddable":true,"href":"https:\/\/www.europesays.com\/es\/wp-json\/wp\/v2\/categories?post=215498"},{"taxonomy":"post_tag","embeddable":true,"href":"https:\/\/www.europesays.com\/es\/wp-json\/wp\/v2\/tags?post=215498"}],"curies":[{"name":"wp","href":"https:\/\/api.w.org\/{rel}","templated":true}]}}