{"id":215506,"date":"2025-11-03T02:59:09","date_gmt":"2025-11-03T02:59:09","guid":{"rendered":"https:\/\/www.europesays.com\/es\/215506\/"},"modified":"2025-11-03T02:59:09","modified_gmt":"2025-11-03T02:59:09","slug":"la-promesa-avance-del-capitulo-707-del-lunes-3-de-noviembre-de-2025","status":"publish","type":"post","link":"https:\/\/www.europesays.com\/es\/215506\/","title":{"rendered":"&#8216;La Promesa&#8217;, avance del cap\u00edtulo 707 del lunes 3 de noviembre de 2025"},"content":{"rendered":"<p data-journey-content=\"true\" data-node-id=\"4\" class=\"css-6wxqfj emevuu60\">En el <a href=\"https:\/\/www.diezminutos.es\/telenovela\/espanolas\/a69191543\/la-promesa-avance-capitulo-706-viernes-31-octubre-2025-tve\/\" target=\"_blank\" data-vars-ga-outbound-link=\"https:\/\/www.diezminutos.es\/telenovela\/espanolas\/a69191543\/la-promesa-avance-capitulo-706-viernes-31-octubre-2025-tve\/\" data-vars-ga-ux-element=\"Hyperlink\" data-vars-ga-call-to-action=\"cap\u00edtulo anterior de &#039;La Promesa&#039;\" data-node-id=\"4.1\" class=\"body-link css-177bzfx emevuu60\" rel=\"nofollow noopener\">cap\u00edtulo anterior de &#8216;La Promesa&#8217;<\/a>, el tiempo corre para Petra: Crist\u00f3bal le da un ultim\u00e1tum de unos pocos d\u00edas para demostrar su val\u00eda como ama de llaves o ser\u00e1 despedida. Manuel, finalmente, decide darle una nueva oportunidad a Enora y la trae de vuelta al hangar para seguir trabajando. To\u00f1o, por su parte, le pide tiempo a la joven para recuperar la confianza. Simona y Candela insisten a Lope en que deber\u00eda publicar un libro con sus recetas ilustradas. Mar\u00eda Fern\u00e1ndez confiesa a P\u00eda que ha tomado una decisi\u00f3n: no tendr\u00e1 al beb\u00e9. \u00c1ngela sigue esquivando a Lorenzo como puede y Curro decide tomar una dr\u00e1stica decisi\u00f3n para ayudar a la joven a continuar con el plan de su madre. \u00bfDe qu\u00e9 se trata?<\/p>\n<p>El humor de Adriano es cada vez peor en \u2018La Promesa&#8217;<\/p>\n<p data-journey-content=\"true\" data-node-id=\"8\" class=\"css-6wxqfj emevuu60\">Beltr\u00e1n accede a casarse con \u00c1ngela, pero \u00e9sta pondr\u00e1 una \u00faltima condici\u00f3n a su madre para llevar a cabo su plan: \u00a1pasar dos d\u00edas a solas con Curro lejos de La Promesa! \u00bfAceptar\u00e1 Leocadia la petici\u00f3n de su hija? El humor de Adriano es cada vez peor y Martina se siente culpable de haberlo avivado habl\u00e1ndole de sus sentimientos hacia Catalina. Enora les da un regalo a las cocineras en agradecimiento por la defensa que han hecho por ella. Manuel recibe cartas de empresas interesadas en el dise\u00f1o de su motor, \u00a1es todo un \u00e9xito!<\/p>\n<p><img draggable=\"true\" alt=\"enora, manuel y tono en 'la promesa'\" title=\"Enora, Manuel y Tono en 'La Promesa'\" loading=\"lazy\" width=\"4096\" height=\"2731\" decoding=\"async\" data-nimg=\"1\" style=\"color:transparent;width:100%;height:auto;\"   src=\"https:\/\/www.europesays.com\/es\/wp-content\/uploads\/2025\/11\/la-promesa-avance-lunes-27-octubre-2-68ff31fce1b9f.jpg\" class=\"css-0 e1g79fud0\"\/><\/p>\n<p>RTVE<\/p>\n<p data-journey-content=\"true\" data-node-id=\"11\" class=\"css-6wxqfj emevuu60\">En el cap\u00edtulo de hoy lunes de en &#8216;<a href=\"https:\/\/www.diezminutos.es\/telenovela-la-promesa\/\" target=\"_blank\" data-vars-ga-outbound-link=\"https:\/\/www.diezminutos.es\/telenovela-la-promesa\/\" data-vars-ga-ux-element=\"Hyperlink\" data-vars-ga-call-to-action=\"La Promesa\" data-node-id=\"11.1\" class=\"body-link css-177bzfx emevuu60\" rel=\"nofollow noopener\">La Promesa<\/a>&#8216;, \u00c1ngela lanza un ultim\u00e1tum que sacude los cimientos familiares: si su madre no le permite viajar con Curro, no habr\u00e1 boda con Beltr\u00e1n. Decidido a no comenzar su matrimonio con secretos, Beltr\u00e1n le confiesa a \u00c1ngela que Leocadia le ofreci\u00f3 una generosa dote, una revelaci\u00f3n que podr\u00eda cambiarlo todo. Mientras tanto, Lope y sus compa\u00f1eros descubren con asombro que las recetas publicadas por Madame Cocotte en el peri\u00f3dico son pr\u00e1cticamente id\u00e9nticas a las suyas, lo que despierta sospechas y malestar en la cocina.<\/p>\n<p>Enora toma distancia con To\u00f1o en \u2018La Promesa\u2019<\/p>\n<p data-journey-content=\"true\" data-node-id=\"16\" class=\"css-6wxqfj emevuu60\">Por otro lado, To\u00f1o intenta acercarse a Enora para hablar de su relaci\u00f3n, pero ella mantiene las distancias, dejando claro que no est\u00e1 preparada para ese tipo de conversaci\u00f3n. En otro rinc\u00f3n de esta historia, Jacobo se siente herido cuando Martina olvida una cita importante con \u00e9l. Aunque Adriano intenta justificarla, el malestar persiste. Petra, por su parte, sigue empe\u00f1ada en demostrarle a Crist\u00f3bal que es capaz de estar a la altura, aunque su estado f\u00edsico a\u00fan no se lo permite del todo. Ante su evidente esfuerzo y agotamiento, Samuel decide intervenir para ayudarla, consciente de que su apoyo puede marcar la diferencia en un momento tan crucial para ella.<\/p>\n<p><img src=\"https:\/\/www.europesays.com\/es\/wp-content\/uploads\/2025\/11\/1762138749_860_43af9b8f-983e-4e74-8e74-9a7479b0966b_1681831601.file\" alt=\"Headshot of Pilar Mart\u00ednez\" title=\"Headshot of Pilar Mart\u00ednez\" width=\"100%\" height=\"100%\" decoding=\"async\" loading=\"lazy\" class=\"css-o0wq4v ev8dhu53\"\/><\/p>\n<p>Pilar Mart\u00ednez es periodista especializada en contenidos de televisi\u00f3n y cultura, se gradu\u00f3 en la carrera en Periodismo en la Facultad de Ciencias de la Informaci\u00f3n (Universidad Complutense de Madrid) en el a\u00f1o 2018. Desde entonces ha pasado por las redacciones de Ecoteuve (El Economista), donde realiz\u00f3 sus primeras pr\u00e1cticas durante el verano del 2016.<\/p>\n<p>Posteriormente, concretamente, en el a\u00f1o 2017 se pas\u00f3 al grupo Hearst Espa\u00f1a, donde comenz\u00f3 su andadura en las revistas de televisi\u00f3n: Supertele, Teleprograma, Telenovela. Ahora colabora con Diez Minutos, en su versi\u00f3n web, donde se encarga de realizar los avances semanales de las ficciones diarias de moda, as\u00ed como entrevistas y art\u00edculos sobre los melodramas o telenovelas que aterrizan en nuestro pa\u00eds y aquellos que est\u00e1n por venir.<\/p>\n<p>Toda una cazadora de exclusivas. A esto, se suma su puesto como redactora jefe de la secci\u00f3n de novela narrativa en la revista Culturamas, medio digital de alto impacto al que lleva unida desde el a\u00f1o 2013. \u00c1vida lectora, cin\u00e9fila y seri\u00e9fila de primer nivel, ha hecho de su vocaci\u00f3n su oficio. \u00a0<\/p>\n","protected":false},"excerpt":{"rendered":"En el cap\u00edtulo anterior de &#8216;La Promesa&#8217;, el tiempo corre para Petra: Crist\u00f3bal le da un ultim\u00e1tum de&hellip;\n","protected":false},"author":2,"featured_media":215507,"comment_status":"","ping_status":"","sticky":false,"template":"","format":"standard","meta":{"footnotes":""},"categories":[171],"tags":[253,146,147,25,24,23,214],"class_list":{"0":"post-215506","1":"post","2":"type-post","3":"status-publish","4":"format-standard","5":"has-post-thumbnail","7":"category-tv","8":"tag-discover","9":"tag-entertainment","10":"tag-entretenimiento","11":"tag-es","12":"tag-espana","13":"tag-spain","14":"tag-tv"},"share_on_mastodon":{"url":"https:\/\/pubeurope.com\/@es\/115483533285766457","error":""},"_links":{"self":[{"href":"https:\/\/www.europesays.com\/es\/wp-json\/wp\/v2\/posts\/215506","targetHints":{"allow":["GET"]}}],"collection":[{"href":"https:\/\/www.europesays.com\/es\/wp-json\/wp\/v2\/posts"}],"about":[{"href":"https:\/\/www.europesays.com\/es\/wp-json\/wp\/v2\/types\/post"}],"author":[{"embeddable":true,"href":"https:\/\/www.europesays.com\/es\/wp-json\/wp\/v2\/users\/2"}],"replies":[{"embeddable":true,"href":"https:\/\/www.europesays.com\/es\/wp-json\/wp\/v2\/comments?post=215506"}],"version-history":[{"count":0,"href":"https:\/\/www.europesays.com\/es\/wp-json\/wp\/v2\/posts\/215506\/revisions"}],"wp:featuredmedia":[{"embeddable":true,"href":"https:\/\/www.europesays.com\/es\/wp-json\/wp\/v2\/media\/215507"}],"wp:attachment":[{"href":"https:\/\/www.europesays.com\/es\/wp-json\/wp\/v2\/media?parent=215506"}],"wp:term":[{"taxonomy":"category","embeddable":true,"href":"https:\/\/www.europesays.com\/es\/wp-json\/wp\/v2\/categories?post=215506"},{"taxonomy":"post_tag","embeddable":true,"href":"https:\/\/www.europesays.com\/es\/wp-json\/wp\/v2\/tags?post=215506"}],"curies":[{"name":"wp","href":"https:\/\/api.w.org\/{rel}","templated":true}]}}