{"id":215572,"date":"2025-11-03T03:52:11","date_gmt":"2025-11-03T03:52:11","guid":{"rendered":"https:\/\/www.europesays.com\/es\/215572\/"},"modified":"2025-11-03T03:52:11","modified_gmt":"2025-11-03T03:52:11","slug":"opep-suspende-alzas-de-produccion-de-crudo-despues-de-diciembre-por-temor-a-exceso-de-oferta","status":"publish","type":"post","link":"https:\/\/www.europesays.com\/es\/215572\/","title":{"rendered":"OPEP+ suspende alzas de producci\u00f3n de crudo despu\u00e9s de diciembre por temor a exceso de oferta"},"content":{"rendered":"\n<p class=\"yf-1090901\">Por Olesya Astakhova y Ahmad Ghaddar y Alex Lawler y Maha El Dahan<\/p>\n<p class=\"yf-1090901\">LONDRES\/MOSC\u00da, 2 nov (Reuters) -La OPEP+ acord\u00f3 el domingo un peque\u00f1o aumento del bombeo de petr\u00f3leo para diciembre y una pausa en los incrementos durante el primer trimestre del pr\u00f3ximo a\u00f1o, mientras el grupo de productores modera sus planes para recuperar cuota de mercado ante el creciente temor a un exceso de oferta.<\/p>\n<p class=\"yf-1090901\">Desde abril, la OPEP+ ha elevado sus objetivos de producci\u00f3n en unos 2,9 millones de barriles diarios, lo que equivale al 2,7% de la oferta mundial, pero ha ralentizado el ritmo a partir de octubre ante las previsiones de un inminente exceso de oferta.<\/p>\n<p class=\"yf-1090901\">Las nuevas sanciones impuestas por Occidente a Rusia, miembro de la OPEP+, dificultan a\u00fan m\u00e1s la estrategia, ya que Mosc\u00fa podr\u00eda tener dificultades para seguir subiendo la producci\u00f3n despu\u00e9s de que Estados Unidos y Reino Unido aplicaron nuevas medidas a Rosneft y Lukoil.<\/p>\n<p class=\"yf-1090901\">El domingo, los ocho miembros de la OPEP+ que participan en la reuni\u00f3n mensual del grupo -Arabia Saudita, Rusia, Emiratos \u00c1rabes Unidos, Irak, Kuwait, Om\u00e1n, Kazajist\u00e1n y Argelia- acordaron aumentar los objetivos de producci\u00f3n de diciembre en 137.000 barriles diarios, los mismos que para octubre y noviembre.<\/p>\n<p class=\"yf-1090901\">\u00abM\u00e1s all\u00e1 de diciembre, debido a la estacionalidad, los ocho pa\u00edses tambi\u00e9n decidieron pausar los incrementos de producci\u00f3n en enero, febrero y marzo del pr\u00f3ximo a\u00f1o\u00bb, dijo el grupo en un comunicado.<\/p>\n<p class=\"yf-1090901\">DE ENERO A MARZO, EL TRIMESTRE M\u00c1S FLOJO<\/p>\n<p class=\"yf-1090901\">Los precios del petr\u00f3leo cayeron a un m\u00ednimo de cinco meses de alrededor de 60 d\u00f3lares por barril el 20 de octubre por la preocupaci\u00f3n de que se estaba acumulando un exceso de oferta, pero desde entonces se han recuperado a cerca de 65 d\u00f3lares por barril debido a las sanciones a Rusia y el optimismo sobre las conversaciones de Estados Unidos con sus socios comerciales.<\/p>\n<p class=\"yf-1090901\">\u00abLa OPEP+ est\u00e1 parpadeando, pero es un parpadeo calculado\u00bb, dijo Jorge Le\u00f3n, de Rystad. \u00abLas sanciones a los productores rusos han inyectado una nueva capa de incertidumbre en las previsiones de suministro, y el grupo sabe que producir en exceso ahora podr\u00eda ser contraproducente m\u00e1s adelante\u00bb.<\/p>\n<p class=\"yf-1090901\">\u00abAl hacer una pausa, la OPEP+ est\u00e1 protegiendo los precios, proyectando unidad y ganando tiempo para ver c\u00f3mo afectan las sanciones a los barriles rusos\u00bb, agreg\u00f3.<\/p>\n<p class=\"yf-1090901\">Seg\u00fan Amrita Sen, de Energy Aspects, de enero a marzo es el trimestre m\u00e1s d\u00e9bil para los balances de oferta y demanda de petr\u00f3leo, y al hacer una pausa, la OPEP+ demuestra que est\u00e1 gestionando el mercado de forma proactiva.<\/p>\n<p class=\"yf-1090901\">Giovanni Staunovo, de UBS, dijo que era poco probable que los precios del petr\u00f3leo se movieran mucho en la apertura de las operaciones del lunes, ya que el modesto aumento de la producci\u00f3n de diciembre hab\u00eda sido ampliamente anticipado.<\/p>\n<p class=\"yf-1090901\">La OPEP+ hab\u00eda estado reduciendo la producci\u00f3n durante varios a\u00f1os, hasta abril, y los recortes alcanzaron su m\u00e1ximo en marzo, con un total de 5,85 millones de bpd.<\/p>\n<p class=\"yf-1090901\">Las reducciones se compon\u00edan de tres elementos: recortes voluntarios de 2,2 millones de bpd, 1,65 millones de bpd por parte de ocho miembros y otros 2 millones de bpd por parte de todo el grupo.<\/p>\n<p class=\"yf-1090901\">El grupo ha ido retirando los recortes voluntarios, mientras que el \u00faltimo elemento de los recortes para todo el grupo se mantendr\u00e1 hasta finales de 2026. Los ocho miembros de la OPEP+ volver\u00e1n a reunirse el 30 de noviembre, el mismo d\u00eda que la OPEP+ en pleno.<\/p>\n<p class=\"yf-1090901\">(Escrito por Dmitry Zhdannikov; Editado en Espa\u00f1ol por Ricardo Figueroa)<\/p>\n","protected":false},"excerpt":{"rendered":"Por Olesya Astakhova y Ahmad Ghaddar y Alex Lawler y Maha El Dahan LONDRES\/MOSC\u00da, 2 nov (Reuters) -La&hellip;\n","protected":false},"author":2,"featured_media":215573,"comment_status":"","ping_status":"","sticky":false,"template":"","format":"standard","meta":{"footnotes":""},"categories":[80],"tags":[57920,57919,82,95,94,25,24,57918,13091,14588,23],"class_list":{"0":"post-215572","1":"post","2":"type-post","3":"status-publish","4":"format-standard","5":"has-post-thumbnail","7":"category-economia","8":"tag-ahmad-ghaddar","9":"tag-alex-lawler","10":"tag-business","11":"tag-economia","12":"tag-economy","13":"tag-es","14":"tag-espana","15":"tag-miembros-de-la-opep","16":"tag-opep","17":"tag-precios-del-petroleo","18":"tag-spain"},"share_on_mastodon":{"url":"https:\/\/pubeurope.com\/@es\/115483740936759535","error":""},"_links":{"self":[{"href":"https:\/\/www.europesays.com\/es\/wp-json\/wp\/v2\/posts\/215572","targetHints":{"allow":["GET"]}}],"collection":[{"href":"https:\/\/www.europesays.com\/es\/wp-json\/wp\/v2\/posts"}],"about":[{"href":"https:\/\/www.europesays.com\/es\/wp-json\/wp\/v2\/types\/post"}],"author":[{"embeddable":true,"href":"https:\/\/www.europesays.com\/es\/wp-json\/wp\/v2\/users\/2"}],"replies":[{"embeddable":true,"href":"https:\/\/www.europesays.com\/es\/wp-json\/wp\/v2\/comments?post=215572"}],"version-history":[{"count":0,"href":"https:\/\/www.europesays.com\/es\/wp-json\/wp\/v2\/posts\/215572\/revisions"}],"wp:featuredmedia":[{"embeddable":true,"href":"https:\/\/www.europesays.com\/es\/wp-json\/wp\/v2\/media\/215573"}],"wp:attachment":[{"href":"https:\/\/www.europesays.com\/es\/wp-json\/wp\/v2\/media?parent=215572"}],"wp:term":[{"taxonomy":"category","embeddable":true,"href":"https:\/\/www.europesays.com\/es\/wp-json\/wp\/v2\/categories?post=215572"},{"taxonomy":"post_tag","embeddable":true,"href":"https:\/\/www.europesays.com\/es\/wp-json\/wp\/v2\/tags?post=215572"}],"curies":[{"name":"wp","href":"https:\/\/api.w.org\/{rel}","templated":true}]}}