{"id":215576,"date":"2025-11-03T03:54:10","date_gmt":"2025-11-03T03:54:10","guid":{"rendered":"https:\/\/www.europesays.com\/es\/215576\/"},"modified":"2025-11-03T03:54:10","modified_gmt":"2025-11-03T03:54:10","slug":"detenidas-dos-personas-por-robar-un-bebe-en-navalmoral-de-la-mata","status":"publish","type":"post","link":"https:\/\/www.europesays.com\/es\/215576\/","title":{"rendered":"Detenidas dos personas por robar un beb\u00e9 en Navalmoral de la Mata"},"content":{"rendered":"<p class=\"c-paragraph\">La <a href=\"https:\/\/www.20minutos.es\/tags\/temas\/guardia-civil.html\" title=\"Guardia Civil\" rel=\"nofollow noopener\" target=\"_blank\">Guardia Civil<\/a>, en el marco de la operaci\u00f3n Recicta\u00a0ha detenido a un hombre de 47 a\u00f1os y a una mujer de 48, como <b>supuestos autores de un delito de detenci\u00f3n ilegal<\/b>, tras sustraer a un beb\u00e9, ocurrida en la localidad de Navalmoral de la Mata (C\u00e1ceres).<\/p>\n<p class=\"c-paragraph\">La sustracci\u00f3n del bebe tuvo lugar, la noche del pasado 25 de octubre, cuando la madre del menor se encontraba en un establecimiento de la localidad de Navalmoral de la Mata, en <a href=\"https:\/\/www.20minutos.es\/tags\/lugares\/caceres.html\" title=\"C\u00e1ceres\" rel=\"nofollow noopener\" target=\"_blank\">C\u00e1ceres<\/a>, en compa\u00f1\u00eda de la autora de los hechos. En un momento determinado, la madre se tuvo que ausentar moment\u00e1neamente del lugar. Cuando regres\u00f3, al poco tiempo al establecimiento, <b>comprob\u00f3 que ni la mujer ni su hijo se encontraban all\u00ed.<\/b><\/p>\n<p class=\"c-paragraph\">Una vez que la madre intent\u00f3 contactar con la mujer que se hab\u00eda quedado al cuidado del beb\u00e9, al no poder hacerlo, lo puso en conocimiento de inmediato a la Polic\u00eda Local del municipio. Esta, a su vez, inform\u00f3 a la Guardia Civil, que<b> activ\u00f3 un dispositivo de b\u00fasqueda para tratar de localizar tanto a la mujer como al menor.<\/b><\/p>\n<p class=\"c-paragraph\">Gracias a la celeridad que llevaron los agentes, en la recopilaci\u00f3n de informaci\u00f3n sobre el entorno familiar y social del menor, se pudo constatar la <b>presunta implicaci\u00f3n de una pareja sentimenta<\/b>l como supuestos autores en la sustracci\u00f3n del menor.\u00a0<\/p>\n<p class=\"c-paragraph\">Las primeras investigaciones fueron complejas ya que se dispon\u00eda de muy pocos datos sobre esta pareja. Por tal motivo, se estableci\u00f3 dispositivo para localizar al bebe hall\u00e1ndole en <b>una finca situada en un paraje aislado de la comarca del Campo Ara\u00f1uelo<\/b>, donde tambi\u00e9n fueron localizados los presuntos autores.<\/p>\n<p class=\"c-paragraph\">Una vez asegurado el lugar, los agentes detuvieron a los autores y trasladaron de inmediato al menor al hospital para <b>ser sometido a un reconocimiento pedi\u00e1trico.<\/b> El informe facultativo confirm\u00f3 que el beb\u00e9 se encontraba en perfecto estado de salud, por lo que fue entregado a su madre. La coordinaci\u00f3n entre las distintas unidades que intervinieron en el dispositivo permiti\u00f3 localizar al menor en apenas unas horas desde la denuncia de su desaparici\u00f3n, evitando as\u00ed un desenlace m\u00e1s grave.<\/p>\n<p class=\"c-paragraph\">La operaci\u00f3n ha sido llevada a cabo por la<b> Unidad Org\u00e1nica de Polic\u00eda Judicial<\/b> de la Comandancia de C\u00e1ceres, efectivos de Seguridad Ciudadana de la Compa\u00f1\u00eda de Navalmoral de la Mata (C\u00e1ceres) y Polic\u00eda Local de dicha localidad. Los detenidos fueron puestos a disposici\u00f3n de la Secci\u00f3n Civil y de Instrucci\u00f3n del Tribunal de Instancia n\u00ba 2 de Navalmoral de la Mata (C\u00e1ceres), as\u00ed como de Fiscal\u00eda Provincial de C\u00e1ceres.<\/p>\n","protected":false},"excerpt":{"rendered":"La Guardia Civil, en el marco de la operaci\u00f3n Recicta\u00a0ha detenido a un hombre de 47 a\u00f1os y&hellip;\n","protected":false},"author":2,"featured_media":215577,"comment_status":"","ping_status":"","sticky":false,"template":"","format":"standard","meta":{"footnotes":""},"categories":[8],"tags":[3473,17,18,1562,25,24,13,14,11,19,20,9,10,15,16,7561,23,12,21,22],"class_list":{"0":"post-215576","1":"post","2":"type-post","3":"status-publish","4":"format-standard","5":"has-post-thumbnail","7":"category-espana","8":"tag-bebes","9":"tag-breaking-news","10":"tag-breakingnews","11":"tag-detenidos","12":"tag-es","13":"tag-espana","14":"tag-featured-news","15":"tag-featurednews","16":"tag-headlines","17":"tag-latest-news","18":"tag-latestnews","19":"tag-news","20":"tag-noticias","21":"tag-noticias-destacadas","22":"tag-noticiasdestacadas","23":"tag-robo","24":"tag-spain","25":"tag-titulares","26":"tag-ultimas-noticias","27":"tag-ultimasnoticias"},"share_on_mastodon":{"url":"https:\/\/pubeurope.com\/@es\/115483748847113235","error":""},"_links":{"self":[{"href":"https:\/\/www.europesays.com\/es\/wp-json\/wp\/v2\/posts\/215576","targetHints":{"allow":["GET"]}}],"collection":[{"href":"https:\/\/www.europesays.com\/es\/wp-json\/wp\/v2\/posts"}],"about":[{"href":"https:\/\/www.europesays.com\/es\/wp-json\/wp\/v2\/types\/post"}],"author":[{"embeddable":true,"href":"https:\/\/www.europesays.com\/es\/wp-json\/wp\/v2\/users\/2"}],"replies":[{"embeddable":true,"href":"https:\/\/www.europesays.com\/es\/wp-json\/wp\/v2\/comments?post=215576"}],"version-history":[{"count":0,"href":"https:\/\/www.europesays.com\/es\/wp-json\/wp\/v2\/posts\/215576\/revisions"}],"wp:featuredmedia":[{"embeddable":true,"href":"https:\/\/www.europesays.com\/es\/wp-json\/wp\/v2\/media\/215577"}],"wp:attachment":[{"href":"https:\/\/www.europesays.com\/es\/wp-json\/wp\/v2\/media?parent=215576"}],"wp:term":[{"taxonomy":"category","embeddable":true,"href":"https:\/\/www.europesays.com\/es\/wp-json\/wp\/v2\/categories?post=215576"},{"taxonomy":"post_tag","embeddable":true,"href":"https:\/\/www.europesays.com\/es\/wp-json\/wp\/v2\/tags?post=215576"}],"curies":[{"name":"wp","href":"https:\/\/api.w.org\/{rel}","templated":true}]}}