{"id":215603,"date":"2025-11-03T04:17:09","date_gmt":"2025-11-03T04:17:09","guid":{"rendered":"https:\/\/www.europesays.com\/es\/215603\/"},"modified":"2025-11-03T04:17:09","modified_gmt":"2025-11-03T04:17:09","slug":"no-sabemos-si-tenia-los-pantalones-puestos","status":"publish","type":"post","link":"https:\/\/www.europesays.com\/es\/215603\/","title":{"rendered":"\u00abNo sabemos si ten\u00eda los pantalones puestos\u00bb"},"content":{"rendered":"<p style=\"\">El Consejo de Informativos de TVE ha se\u00f1alado a Gonzalo Mir\u00f3 por mala praxis. \u00bfEl motivo? Los ataques del presentador a Carlos Maz\u00f3n, presidente de la Comunidad Valenciana, el pasado 7 de octubre en el programa &#8216;<a href=\"https:\/\/www.abc.es\/play\/television\/noticias\/crece-calor-agitacion-politica-reta-liderazgo-antena-20251014165815-nt.html\" data-voc-vtm-id=\"in-text-traffic\" title=\"Directo al grano\" rel=\"nofollow noopener\" target=\"_blank\">Directo al grano<\/a>&#8216;. \u00abParece que, a pesar de  &#8230; todos los esfuerzos de la Generalitat por que no se conozca la verdad, hay algunas cosas que s\u00ed podemos ir sabiendo. Hay otras que est\u00e1n por saber. De momento no sabemos que pas\u00f3 en esa comida tan larga de Carlos Maz\u00f3n, no sabemos si estaba despierto, estaba dormido, si ten\u00eda los pantalones puestos o quitados o cu\u00e1l era su tasa de alcohol en sangre\u00bb, dijo Mir\u00f3. Y despu\u00e9s: \u00abCarlos Maz\u00f3n y su cara de cemento armado, porque no puede tener m\u00e1s rostro, resulta que todav\u00eda cree que los v\u00eddeos que est\u00e1n saliendo le favorecen\u2026\u00bb <\/p>\n<p class=\"voc-p\" style=\"\">\u00abEs inaceptable que un presentador, que no debe dar opini\u00f3n, lo haga con supuestos hechos no documentados, sin ning\u00fan fundamento ni prueba. Por tanto, con informaci\u00f3n no veraz. Aunque Gonzalo Mir\u00f3 sea personal externo a RTVE y contratado por una productora, debe cumplir con nuestra normativa. La Direcci\u00f3n no ha rectificado estas declaraciones y tampoco ha respondido a nuestros requerimientos\u00bb, afirma el consejo en un comunicado. Seg\u00fan su criterio, las palabras de Mir\u00f3 constituyen \u00abun claro caso de mala praxis que incumple el Manual de Estilo, el Estatuto de Informaci\u00f3n y la Ley General de Comunicaci\u00f3n Audiovisual\u00bb. <\/p>\n<p class=\"voc-p\" style=\"\">Adem\u00e1s, el consejo recuerda que declaraciones as\u00ed van contra el prestigio de la cadena. \u00abNo se puede <a href=\"https:\/\/www.abc.es\/play\/television\/noticias\/presidente-rtve-seguire-pidiendo-financiacion-television-publica-20251028123132-nt.html\" data-voc-vtm-id=\"in-text-traffic\" title=\"combatir la desinformaci\u00f3n\" rel=\"nofollow noopener\" target=\"_blank\">combatir la desinformaci\u00f3n<\/a> recurriendo a opiniones como esta. RTVE debe garantizar los est\u00e1ndares de calidad y rigor como Servicio P\u00fablico Esencial. Las mentiras se desmienten con verdades y con hechos contrastados, como, por ejemplo, se ha vuelto a realizar esta semana en el Telediario con las emisiones de las im\u00e1genes del Cecopi el d\u00eda de la dana del a\u00f1o pasado por las que volvemos a felicitar a los profesionales del CT de Valencia de TVE, por conseguir esos audios de gran relevancia informativa que pueden ser clave para llegar a conocer la verdad\u00bb, recuerdan.<\/p>\n<p class=\"voc-p\" style=\"\">Desde el consejo han emitido unas preguntas a la direcci\u00f3n de Magacines de RTVE, pero no han obtenido respuesta. Eran estas: \u00bfQui\u00e9n tom\u00f3 la decisi\u00f3n de esta intervenci\u00f3n y por qu\u00e9? \u00bfCrees que son palabras y tono adecuado para un presentador? \u00bfCrees que este caso respeta nuestra funci\u00f3n de servicio p\u00fablico que recoge la normativa de RTVE? \u00bfSe ha planteado alguna acci\u00f3n o rectificaci\u00f3n? \u00abEl d\u00eda 22 de octubre, la directora de Magacines, adem\u00e1s de no responder, nos plantea que el Consejo de Informativos de TVE no tiene competencias sobre el conjunto de programas de actualidad de la Corporaci\u00f3n RTVE\u00bb, a\u00f1aden, al tiempo que recuerdan que el consejo tiene competencia sobre \u00abtodos los contenidos informativos que se emiten en TVE\u00bb. <\/p>\n<p class=\"voc-p\" style=\"\">No es la primera vez que los trabajadores de RTVE se manifiestan contra &#8216;Directo al grano&#8217;. Hace unas semanas, el sindicato Comisiones Obreras de Catalu\u00f1a emiti\u00f3 un comunicado muy cr\u00edtico con este programa y con &#8216;Malas lenguas&#8217;. En \u00e9l, lamentaban que se estaba \u00abconvirtiendo en norma el hecho de mezclar informaci\u00f3n y opini\u00f3n\u00bb. \u00abEs un hecho que perjudica la credibilidad del servicio\u00bb, lamentaban. En septiembre, otro sindicato denunci\u00f3 \u00abla externalizaci\u00f3n de programas y recortes de pluses\u00bb.<\/p>\n","protected":false},"excerpt":{"rendered":"El Consejo de Informativos de TVE ha se\u00f1alado a Gonzalo Mir\u00f3 por mala praxis. \u00bfEl motivo? Los ataques&hellip;\n","protected":false},"author":2,"featured_media":215604,"comment_status":"","ping_status":"","sticky":false,"template":"","format":"standard","meta":{"footnotes":""},"categories":[8],"tags":[5608,17,18,415,1576,2805,25,24,13,14,4799,11,57926,10848,19,20,1439,10288,9,10,15,16,39405,6816,35593,23,12,3156,21,22],"class_list":{"0":"post-215603","1":"post","2":"type-post","3":"status-publish","4":"format-standard","5":"has-post-thumbnail","7":"category-espana","8":"tag-ataques","9":"tag-breaking-news","10":"tag-breakingnews","11":"tag-carlos","12":"tag-consejo","13":"tag-considera","14":"tag-es","15":"tag-espana","16":"tag-featured-news","17":"tag-featurednews","18":"tag-gonzalo","19":"tag-headlines","20":"tag-inaceptables","21":"tag-informativos","22":"tag-latest-news","23":"tag-latestnews","24":"tag-mazon","25":"tag-miro","26":"tag-news","27":"tag-noticias","28":"tag-noticias-destacadas","29":"tag-noticiasdestacadas","30":"tag-pantalones","31":"tag-puestos","32":"tag-sabemos","33":"tag-spain","34":"tag-titulares","35":"tag-tve","36":"tag-ultimas-noticias","37":"tag-ultimasnoticias"},"share_on_mastodon":{"url":"https:\/\/pubeurope.com\/@es\/115483839399014088","error":""},"_links":{"self":[{"href":"https:\/\/www.europesays.com\/es\/wp-json\/wp\/v2\/posts\/215603","targetHints":{"allow":["GET"]}}],"collection":[{"href":"https:\/\/www.europesays.com\/es\/wp-json\/wp\/v2\/posts"}],"about":[{"href":"https:\/\/www.europesays.com\/es\/wp-json\/wp\/v2\/types\/post"}],"author":[{"embeddable":true,"href":"https:\/\/www.europesays.com\/es\/wp-json\/wp\/v2\/users\/2"}],"replies":[{"embeddable":true,"href":"https:\/\/www.europesays.com\/es\/wp-json\/wp\/v2\/comments?post=215603"}],"version-history":[{"count":0,"href":"https:\/\/www.europesays.com\/es\/wp-json\/wp\/v2\/posts\/215603\/revisions"}],"wp:featuredmedia":[{"embeddable":true,"href":"https:\/\/www.europesays.com\/es\/wp-json\/wp\/v2\/media\/215604"}],"wp:attachment":[{"href":"https:\/\/www.europesays.com\/es\/wp-json\/wp\/v2\/media?parent=215603"}],"wp:term":[{"taxonomy":"category","embeddable":true,"href":"https:\/\/www.europesays.com\/es\/wp-json\/wp\/v2\/categories?post=215603"},{"taxonomy":"post_tag","embeddable":true,"href":"https:\/\/www.europesays.com\/es\/wp-json\/wp\/v2\/tags?post=215603"}],"curies":[{"name":"wp","href":"https:\/\/api.w.org\/{rel}","templated":true}]}}