{"id":215639,"date":"2025-11-03T04:54:09","date_gmt":"2025-11-03T04:54:09","guid":{"rendered":"https:\/\/www.europesays.com\/es\/215639\/"},"modified":"2025-11-03T04:54:09","modified_gmt":"2025-11-03T04:54:09","slug":"el-debate-final-de-supervivientes-all-stars-2-saco-a-la-luz-un-video-clave-entre-gloria-e-ivan-y-reencontro-a-dos-parejas","status":"publish","type":"post","link":"https:\/\/www.europesays.com\/es\/215639\/","title":{"rendered":"El debate final de &#8216;Supervivientes All Stars 2&#8217; sac\u00f3 a la luz un v\u00eddeo clave entre Gloria e Iv\u00e1n y reencontr\u00f3 a dos parejas"},"content":{"rendered":"<p class=\"article-text\">\n        <strong>Supervivientes All Stars 2<\/strong> cerr\u00f3 la edici\u00f3n m\u00e1s dura de la historia del reality con un debate final en el que fueron entrando uno a uno los finalistas &#8211; <strong>Tony Spina, Miri y Jessica Bueno<\/strong>&#8211; hasta que le lleg\u00f3 el turno al ganador: <strong>Rub\u00e9n Torres<\/strong>.\n    <\/p>\n<p>    <a href=\"https:\/\/www.eldiario.es\/vertele\/noticias\/segunda-vencida-ruben-torres-gana-supervivientes-all-stars-2-batir-records-reality_1_12730049.html\" data-mrf-recirculation=\"saber-mas\" data-dl-event=\"saber-mas\" rel=\"nofollow noopener\" target=\"_blank\"><\/p>\n<p class=\"know-more__title\">A la segunda va la vencida y Rub\u00e9n Torres gana &#8216;Supervivientes All Stars 2&#8217;, tras batir todos los r\u00e9cords del reality<\/p>\n<p>            <img decoding=\"async\" class=\"lazy\" loading=\"lazy\" data-src=\"https:\/\/static.eldiario.es\/clip\/5ea06175-404b-47d0-a28b-b1594d399bc8_16-9-aspect-ratio_default_0.jpg\" src=\"data:image\/svg+xml,%3Csvg xmlns=\" http:=\"\" viewbox=\"0 0 880 495\" alt=\"A la segunda va la vencida y Rub\u00e9n Torres gana 'Supervivientes All Stars 2', tras batir todos los r\u00e9cords del reality\"\/><\/p>\n<p>                        <\/a><\/p>\n<p class=\"article-text\">\n        Los cuatro confesaron qui\u00e9n les hab\u00eda decepcionado m\u00e1s: a Miri le hab\u00eda entristecido <strong>Fani<\/strong>, a Tony la actitud de Miri, a Jessica le hab\u00eda decepcionado <strong>Carlos Alba e Iv\u00e1n<\/strong>, mientras que Torres se\u00f1al\u00f3 a <strong>Sonia Monroy. <\/strong>\n    <\/p>\n<p class=\"article-text\">\n        Todos ellos pudieron limar asperezas con sus excompa\u00f1eros, solucionar (o no) cuentas pendientes y hasta sacar a la luz algunos secretos que ya hab\u00edan prescrito. As\u00ed lo hizo <strong>Noel Bayarri<\/strong> cuando habl\u00f3 del \u201cintento de hurto de unos cocos\u201d y el resto lo confirmaron.\n    <\/p>\n<blockquote class=\"twitter-tweet\" data-lang=\"es\"><p><a href=\"https:\/\/twitter.com\/X\/status\/1985104220161196064?ref_src=twsrc%5Etfw\" rel=\"nofollow noopener\" target=\"_blank\"><\/p><\/blockquote>\n<p class=\"article-text\">\n        Adem\u00e1s, el programa hab\u00eda preparado una <strong>cena rom\u00e1ntica para que Miri y Alejandro Albal\u00e1<\/strong> decidieran si continuar conoci\u00e9ndose o dejar su relaci\u00f3n como una simple amistad. Tony tambi\u00e9n protagoniz\u00f3 un momento de alegr\u00eda al reencontrarse con <strong>Marta Pe\u00f1ate, <\/strong>mientras que<strong> Iv\u00e1n y Gloria Camila<\/strong> continuaron con su enemistad.\n    <\/p>\n<p class=\"article-text\">\n        Todo ello en una noche en la que <strong>Sandra Barneda <\/strong>dedic\u00f3 a todos los protagonistas unas palabras de agradecimiento: \u201cEn nombre de todo el equipazo, os doy las gracias m\u00e1s sinceras por entregaros, por ponerlo f\u00e1cil, por ser supervivientes oro, y empezamos a trabajar en Supervivientes 2026 ya\u201d.\n    <\/p>\n<p>    La historia inacabada de Miri y Alejandro Albal\u00e1<\/p>\n<p class=\"article-text\">\n        El programa organiz\u00f3 una <strong>cena rom\u00e1ntica para Miri y Albal\u00e1,<\/strong> en la que se confesaron estar nerviosos, con una sonrisa constante y confidencias entre los dos.\n    <\/p>\n<p class=\"article-text\">\n        \u00c9l le explic\u00f3 que en el exterior todo el mundo hab\u00eda dudado de los sentimientos de ella, pero que le hab\u00eda dado igual: \u201cEs que da igual lo que diga la gente,<strong> lo importante es lo que diga yo<\/strong>\u201d, respondi\u00f3 la influencer.\n    <\/p>\n<blockquote class=\"twitter-tweet\" data-lang=\"es\"><p><a href=\"https:\/\/twitter.com\/X\/status\/1985109806999392537?ref_src=twsrc%5Etfw\" rel=\"nofollow noopener\" target=\"_blank\"><\/p><\/blockquote>\n<p class=\"article-text\">\n        Al volver a plat\u00f3, Miri pudo ver el v\u00eddeo de Fani en el que aseguraba que a ella nunca le hab\u00eda gustado Albal\u00e1 y le utilizaba. Pero Miri tuvo una respuesta clara: \u201c<strong>Albal\u00e1 me ha ido conquistando poco a poco<\/strong>, me ha ido gustando m\u00e1s cada vez que me dec\u00eda cosas, y cuando t\u00fa te fuiste a\u00fan no sent\u00eda eso. Pero si alguien cre\u00eda que era por estrategia que piense cu\u00e1ndo se fue \u00e9l y c\u00f3mo he seguido igualmente mi concurso\u201d.\n    <\/p>\n<p class=\"article-text\">\n        Tras ello, los dos decidieron darse una segunda cita para seguir conoci\u00e9ndose. Eso s\u00ed, Miri aclar\u00f3 que pasara lo que pasara entre ellos, se quedar\u00eda en la privacidad de sus vidas.\n    <\/p>\n<blockquote class=\"twitter-tweet\" data-lang=\"es\"><p><a href=\"https:\/\/twitter.com\/X\/status\/1985144282580164885?ref_src=twsrc%5Etfw\" rel=\"nofollow noopener\" target=\"_blank\"><\/p><\/blockquote>\n<p>    El reencuentro de Tony Spina con Marta&#8230; y Oriana<\/p>\n<p class=\"article-text\">\n        El italiano se reencontr\u00f3 con la que ya es su esposa en plat\u00f3. Ambos se fundieron en un abrazo y se dedicaron bonitas palabras, adem\u00e1s de las ganas de volver a compartir su vida rutinaria.\n    <\/p>\n<p class=\"article-text\">\n        En plat\u00f3 tambi\u00e9n dejaron que Tony viera las discusiones que hab\u00eda tenido Marta con su ex,<strong> Oriana:<\/strong> \u201cMe sabe mal que hayas pasado por este mal trago,<strong> lo que alucino es que con lo mala superviviente que ha sido, que ha aguantado dos d\u00edas venga a comentar Supervivientes<\/strong>\u201d, ironiz\u00f3.\n    <\/p>\n<blockquote class=\"twitter-tweet\" data-lang=\"es\"><p><a href=\"https:\/\/twitter.com\/X\/status\/1985107954769564041?ref_src=twsrc%5Etfw\" rel=\"nofollow noopener\" target=\"_blank\"><\/p><\/blockquote>\n<p class=\"article-text\">\n        Aunque Pe\u00f1ate le tranquiliz\u00f3 asegurando que se hab\u00eda podido defender sola: \u201cHa dicho muchas mentiras de m\u00ed, muchas cosas feas, tiene la credibilidad por los suelos\u201d.\n    <\/p>\n<p>    La amistad de Jessica Bueno y Gloria Camila, y la enemistad con Iv\u00e1n<\/p>\n<p class=\"article-text\">\n        Jessica Bueno entr\u00f3 a plat\u00f3 totalmente emocionada y prometiendo a Barneda que se quer\u00eda m\u00e1s que meses atr\u00e1s, pero que trabajar\u00e1 en subir su autoestima.\n    <\/p>\n<p class=\"article-text\">\n        La modelo tambi\u00e9n dijo que uno de sus premios hab\u00eda sido coincidir con <strong>Gloria Camila y llevarse su amistad. <\/strong>Lo que no pod\u00edan decir de Iv\u00e1n. Y es que la hija de Ortega Cano continu\u00f3 con su batalla personal contra el influencer.\n    <\/p>\n<p class=\"article-text\">\n        Ambos alegaban haberse lucrado una noche de pasi\u00f3n entre ellos, y ambos negaban lo mismo. Hasta que la presentadora puso el v\u00eddeo de la discordia, el que se supon\u00eda que Iv\u00e1n hab\u00eda sacado a la luz esa noche, cuando colaboraba en <strong>Mujeres y Hombres y Viceversa<\/strong>. Y as\u00ed fue.\n    <\/p>\n<blockquote class=\"twitter-tweet\" data-lang=\"es\"><p><a href=\"https:\/\/twitter.com\/X\/status\/1985141349645980123?ref_src=twsrc%5Etfw\" rel=\"nofollow noopener\" target=\"_blank\"><\/p><\/blockquote>\n<p class=\"article-text\">\n        Por lo que volvieron a enzarzarse en su discusi\u00f3n eterna, y aseguraron que ninguno quer\u00eda saber m\u00e1s del otro: \u201cYo con una persona que me trata mal p\u00fablicamente no la quiero tener cerca\u201d, dijo \u00e9l. \u201cHa cambiado totalmente su personalidad\u201d, lament\u00f3 ella.\n    <\/p>\n<p>    Rub\u00e9n Torres y su reconciliaci\u00f3n con Adara<\/p>\n<p class=\"article-text\">\n        Para acabar, Rub\u00e9n entr\u00f3 totalmente vitoreado por el p\u00fablico y sin poder reprimir las l\u00e1grimas. \u201c<strong>Estoy en un sue\u00f1o. Lo he disfrutado mucho<\/strong> y espero que el p\u00fablico tambi\u00e9n lo haya hecho\u201d.\n    <\/p>\n<p class=\"article-text\">\n        Explic\u00f3 la diferencia que hab\u00eda sentido entre la edici\u00f3n anterior y esta: \u201c<strong>Ven\u00eda con el coraz\u00f3n lleno de mi pareja y eso era muy distinto a la edici\u00f3n anterior.<\/strong> En esta me quer\u00eda alimentar de todos mis compa\u00f1eros, ya hab\u00eda demostrado en la anterior todo lo que pod\u00eda hacer. Quer\u00eda abrirme a ellos y ellos a m\u00ed\u201d.\n    <\/p>\n<p class=\"article-text\">\n        Preguntado por lo que m\u00e1s le hab\u00eda costado: \u201cHa sido una edici\u00f3n tan dura que he sufrido las tormentas, lluvias, el hambre brutal, las discusiones, el aburrimiento, echar de menos se me ha hecho duro\u201d.\n    <\/p>\n<p>    <a href=\"https:\/\/www.eldiario.es\/vertele\/noticias\/susto-maria-casado-carmen-corazzini-informativos-telecinco-halloween-video_1_12734725.html\" data-mrf-recirculation=\"saber-mas-abajo\" data-dl-event=\"saber-mas-abajo\" rel=\"nofollow noopener\" target=\"_blank\"><\/p>\n<p class=\"know-more__title\">El susto de Mar\u00eda Casado a Carmen Corazzini en &#8216;Informativos Telecinco&#8217; por Halloween: \u201cLleva as\u00ed todo el d\u00eda\u201d<\/p>\n<p>            <img decoding=\"async\" class=\"lazy\" loading=\"lazy\" data-src=\"https:\/\/static.eldiario.es\/clip\/3b49e825-7d76-46a6-bd7d-dbbe0f2260c0_16-9-aspect-ratio_default_0.jpg\" src=\"data:image\/svg+xml,%3Csvg xmlns=\" http:=\"\" viewbox=\"0 0 880 495\" alt=\"El susto de Mar\u00eda Casado a Carmen Corazzini en 'Informativos Telecinco' por Halloween: &quot;Lleva as\u00ed todo el d\u00eda&quot;\"\/><\/p>\n<p>                        <\/a><\/p>\n<blockquote class=\"twitter-tweet\" data-lang=\"es\"><p><a href=\"https:\/\/twitter.com\/X\/status\/1985137671040127081?ref_src=twsrc%5Etfw\" rel=\"nofollow noopener\" target=\"_blank\"><\/p><\/blockquote>\n<p class=\"article-text\">\n        Y tras ver v\u00eddeos de varias discusiones con Adara, ambos fueron capaces de reconocer lo bueno del otro. \u201cElla es buena persona\u201d, dijo \u00e9l. \u201c<strong>No me quiero emocionar, pero me ha ayudado mucho y tiene muy buen coraz\u00f3n<\/strong>\u201d dijo ella. Se levantaron y abrazaron emocionados, para acabar convertidos en amigos.\n    <\/p>\n<p>                                    <script async src=\"https:\/\/platform.twitter.com\/widgets.js\" charset=\"utf-8\"><\/script><\/p>\n","protected":false},"excerpt":{"rendered":"Supervivientes All Stars 2 cerr\u00f3 la edici\u00f3n m\u00e1s dura de la historia del reality con un debate final&hellip;\n","protected":false},"author":2,"featured_media":215640,"comment_status":"","ping_status":"","sticky":false,"template":"","format":"standard","meta":{"footnotes":""},"categories":[171],"tags":[10903,11286,12554,11559,10378,146,147,25,24,1058,3086,4358,1875,722,57929,19365,23,11287,3947,214,2338],"class_list":{"0":"post-215639","1":"post","2":"type-post","3":"status-publish","4":"format-standard","5":"has-post-thumbnail","7":"category-tv","8":"tag-10903","9":"tag-all","10":"tag-clave","11":"tag-debate","12":"tag-e","13":"tag-entertainment","14":"tag-entretenimiento","15":"tag-es","16":"tag-espana","17":"tag-final","18":"tag-gloria","19":"tag-ivan","20":"tag-luz","21":"tag-parejas","22":"tag-reencontro","23":"tag-saco","24":"tag-spain","25":"tag-stars","26":"tag-supervivientes","27":"tag-tv","28":"tag-video"},"share_on_mastodon":{"url":"https:\/\/pubeurope.com\/@es\/115483984708132130","error":""},"_links":{"self":[{"href":"https:\/\/www.europesays.com\/es\/wp-json\/wp\/v2\/posts\/215639","targetHints":{"allow":["GET"]}}],"collection":[{"href":"https:\/\/www.europesays.com\/es\/wp-json\/wp\/v2\/posts"}],"about":[{"href":"https:\/\/www.europesays.com\/es\/wp-json\/wp\/v2\/types\/post"}],"author":[{"embeddable":true,"href":"https:\/\/www.europesays.com\/es\/wp-json\/wp\/v2\/users\/2"}],"replies":[{"embeddable":true,"href":"https:\/\/www.europesays.com\/es\/wp-json\/wp\/v2\/comments?post=215639"}],"version-history":[{"count":0,"href":"https:\/\/www.europesays.com\/es\/wp-json\/wp\/v2\/posts\/215639\/revisions"}],"wp:featuredmedia":[{"embeddable":true,"href":"https:\/\/www.europesays.com\/es\/wp-json\/wp\/v2\/media\/215640"}],"wp:attachment":[{"href":"https:\/\/www.europesays.com\/es\/wp-json\/wp\/v2\/media?parent=215639"}],"wp:term":[{"taxonomy":"category","embeddable":true,"href":"https:\/\/www.europesays.com\/es\/wp-json\/wp\/v2\/categories?post=215639"},{"taxonomy":"post_tag","embeddable":true,"href":"https:\/\/www.europesays.com\/es\/wp-json\/wp\/v2\/tags?post=215639"}],"curies":[{"name":"wp","href":"https:\/\/api.w.org\/{rel}","templated":true}]}}