{"id":215647,"date":"2025-11-03T04:59:18","date_gmt":"2025-11-03T04:59:18","guid":{"rendered":"https:\/\/www.europesays.com\/es\/215647\/"},"modified":"2025-11-03T04:59:18","modified_gmt":"2025-11-03T04:59:18","slug":"la-razon-detras-de-la-ruptura-entre-ana-de-armas-y-tom-cruise","status":"publish","type":"post","link":"https:\/\/www.europesays.com\/es\/215647\/","title":{"rendered":"La raz\u00f3n detr\u00e1s de la ruptura entre Ana de Armas y Tom Cruise"},"content":{"rendered":"<p data-journey-content=\"true\" data-node-id=\"3\" class=\"css-6wxqfj emevuu60\">Tras nueve meses de intensa relaci\u00f3n<strong data-node-id=\"3.1\">, Tom Cruise y Ana de Armas pon\u00edan punto y final a su romance.<\/strong> Su historia de amor, como todo lo relacionado con el actor de Hollywood, estuvo envuelto en el m\u00e1s absoluto misterio.  La pareja solo fue captada una vez en actitud rom\u00e1ntica aunque han sido numerosas las ocasiones en la que hemos visto a la actriz de origen hispanocubano en el jet privado del actor. Se conocieron durante el rodaje de &#8216;Deeper&#8217; y durante el casi a\u00f1o que ha durado su relaci\u00f3n han sido muy discretos.<\/p>\n<p data-journey-content=\"true\" data-node-id=\"6\" class=\"css-6wxqfj emevuu60\">Lo cierto es que ahora, semanas despu\u00e9s del fin de su noviazgo, se comienzan a conocer los detalles que habr\u00edan precipitado esta ruptura. Seg\u00fan fuentes cercanas a la actriz, fue <strong data-node-id=\"6.1\">Ana de Armas la que tom\u00f3 la decisi\u00f3n de romper con Tom Cruise<\/strong>. <strong data-node-id=\"6.3\">\u00abLas cosas iban demasiado r\u00e1pido<\/strong>, y Ana empez\u00f3 a sentirse inc\u00f3moda con la velocidad a la que todo avanzaba\u00bb, revel\u00f3 dicha fuente a la revista Us Weekly.<\/p>\n<p data-journey-content=\"true\" data-node-id=\"8\" class=\"css-6wxqfj emevuu60\">A pesar de que ya no les une una relaci\u00f3n sentimental, Ana sigue manteniendo una amistad con \u00e9l. Adem\u00e1s no fue nada f\u00e1cil tomar esta decisi\u00f3n y ella no lo ha pasado nada bien estas \u00faltimas semanas tras su separaci\u00f3n. \u00abAna a\u00fan le tiene mucho cari\u00f1o a Tom, pero sent\u00eda que necesitaba dar un paso atr\u00e1s para poder seguir adelante con su vida\u00bb, explican fuentes cercanas a la actriz. <\/p>\n<p><img draggable=\"true\" alt=\"us premiere of &quot;mission: impossible the final reckoning (red carpet)\" title=\"US Premiere of &quot;Mission: Impossible - The Final Reckoning (Red Carpet)\" loading=\"lazy\" width=\"4778\" height=\"3185\" decoding=\"async\" data-nimg=\"1\" style=\"color:transparent;width:100%;height:auto;\"   src=\"https:\/\/www.europesays.com\/es\/wp-content\/uploads\/2025\/11\/tom-cruise-arrives-at-the-us-premiere-of-mission-impossible-news-photo-1762081859.pjpeg\" class=\"css-0 e1g79fud0\"\/><\/p>\n<p>Cindy Ord\/\/Getty Images<\/p>\n<p data-journey-content=\"true\" data-node-id=\"13\" class=\"css-6wxqfj emevuu60\">Fue una separaci\u00f3n cordial, pues pusieron fin a su relaci\u00f3n amorosa de manera madura y cordial, pero a\u00fan as\u00ed no fue sencillo para ninguno de los dos pues hab\u00edan forjado un s\u00f3lido v\u00ednculo. En un principio se dijo que fue Tom Cruise quien hab\u00eda tomado la decisi\u00f3n de poner punto y final a su historia de amor con Ana de Armas, pero nada m\u00e1s lejos de la realidad. Aunque fue <strong data-node-id=\"13.1\">Ana quien dio el primer paso fue amistosa y ambos mantienen una relaci\u00f3n de amistad. <\/strong><\/p>\n<p data-journey-content=\"true\" data-node-id=\"15\" class=\"css-6wxqfj emevuu60\">El popular actor de Hollywood se mostr\u00f3 en todo momento muy enamorado de la actriz, agasaj\u00e1ndola con joyas y flores. Pero, a pesar de todos los esfuerzos por parte de Tom Cruise, <strong data-node-id=\"15.1\">Ana decidi\u00f3 poner freno a lo r\u00e1pido que estaba fluyendo su romance,<\/strong> pues ahora mismo ella se encuentra centrada en su exitosa carrera como int\u00e9rprete y no estaba buscando una relaci\u00f3n tan seria. <\/p>\n<p>As\u00ed surgi\u00f3 su historia de amor <\/p>\n<p data-journey-content=\"true\" data-node-id=\"18\" class=\"css-6wxqfj emevuu60\">\u00abPasaban todos los d\u00edas juntos prepar\u00e1ndose y entrenando para las intensas secuencias subacu\u00e1ticas\u00bb, explica una fuente al citado medio. Su romance surgi\u00f3 en el set de rodaje por el \u00abprofundo respeto profesional y luego surgi\u00f3 algo m\u00e1s\u00bb. Tom qued\u00f3 completamente prendado de Ana y a ella le atrajo el gran apoyo que le daba \u00e9l en su carrera profesional. <\/p>\n<p data-journey-content=\"true\" data-node-id=\"20\" class=\"css-6wxqfj emevuu60\">Tambi\u00e9n influyeron las palabras de Pen\u00e9lope Cruz sobre Ana de Armas, pues la actriz espa\u00f1ola habl\u00f3 maravillas a su amigo sobre ella. Finalmente, este amor que comenz\u00f3 en febrero se ha terminado torciendo pero la amistad entre ambos prevalece.  <\/p>\n<p><img src=\"https:\/\/www.europesays.com\/es\/wp-content\/uploads\/2025\/11\/1762145958_482_4104b2dc-9d92-4a2f-a41f-327dc6377620_1734436473.jpg\" alt=\"Headshot of Valentina Vera\" title=\"Headshot of Valentina Vera\" width=\"100%\" height=\"100%\" decoding=\"async\" loading=\"lazy\" class=\"css-o0wq4v ev8dhu53\"\/><\/p>\n<p>Valentina Vera es una periodista experta en cr\u00f3nica rosa, realidad, &#8216;reality&#8217;, moda y belleza. Siempre al d\u00eda de las \u00faltimas novedades de los famosos nacionales e internacionales y de las casas reales europeas. Su trabajo como redactora le permite ser testigo de las bodas de los personajes m\u00e1s relevantes del panorama social; de alfombras rojas; de funerales de Estado o de acontecimientos hist\u00f3ricos: como la proclamaci\u00f3n de Felipe VI como Rey o la coronaci\u00f3n de Carlos III de Inglaterra.<br \/>\nLicenciada en Periodismo por la Universidad Complutense de Madrid. Comenz\u00f3 su andadura en el mundo del coraz\u00f3n en el a\u00f1o 2013 en la revista \u00a1Hola! Y desde 2014 forma parte del grupo Hearst, donde ha ido adquiriendo experiencia tanto en la edici\u00f3n impresa como en el formato web de la revista Diez Minutos.<br \/>\nEl medio digital le apasiona por la inmediatez en la que sus lectores pueden ser testigos de lo que sucede en la vida de los famosos desde cualquier parte del mundo. Instagram, Twitter y TikTok se han convertido en una herramienta m\u00e1s de informaci\u00f3n a la hora de crear, gestionar y organizar el contenido, ya que le permiten conocer la \u00faltima hora de lo que sucede en la vida de los famosos.<br \/>\nEn constante formaci\u00f3n de estrategias y t\u00e9cnicas de optimizaci\u00f3n digital para su trabajo como redactora, en la actualidad tambi\u00e9n se encuentra estudiando Diet\u00e9tica. Llevar un estilo de vida saludable es algo que le apasiona y cree que la nutrici\u00f3n es una parte fundamental.<\/p>\n","protected":false},"excerpt":{"rendered":"Tras nueve meses de intensa relaci\u00f3n, Tom Cruise y Ana de Armas pon\u00edan punto y final a su&hellip;\n","protected":false},"author":2,"featured_media":215648,"comment_status":"","ping_status":"","sticky":false,"template":"","format":"standard","meta":{"footnotes":""},"categories":[91],"tags":[253,146,147,25,24,23],"class_list":{"0":"post-215647","1":"post","2":"type-post","3":"status-publish","4":"format-standard","5":"has-post-thumbnail","7":"category-entretenimiento","8":"tag-discover","9":"tag-entertainment","10":"tag-entretenimiento","11":"tag-es","12":"tag-espana","13":"tag-spain"},"share_on_mastodon":{"url":"https:\/\/pubeurope.com\/@es\/115484004775392045","error":""},"_links":{"self":[{"href":"https:\/\/www.europesays.com\/es\/wp-json\/wp\/v2\/posts\/215647","targetHints":{"allow":["GET"]}}],"collection":[{"href":"https:\/\/www.europesays.com\/es\/wp-json\/wp\/v2\/posts"}],"about":[{"href":"https:\/\/www.europesays.com\/es\/wp-json\/wp\/v2\/types\/post"}],"author":[{"embeddable":true,"href":"https:\/\/www.europesays.com\/es\/wp-json\/wp\/v2\/users\/2"}],"replies":[{"embeddable":true,"href":"https:\/\/www.europesays.com\/es\/wp-json\/wp\/v2\/comments?post=215647"}],"version-history":[{"count":0,"href":"https:\/\/www.europesays.com\/es\/wp-json\/wp\/v2\/posts\/215647\/revisions"}],"wp:featuredmedia":[{"embeddable":true,"href":"https:\/\/www.europesays.com\/es\/wp-json\/wp\/v2\/media\/215648"}],"wp:attachment":[{"href":"https:\/\/www.europesays.com\/es\/wp-json\/wp\/v2\/media?parent=215647"}],"wp:term":[{"taxonomy":"category","embeddable":true,"href":"https:\/\/www.europesays.com\/es\/wp-json\/wp\/v2\/categories?post=215647"},{"taxonomy":"post_tag","embeddable":true,"href":"https:\/\/www.europesays.com\/es\/wp-json\/wp\/v2\/tags?post=215647"}],"curies":[{"name":"wp","href":"https:\/\/api.w.org\/{rel}","templated":true}]}}