{"id":215649,"date":"2025-11-03T05:00:15","date_gmt":"2025-11-03T05:00:15","guid":{"rendered":"https:\/\/www.europesays.com\/es\/215649\/"},"modified":"2025-11-03T05:00:15","modified_gmt":"2025-11-03T05:00:15","slug":"la-unica-competencia-real-del-mac","status":"publish","type":"post","link":"https:\/\/www.europesays.com\/es\/215649\/","title":{"rendered":"la \u00fanica competencia real del Mac"},"content":{"rendered":"<p>Siempre que entraba en una tienda de inform\u00e1tica, <strong>los Mac eran los ordenadores que m\u00e1s llamaban mi atenci\u00f3n<\/strong>. Aunque he de reconocer que tambi\u00e9n miraba de reojo los Sony VAIO. Adem\u00e1s, recuerdo cuando patrocinaban Operaci\u00f3n Triunfo en Espa\u00f1a y yo pensaba: \u00abqu\u00e9 bonitos son\u2026\u00bb<\/p>\n<p>Al final, el camino me llev\u00f3 por los Mac, pero los <strong>Sony VAIO fueron la competencia m\u00e1s directa que tuvo Apple<\/strong>, al menos en dise\u00f1o. \u00bfQu\u00e9 fue de ellos y por qu\u00e9 Steve Jobs quiso tener una relaci\u00f3n tan estrecha con Sony? La historia de Sony VAIO merece ser contada.<\/p>\n<p>Cuando Sony decidi\u00f3 reinventar el ordenador personal<\/p>\n<p>En 1996, Sony volv\u00eda al mercado de los ordenadores con una idea en mente: <strong>no hacer un PC m\u00e1s del mont\u00f3n<\/strong>. El presidente Nobuyuki Idei sab\u00eda que o aportaban algo diferente o no ten\u00eda sentido fabricar ordenadores. As\u00ed naci\u00f3 VAIO, siglas de Video and Audio Integrated Operation. \u00c9l quer\u00eda que fuese algo m\u00e1s que un port\u00e1til, que se convirtiese en un centro multimedia con capacidad de v\u00eddeo, sonido y creaci\u00f3n digital integrada.<\/p>\n<p><strong>El logo mezclaba una onda anal\u00f3gica con los d\u00edgitos binarios 1 y 0<\/strong>, simbolizando la fusi\u00f3n entre lo anal\u00f3gico y lo digital. Los primeros modelos eran violetas, con chasis de magnesio y un dise\u00f1o que romp\u00eda con todo lo que se hab\u00eda visto.<\/p>\n<p>                   <img class=\"centro_sinmarco\" height=\"1182\" width=\"3078\" loading=\"lazy\" decoding=\"async\"  fetchpriority=\"high\"  src=\"https:\/\/i.blogs.es\/e68c1b\/logo\/450_1000.webp\" alt=\"Logo de VAIO\" onerror=\"this.src=\" https:=\"\" false=\"\"\/><\/p>\n<p>Los a\u00f1os en los que VAIO compet\u00eda de t\u00fa a t\u00fa con el Mac<\/p>\n<p>El port\u00e1til SuperSlim PCG-505 de 1997 fue un antes y un despu\u00e9s: m<strong>agnesio ultraligero<\/strong>, teclado completo, docking station para expandir sin perder portabilidad. Sony apostaba por tecnolog\u00edas propias como FireWire, Memory Stick, grabaci\u00f3n de TV en MPEG y hasta compatibilidad con MiniDisc.<\/p>\n<p>                   <img class=\"centro_sinmarco\" height=\"614\" width=\"800\" loading=\"lazy\" decoding=\"async\"  fetchpriority=\"high\"  src=\"https:\/\/i.blogs.es\/925e6e\/superslim-pcg-505\/450_1000.webp\" alt=\"SuperSlim PCG-505\" onerror=\"this.src=\" https:=\"\" false=\"\"\/><\/p>\n<p>        SuperSlim PCG-505<\/p>\n<p><strong>Los VAIO se convirtieron en objeto de deseo<\/strong>: si el Mac era para creativos, el VAIO ten\u00eda ese toque ejecutivo y sobrio que seduc\u00eda a dise\u00f1adores y profesionales. Eran caros, s\u00ed, pero representaban el port\u00e1til premium a la altura de los Mac.<\/p>\n<p>Los a\u00f1os siguientes trajeron modelos que marcaron \u00e9poca. El VAIO Z se convirti\u00f3 en la joya t\u00e9cnica de la marca, el rival m\u00e1s cercano de los <a class=\"text-outboundlink\" href=\"https:\/\/www.applesfera.com\/analisis\/macbook-pro-m5-analisis-caracteristicas-precio-especificaciones\" data-vars-post-title=\"MacBook Pro M5, an\u00e1lisis: Apple afina su f\u00f3rmula desatando la potencia\" data-vars-post-url=\"https:\/\/www.applesfera.com\/analisis\/macbook-pro-m5-analisis-caracteristicas-precio-especificaciones\" rel=\"nofollow noopener\" target=\"_blank\">MacBook Pro<\/a>: chasis de fibra de carbono, pantalla Full HD, tarjeta gr\u00e1fica dedicada y <strong>a<\/strong><strong>utonom\u00eda<\/strong><strong> de siete horas<\/strong>. Sony lo defin\u00eda como \u00abla laptop sin concesiones\u00bb.<\/p>\n<p>                   <img class=\"centro_sinmarco\" height=\"1807\" width=\"2733\" loading=\"lazy\" decoding=\"async\"  fetchpriority=\"high\"  src=\"https:\/\/i.blogs.es\/dcaae2\/vaio-z\/450_1000.webp\" alt=\"VAIO Z\" onerror=\"this.src=\" https:=\"\" false=\"\"\/><\/p>\n<p>        VAIO Z<\/p>\n<p>Despu\u00e9s lleg\u00f3 el VAIO X505 en 2004, u<strong>n prodigio de ingenier\u00eda que pesaba solo 780 gramos<\/strong> y ten\u00eda menos de un cent\u00edmetro de grosor. Aleaciones de titanio, fibra de carbono y acabados artesanales fabricados en Jap\u00f3n. Fue el precedente directo del dise\u00f1o ultrafino que a\u00f1os despu\u00e9s perfeccionar\u00eda el <a class=\"text-outboundlink\" href=\"https:\/\/www.applesfera.com\/analisis\/apple-macbook-air-m4-analisis-caracteristicas-precio-especificaciones\" data-vars-post-title=\"Apple MacBook Air M4, an\u00e1lisis: el Mac m\u00e1s atractivo por precio y potencia en a\u00f1os\" data-vars-post-url=\"https:\/\/www.applesfera.com\/analisis\/apple-macbook-air-m4-analisis-caracteristicas-precio-especificaciones\" rel=\"nofollow noopener\" target=\"_blank\">MacBook Air<\/a>.<\/p>\n<p>                   <img class=\"centro_sinmarco\" height=\"886\" width=\"1090\" loading=\"lazy\" decoding=\"async\"  fetchpriority=\"high\"  src=\"https:\/\/i.blogs.es\/9df0a2\/l-vaio-x505\/450_1000.webp\" alt=\"l VAIO X505\" onerror=\"this.src=\" https:=\"\" false=\"\"\/><\/p>\n<p>        VAIO X505<\/p>\n<p>Tambi\u00e9n estaba el VAIO P de 2009, quiz\u00e1 el m\u00e1s carism\u00e1tico: <strong>un microport\u00e1til panor\u00e1mico de 8 pulgadas<\/strong> con teclado completo y acabados de lujo. Costaba casi 1.000 euros, mucho m\u00e1s que cualquier netbook, pero ofrec\u00eda una experiencia que ning\u00fan otro fabricante se atrev\u00eda a proponer. Fue el canto de cisne del esp\u00edritu experimental de Sony.<\/p>\n<p>                   <img class=\"centro_sinmarco\" height=\"1080\" width=\"1441\" loading=\"lazy\" decoding=\"async\"  fetchpriority=\"high\"  src=\"https:\/\/i.blogs.es\/45d013\/sony_vaio_p_01\/450_1000.webp\" alt=\"VAIO P\" onerror=\"this.src=\" https:=\"\" false=\"\"\/><\/p>\n<p>        VAIO P<\/p>\n<p>Jobs en Haw\u00e1i: la propuesta que pudo cambiar Mac OS<\/p>\n<p>En 2001, <strong>Steve Jobs jugaba al golf con ejecutivos de Sony en Haw\u00e1i<\/strong>. En medio de la partida, Jobs sac\u00f3 un Sony VAIO ejecutando Mac OS X. La propuesta era que los port\u00e1tiles <strong>VAIO fueran los \u00fanicos no Apple autorizados con macOS<\/strong>. Jobs admiraba tanto el dise\u00f1o y la precisi\u00f3n de Sony que estaba dispuesto a hacer una excepci\u00f3n, algo que jam\u00e1s consider\u00f3 con HP, Dell o cualquier otra marca. Para \u00e9l, solo Sony estaba a la altura del Mac en construcci\u00f3n, materiales y visi\u00f3n de futuro.<\/p>\n<p>Sony <a class=\"text-outboundlink\" href=\"https:\/\/www.applesfera.com\/curiosidades\/apple-quiso-llevar-mac-os-donde-mac-nunca-han-llegado-fue-exitoso-que-acabaron-cancelandolo\" data-vars-post-title=\"El proyecto que Apple cancel\u00f3 por ser demasiado peligroso para su imagen. Por eso Steve Jobs no lo quiso\" data-vars-post-url=\"https:\/\/www.applesfera.com\/curiosidades\/apple-quiso-llevar-mac-os-donde-mac-nunca-han-llegado-fue-exitoso-que-acabaron-cancelandolo\" rel=\"nofollow noopener\" target=\"_blank\">rechaz\u00f3 la oferta<\/a>. <strong>Hab\u00edan optimizado todo para Windows<\/strong> y tem\u00edan perder recursos en una aventura incierta. Pero ese gesto de Jobs dej\u00f3 claro que solo los japoneses de VAIO consiguieron ese respeto suyo.<\/p>\n<p>                   <img class=\"centro_sinmarco\" height=\"972\" width=\"2000\" loading=\"lazy\" decoding=\"async\"  fetchpriority=\"high\"  src=\"https:\/\/i.blogs.es\/f1b513\/steve-jobs-sony-vaio-apple-ando-kunitake-2001-1-1\/450_1000.webp\" alt=\"Steve Jobs y Ando Kunitake (presidente de Sony Corporation)\" onerror=\"this.src=\" https:=\"\" false=\"\"\/><\/p>\n<p>        Steve Jobs y Ando Kunitake (presidente de Sony Corporation)<\/p>\n<p>El declive y Sony perdiendo el rumbo<\/p>\n<p>A partir de <strong>2008, todo empez\u00f3 a torcerse<\/strong>. La crisis econ\u00f3mica, la avalancha de smartphones y tablets, los precios inflados y la falta de un ecosistema propio debilitaron a VAIO. Apple se refugi\u00f3 en su universo iPhone, iPod y Mac. Sony qued\u00f3 en tierra de nadie: sus port\u00e1tiles costaban tanto o m\u00e1s que un MacBook, pero sin ese sistema operativo de ensue\u00f1o. Los experimentos como el VAIO P de bolsillo o los h\u00edbridos desmontables no lograron remontar las ventas. Las<strong> luchas internas entre los equipos de PC, PlayStation, m\u00f3viles y televisores <\/strong>terminaron de desgastar el proyecto.<\/p>\n<p>En<strong> febrero de 2014, Sony vendi\u00f3 VAIO <\/strong>a Japan Industrial Partners. Fue el cierre simb\u00f3lico de la era de los port\u00e1tiles japoneses ultraaspiracionales. De los 5.000 empleados solo qued\u00f3 la nostalgia y una marca que hoy sobrevive principalmente en Jap\u00f3n.<\/p>\n<p>                   <img class=\"centro_sinmarco\" height=\"550\" width=\"740\" loading=\"lazy\" decoding=\"async\"  fetchpriority=\"high\"  src=\"https:\/\/i.blogs.es\/6a1e68\/vaio-ux\/450_1000.webp\" alt=\"VAIO UX\" onerror=\"this.src=\" https:=\"\" false=\"\"\/><\/p>\n<p>        VAIO UX<\/p>\n<p>El legado: el \u00fanico rival que estuvo a la altura<\/p>\n<p>El Sony VAIO fue m\u00e1s que un port\u00e1til. Fue el \u00fanico que Apple y Steve Jobs reconocieron como digno, est\u00e9tica y conceptualmente. <strong>Defini\u00f3 el port\u00e1til aspiracional<\/strong>, integr\u00f3 lo audiovisual como ning\u00fan otro y dej\u00f3 escuela en dise\u00f1o e ingenier\u00eda de materiales. <strong>Su gran pecado fue quedarse atrapado<\/strong> en precios prohibitivos sin poder construir su propio ecosistema, mientras el mundo tiraba hacia la nube, lo t\u00e1ctil y la movilidad.<\/p>\n<p>Hoy pocos quedan con uno funcionando. Pero quien ha encendido un VAIO sabe que nunca hubo nada igual fuera de Apple. Por eso, Steve Jobs solo admir\u00f3 un port\u00e1til ajeno en toda su vida profesional. Y ese fue el VAIO.<\/p>\n<p>En Applesfera | <a class=\"text-outboundlink\" href=\"https:\/\/www.applesfera.com\/curiosidades\/11-libros-que-ensenaron-a-steve-jobs-a-liderar-convertir-a-apple-empresa-que-hoy\" data-vars-post-title=\"Los 11 libros que ense\u00f1aron a Steve Jobs a liderar y convertir a Apple en la empresa que es hoy\" data-vars-post-url=\"https:\/\/www.applesfera.com\/curiosidades\/11-libros-que-ensenaron-a-steve-jobs-a-liderar-convertir-a-apple-empresa-que-hoy\" rel=\"nofollow noopener\" target=\"_blank\">Los 11 libros que ense\u00f1aron a Steve Jobs a liderar y convertir a Apple en la empresa que es hoy<\/a><\/p>\n<p>En Applesfera | <a class=\"text-outboundlink\" href=\"https:\/\/www.applesfera.com\/nuevo\/nuevo-apple-iphone-plegable-informacion\" data-vars-post-title=\"Nuevo iPhone plegable - Todo lo que creemos saber sobre \u00e9l\" data-vars-post-url=\"https:\/\/www.applesfera.com\/nuevo\/nuevo-apple-iphone-plegable-informacion\" rel=\"nofollow noopener\" target=\"_blank\">Nuevo iPhone plegable &#8211; Todo lo que creemos saber sobre \u00e9l<\/a><\/p>\n","protected":false},"excerpt":{"rendered":"Siempre que entraba en una tienda de inform\u00e1tica, los Mac eran los ordenadores que m\u00e1s llamaban mi atenci\u00f3n.&hellip;\n","protected":false},"author":2,"featured_media":215650,"comment_status":"","ping_status":"","sticky":false,"template":"","format":"standard","meta":{"footnotes":""},"categories":[81],"tags":[119,123,124,25,24,117,121,122,23,118,120],"class_list":{"0":"post-215649","1":"post","2":"type-post","3":"status-publish","4":"format-standard","5":"has-post-thumbnail","7":"category-ciencia-y-tecnologia","8":"tag-ciencia","9":"tag-ciencia-y-tecnologia","10":"tag-cienciaytecnologia","11":"tag-es","12":"tag-espana","13":"tag-science","14":"tag-science-and-technology","15":"tag-scienceandtechnology","16":"tag-spain","17":"tag-technology","18":"tag-tecnologia"},"share_on_mastodon":{"url":"https:\/\/pubeurope.com\/@es\/115484009145593807","error":""},"_links":{"self":[{"href":"https:\/\/www.europesays.com\/es\/wp-json\/wp\/v2\/posts\/215649","targetHints":{"allow":["GET"]}}],"collection":[{"href":"https:\/\/www.europesays.com\/es\/wp-json\/wp\/v2\/posts"}],"about":[{"href":"https:\/\/www.europesays.com\/es\/wp-json\/wp\/v2\/types\/post"}],"author":[{"embeddable":true,"href":"https:\/\/www.europesays.com\/es\/wp-json\/wp\/v2\/users\/2"}],"replies":[{"embeddable":true,"href":"https:\/\/www.europesays.com\/es\/wp-json\/wp\/v2\/comments?post=215649"}],"version-history":[{"count":0,"href":"https:\/\/www.europesays.com\/es\/wp-json\/wp\/v2\/posts\/215649\/revisions"}],"wp:featuredmedia":[{"embeddable":true,"href":"https:\/\/www.europesays.com\/es\/wp-json\/wp\/v2\/media\/215650"}],"wp:attachment":[{"href":"https:\/\/www.europesays.com\/es\/wp-json\/wp\/v2\/media?parent=215649"}],"wp:term":[{"taxonomy":"category","embeddable":true,"href":"https:\/\/www.europesays.com\/es\/wp-json\/wp\/v2\/categories?post=215649"},{"taxonomy":"post_tag","embeddable":true,"href":"https:\/\/www.europesays.com\/es\/wp-json\/wp\/v2\/tags?post=215649"}],"curies":[{"name":"wp","href":"https:\/\/api.w.org\/{rel}","templated":true}]}}