{"id":215651,"date":"2025-11-03T05:01:08","date_gmt":"2025-11-03T05:01:08","guid":{"rendered":"https:\/\/www.europesays.com\/es\/215651\/"},"modified":"2025-11-03T05:01:08","modified_gmt":"2025-11-03T05:01:08","slug":"europa-llega-al-frio-con-menos-gas-almacenado-y-mas-dependiente-de-ee-uu-y-qatar-economia","status":"publish","type":"post","link":"https:\/\/www.europesays.com\/es\/215651\/","title":{"rendered":"Europa llega al fr\u00edo con menos gas almacenado y m\u00e1s dependiente de EE UU y Qatar | Econom\u00eda"},"content":{"rendered":"<p class=\"\">Primero, los datos. La Uni\u00f3n Europea llega al invierno con las reservas de gas ligeramente por encima del 82%. La cifra puede no sonar mal, pero es la m\u00e1s baja desde el inicio de la crisis energ\u00e9tica y la segunda menor en una d\u00e9cada. Est\u00e1, en fin, 10 puntos por debajo de la media hist\u00f3rica, una serie que empieza en 2011, y tambi\u00e9n 10 puntos por debajo del <a href=\"https:\/\/elpais.com\/economia\/2024-08-21\/la-ue-alcanza-la-meta-del-90-de-llenado-de-sus-tanques-de-gas-dos-meses-antes-de-la-fecha-tope.html\" target=\"_self\" rel=\"nofollow noopener\" title=\"https:\/\/elpais.com\/economia\/2024-08-21\/la-ue-alcanza-la-meta-del-90-de-llenado-de-sus-tanques-de-gas-dos-meses-antes-de-la-fecha-tope.html\">objetivo inicialmente fijado por la Comisi\u00f3n Europea para estas alturas del a\u00f1o<\/a>. Aunque la incertidumbre de los modelos de predicci\u00f3n siempre es grande, algunos meteor\u00f3logos ven indicios de un invierno algo m\u00e1s fr\u00edo en el hemisferio norte que los tres anteriores, particularmente c\u00e1lidos. Y mercurios bajos siempre son sin\u00f3nimo de mayor consumo.<\/p>\n<p class=\"\">Con la temporada de alta demanda de gas lanzada \u2015las calefacciones ya est\u00e1n encendidas en buena parte del continente\u2015, este c\u00f3ctel de factores invita a la cautela pero no a la alarma. Lo peor de la zozobra continental sobre el suministro <a href=\"https:\/\/elpais.com\/economia\/2022-12-18\/europa-da-por-superada-la-primera-fase-de-la-crisis-energetica-pero-teme-el-invierno-de-2023.html\" target=\"_self\" rel=\"nofollow noopener\" title=\"https:\/\/elpais.com\/economia\/2022-12-18\/europa-da-por-superada-la-primera-fase-de-la-crisis-energetica-pero-teme-el-invierno-de-2023.html\">qued\u00f3 atr\u00e1s hace tiempo<\/a> y, tras la dr\u00e1stica reducci\u00f3n de las llegadas de gas ruso por tubo, los Veintisiete han reconstruido su matriz importadora en tiempo r\u00e9cord. Han levantado terminales de licuefacci\u00f3n, indispensables para traer combustible por barco desde cualquier rinc\u00f3n del mundo, y han destruido mucha demanda, sobre todo industrial: una mala noticia econ\u00f3mica, pero que ha mejorado la seguridad de suministro.<\/p>\n<p class=\"\">El bajo nivel de gas en dep\u00f3sitos \u2015especialmente exiguo en Alemania, el mayor consumidor del Viejo Continente\u2015 deja, sin embargo, a los Veintisiete particularmente expuestos a los vaivenes del gran bazar mundial del gas natural licuado (<a href=\"https:\/\/elpais.com\/economia\/2023-02-20\/gnl-las-tres-letras-que-han-cambiado-para-siempre-el-paradigma-energetico-europeo.html\" target=\"_self\" rel=\"nofollow noopener\" title=\"https:\/\/elpais.com\/economia\/2023-02-20\/gnl-las-tres-letras-que-han-cambiado-para-siempre-el-paradigma-energetico-europeo.html\">GNL<\/a>, el que se mueve por mar), <a href=\"https:\/\/ieefa.org\/european-lng-tracker\" target=\"_self\" rel=\"nofollow noopener\" title=\"https:\/\/ieefa.org\/european-lng-tracker\">dominado en estas latitudes por Estados Unidos y Qatar \u2015y, en menor medida, por Argelia, Nigeria y Noruega<\/a>, ya <a href=\"https:\/\/elpais.com\/internacional\/2025-09-19\/bruselas-exige-a-los-estados-adelantar-un-ano-la-desconexion-del-gas-ruso-tras-las-presiones-de-trump.html\" target=\"_self\" rel=\"nofollow noopener\" title=\"https:\/\/elpais.com\/internacional\/2025-09-19\/bruselas-exige-a-los-estados-adelantar-un-ano-la-desconexion-del-gas-ruso-tras-las-presiones-de-trump.html\">con Rusia de retirada<\/a>\u2015. La buena nueva es que en ese bazar global en el que las barcazas cambian de destino sobre la marcha, la competencia de Asia \u2015China, Jap\u00f3n y Corea del Sur, la trilog\u00eda de grandes clientes de este gas\u2015 ha aflojado.<\/p>\n<p class=\"\">\u201cLos niveles de almacenamiento siguen siendo comparativamente bajos al inicio del invierno. Por lo tanto, desde la perspectiva de la operaci\u00f3n del sistema y la preparaci\u00f3n invernal, se recomienda continuar con el monitoreo en las pr\u00f3ximas semanas\u201d, advert\u00edan a principios de octubre los t\u00e9cnicos de <a href=\"https:\/\/www.entsog.eu\/\" target=\"_self\" rel=\"nofollow noopener\" title=\"https:\/\/www.entsog.eu\/\">ENTSOG<\/a>, el ente que representa a los operadores de la red gasista, en sus perspectivas a corto y medio plazo. Pon\u00edan el foco, sobre todo, en el centro-norte del continente.<\/p>\n<p class=\"\">En su escenario base, el organismo con sede en Bruselas calcula que las reservas europeas llegar\u00e1n a finales de marzo con entre un tercio y cuarto de llenado. Y que, incluso en un escenario de alto consumo \u2015dos semanas de <a href=\"https:\/\/elpais.com\/noticias\/olas-frio\/\" target=\"_self\" rel=\"nofollow noopener\" title=\"https:\/\/elpais.com\/noticias\/olas-frio\/\">ola de fr\u00edo<\/a>\u2015, ning\u00fan pa\u00eds se ver\u00eda obligado a cortar demanda. M\u00e1s problemas habr\u00eda en caso de baja disponibilidad de gas licuado \u2015un tajo aproximado de 1.000 gigavatios hora (GWh) en las llegadas diarias de este combustible a puerto\u2015, en el que los almacenamientos llegar\u00edan pr\u00e1cticamente exhaustos al final de la temporada de calefacciones: al 16% de su capacidad total.<\/p>\n<p class=\"\">El \u00fanico escenario de ENTSOG en el que los pa\u00edses s\u00ed tendr\u00edan que aplicar restricciones sobre la demanda es el del invierno muy fr\u00edo, con el consumo disparado hasta m\u00e1ximos de los 15 \u00faltimos a\u00f1os. Ah\u00ed, las reservas estrat\u00e9gicas quedar\u00edan en un escas\u00edsimo 11%. Pero incluso en ese escenario, el m\u00e1s extremo, los pa\u00edses a\u00fan podr\u00edan echar mano de su reci\u00e9n reforzada red de regasificadoras \u201cpara importar suficiente GNL para compensar ese aumento de la demanda\u201d.<\/p>\n<p class=\"\">\u201cLos pa\u00edses europeos no reemplazaron las grandes extracciones de gas almacenado registradas en el primer trimestre del a\u00f1o\u201d, explica <a href=\"https:\/\/www.energypolicy.columbia.edu\/ira-joseph\/\" target=\"_self\" rel=\"nofollow noopener\" title=\"https:\/\/www.energypolicy.columbia.edu\/ira-joseph\/\">Ira Joseph<\/a>, investigador s\u00e9nior del <a href=\"https:\/\/www.energypolicy.columbia.edu\/\" rel=\"nofollow noopener\" target=\"_blank\">Centro de Pol\u00edtica Energ\u00e9tica Global<\/a>, adscrito a la Universidad de Columbia. A eso se suma <a href=\"https:\/\/elpais.com\/internacional\/2025-01-01\/la-ue-deja-de-recibir-gas-ruso-a-traves-de-ucrania.html\" target=\"_self\" rel=\"nofollow noopener\" title=\"https:\/\/elpais.com\/internacional\/2025-01-01\/la-ue-deja-de-recibir-gas-ruso-a-traves-de-ucrania.html\">el fin definitivo<\/a> del <a href=\"https:\/\/elpais.com\/internacional\/2024-02-04\/el-gas-y-el-crudo-rusos-fluyen-aun-bajo-suelo-ucranio-dos-anos-despues-de-la-invasion.html\" target=\"_self\" rel=\"nofollow noopener\" title=\"https:\/\/elpais.com\/internacional\/2024-02-04\/el-gas-y-el-crudo-rusos-fluyen-aun-bajo-suelo-ucranio-dos-anos-despues-de-la-invasion.html\">parad\u00f3jico tr\u00e1nsito de combustible ruso a trav\u00e9s de Ucrania<\/a>, desde enero, que \u201cla producci\u00f3n global de GNL no ha aumentado demasiado este a\u00f1o\u201d y que la UE \u201cha relajado sus exigencias sobre los niveles m\u00ednimos de almacenamiento tras la ca\u00edda generalizada de la demanda\u201d.<\/p>\n<p class=\"\">El descenso en el consumo, sin embargo, se ha ralentizado en los \u00faltimos meses en el sector el\u00e9ctrico. En especial, en dos grandes pa\u00edses europeos: Alemania, que en octubre ha quemado m\u00e1s gas que nunca para generar electricidad; y Espa\u00f1a, donde la prudencia extra de Red El\u00e9ctrica tras <a href=\"https:\/\/elpais.com\/economia\/2025-05-01\/cinco-segundos-que-sumieron-espana-en-el-colapso.html\" target=\"_self\" rel=\"nofollow noopener\" title=\"https:\/\/elpais.com\/economia\/2025-05-01\/cinco-segundos-que-sumieron-espana-en-el-colapso.html\">el in\u00e9dito apag\u00f3n<\/a> de finales de abril <a href=\"https:\/\/elpais.com\/economia\/2025-05-17\/el-encendido-de-centrales-de-gas-tras-el-apagon-eleva-el-desperdicio-de-energia-verde.html\" target=\"_self\" rel=\"nofollow noopener\" title=\"https:\/\/elpais.com\/economia\/2025-05-17\/el-encendido-de-centrales-de-gas-tras-el-apagon-eleva-el-desperdicio-de-energia-verde.html\">ha disparado el uso de las centrales de ciclo combinado para controlar la tensi\u00f3n del sistema<\/a>.<\/p>\n<p class=\"\">Pese a tener menos gas guardado bajo tierra, Joseph ve al Viejo Continente \u201cen buena posici\u00f3n\u201d para afrontar los meses de fr\u00edo: \u201cTanto la demanda base como la demanda en picos han ca\u00eddo con fuerza esta d\u00e9cada, y va a haber mucho m\u00e1s GNL disponible para ser comprado sobre la marcha\u201d.<\/p>\n<p class=\"\">Si el invierno viniese m\u00e1s fr\u00edo de lo normal, una opci\u00f3n a la que algunas proyecciones meteorol\u00f3gicas \u2015como las de Jess Hicks, analista de <a href=\"https:\/\/about.bnef.com\/\" target=\"_self\" rel=\"nofollow noopener\" title=\"https:\/\/about.bnef.com\/\">BloombergNEF<\/a>\u2015 atribuyen m\u00e1s probabilidades que en a\u00f1os anteriores, los problemas ir\u00edan por barrios. \u201cAlemania tiene el mayor d\u00e9ficit de almacenamiento, por lo que el fr\u00edo all\u00ed tendr\u00eda un efecto m\u00e1s alcista\u201d, ejemplifica el investigador de Columbia.<\/p>\n<p class=\"\">Hicks cree que hay \u201cfactores que aumentan el riesgo de un evento de calentamiento s\u00fabito de la estratosfera y, por tanto, del colapso del v\u00f3rtice polar, lo que provocar\u00eda irrupciones de aire fr\u00edo en el hemisferio norte\u201d. Eso, explica por correo electr\u00f3nico, \u201cempujar\u00eda las temperaturas medias de la temporada por debajo de lo normal, especialmente en comparaci\u00f3n con los dos \u00faltimos inviernos\u201d.<\/p>\n<p class=\"\">Noviembre, dice, apunta a templado, lo que favorecer\u00eda el almacenamiento: menos demanda de calefacci\u00f3n y buen tono en la generaci\u00f3n renovable. \u201cSin embargo, si las condiciones m\u00e1s fr\u00edas comienzan en torno a diciembre y el riesgo de irrupciones de aire fr\u00edo aumenta a principios de 2026, ah\u00ed s\u00ed podr\u00edamos ver un repunte en el consumo de gas\u201d, augura Hicks.<\/p>\n<p>M\u00e1s informaci\u00f3n<\/p>\n<p class=\"\">\u201cUna ola de fr\u00edo en oto\u00f1o podr\u00eda aumentar la presi\u00f3n sobre los precios, dado que Europa compite con Asia por el GNL\u201d, advierten, en la misma l\u00ednea, los analistas de la consultora energ\u00e9tica <a href=\"https:\/\/montel.energy\/about-us\" target=\"_self\" rel=\"nofollow noopener\" title=\"https:\/\/montel.energy\/about-us\">Montel<\/a> en su informe sobre el \u00faltimo trimestre del a\u00f1o. En \u00faltima instancia, dice, ser\u00e1n las condiciones meteorol\u00f3gicas \u201clas que determinar\u00e1n el estr\u00e9s al que se ver\u00e1 sometido el sistema\u201d energ\u00e9tico europeo. En especial \u201cante los indicios que de un invierno m\u00e1s fr\u00edo de lo normal\u201d. Un escenario que, de materializarse, \u201cpresionar\u00eda a la baja las reservas [de gas]\u201d y elevar\u00eda, tambi\u00e9n, los precios de la electricidad.<\/p>\n<p>Grandes diferencias por pa\u00edses<\/p>\n<p class=\"\">Analizar la UE como un bloque monol\u00edtico puede llevar al error. Suecia, Polonia, Rumania y Portugal rondan el 100%, e Italia y Francia est\u00e1n \u2015respectivamente\u2015 en el 94% y el 92%. En el lado opuesto, Letonia o Croacia superan por poco el 50%. El problema es que aquellos que tienen m\u00e1s capacidad de reserva, como Alemania \u2015que suma, por s\u00ed sola, algo m\u00e1s de la quinta parte del total\u2015 o Pa\u00edses Bajos, a duras penas superan el 70%. Con una capacidad mucho menor, pero con un amplio abanico de fuentes de suministro \u2015muchas regasificadoras y un tubo activo desde Argelia\u2015, Espa\u00f1a tiene sus reservas estrat\u00e9gicas al 86%.<\/p>\n<p class=\"\">\u201cSin ser alarmante, el almacenamiento de gas, sobre todo en el norte, que es la zona m\u00e1s relevante, est\u00e1 en unos niveles bajos respecto a las expectativas que ten\u00edamos hace unos meses\u201d, apunta <a href=\"https:\/\/x.com\/PedroCantuel\" target=\"_self\" rel=\"nofollow\" title=\"https:\/\/x.com\/PedroCantuel\">Pedro Cantuel<\/a>, analista del grupo energ\u00e9tico Ignis. \u201cLo que me sorprende es que no se est\u00e9 notando en el precio, pero quiz\u00e1 s\u00ed lo haga cuando llegue el fr\u00edo de verdad&#8230;\u201d. Disponibilidad de barcos metaneros, dice, \u201cva a haber, pero el precio a pagar puede ser alto y el atasco en las <a href=\"https:\/\/elpais.com\/noticias\/plantas-regasificacion\/\" target=\"_self\" rel=\"nofollow noopener\" title=\"https:\/\/elpais.com\/noticias\/plantas-regasificacion\/\">regasificadoras<\/a> de Europa septentrional, importante. As\u00ed que la clave es que Noruega, <a href=\"https:\/\/elpais.com\/economia\/2023-03-15\/el-bum-noruego-del-gas-en-cifras-el-estado-quintuplica-los-reditos-de-sus-yacimientos-respecto-a-un-ano-normal.html\" target=\"_self\" rel=\"nofollow noopener\" title=\"https:\/\/elpais.com\/economia\/2023-03-15\/el-bum-noruego-del-gas-en-cifras-el-estado-quintuplica-los-reditos-de-sus-yacimientos-respecto-a-un-ano-normal.html\">el mayor proveedor europeo por tubo<\/a> y que hasta ahora ha sido muy fiable, <a href=\"https:\/\/elpais.com\/economia\/2024-06-03\/una-grieta-en-una-tuberia-en-noruega-lleva-el-precio-del-gas-en-europa-a-maximos-del-ano.html\" target=\"_self\" rel=\"nofollow noopener\" title=\"https:\/\/elpais.com\/economia\/2024-06-03\/una-grieta-en-una-tuberia-en-noruega-lleva-el-precio-del-gas-en-europa-a-maximos-del-ano.html\">no se resfr\u00ede ni un solo d\u00eda<\/a> este invierno\u201d.<\/p>\n<p>Un continente que tambi\u00e9n es un gran almac\u00e9n<\/p>\n<p>A estas alturas y crisis energ\u00e9tica mediante, apunta Ira Joseph, de la Universidad de Columbia (Nueva York), el resto del mundo no solo ve en la UE un gigantesco mercado consumidor de gas, sino tambi\u00e9n como un proveedor de almacenamiento durante una mitad del a\u00f1o. \u00abDado el aumento previsto de la oferta de GNL, del 50% en los cinco pr\u00f3ximos a\u00f1os\u00bb, subraya por correo electr\u00f3nico, \u00abel mundo necesita la capacidad de almacenaje de Europa tanto como el continente necesita ese gas licuado para reemplazar los vol\u00famenes que antes ven\u00edan de Rusia\u201d.<\/p>\n","protected":false},"excerpt":{"rendered":"Primero, los datos. La Uni\u00f3n Europea llega al invierno con las reservas de gas ligeramente por encima del&hellip;\n","protected":false},"author":2,"featured_media":215652,"comment_status":"","ping_status":"","sticky":false,"template":"","format":"standard","meta":{"footnotes":""},"categories":[80],"tags":[1660,5390,82,57936,22081,95,94,5220,5498,25,24,629,317,16249,20024,16250,628,11347,4907,57935,20989,1614,23,6195,1617],"class_list":{"0":"post-215651","1":"post","2":"type-post","3":"status-publish","4":"format-standard","5":"has-post-thumbnail","7":"category-economia","8":"tag-alemania","9":"tag-argelia","10":"tag-business","11":"tag-calefaccion","12":"tag-combustibles-fosiles","13":"tag-economia","14":"tag-economy","15":"tag-energia","16":"tag-energias-renovables","17":"tag-es","18":"tag-espana","19":"tag-estados-unidos","20":"tag-francia","21":"tag-frio","22":"tag-gas-natural","23":"tag-invierno","24":"tag-italia","25":"tag-meteorologia","26":"tag-noruega","27":"tag-plantas-regasificacion","28":"tag-qatar","29":"tag-rusia","30":"tag-spain","31":"tag-temperaturas","32":"tag-union-europea"},"share_on_mastodon":{"url":"https:\/\/pubeurope.com\/@es\/115484012248874881","error":""},"_links":{"self":[{"href":"https:\/\/www.europesays.com\/es\/wp-json\/wp\/v2\/posts\/215651","targetHints":{"allow":["GET"]}}],"collection":[{"href":"https:\/\/www.europesays.com\/es\/wp-json\/wp\/v2\/posts"}],"about":[{"href":"https:\/\/www.europesays.com\/es\/wp-json\/wp\/v2\/types\/post"}],"author":[{"embeddable":true,"href":"https:\/\/www.europesays.com\/es\/wp-json\/wp\/v2\/users\/2"}],"replies":[{"embeddable":true,"href":"https:\/\/www.europesays.com\/es\/wp-json\/wp\/v2\/comments?post=215651"}],"version-history":[{"count":0,"href":"https:\/\/www.europesays.com\/es\/wp-json\/wp\/v2\/posts\/215651\/revisions"}],"wp:featuredmedia":[{"embeddable":true,"href":"https:\/\/www.europesays.com\/es\/wp-json\/wp\/v2\/media\/215652"}],"wp:attachment":[{"href":"https:\/\/www.europesays.com\/es\/wp-json\/wp\/v2\/media?parent=215651"}],"wp:term":[{"taxonomy":"category","embeddable":true,"href":"https:\/\/www.europesays.com\/es\/wp-json\/wp\/v2\/categories?post=215651"},{"taxonomy":"post_tag","embeddable":true,"href":"https:\/\/www.europesays.com\/es\/wp-json\/wp\/v2\/tags?post=215651"}],"curies":[{"name":"wp","href":"https:\/\/api.w.org\/{rel}","templated":true}]}}