{"id":215653,"date":"2025-11-03T05:02:11","date_gmt":"2025-11-03T05:02:11","guid":{"rendered":"https:\/\/www.europesays.com\/es\/215653\/"},"modified":"2025-11-03T05:02:11","modified_gmt":"2025-11-03T05:02:11","slug":"ucrania-y-rusia-se-preparan-para-una-guerra-de-anos-pese-al-desgaste-humano-en-ambos-bandos-internacional","status":"publish","type":"post","link":"https:\/\/www.europesays.com\/es\/215653\/","title":{"rendered":"Ucrania y Rusia se preparan para una guerra de a\u00f1os pese al desgaste humano en ambos bandos | Internacional"},"content":{"rendered":"<p class=\"\">En diciembre de 2022, todav\u00eda en el primer a\u00f1o de la invasi\u00f3n rusa de Ucrania, <a href=\"https:\/\/elpais.com\/internacional\/2022-12-10\/paul-danieri-politologo-la-invasion-de-ucrania-refuerza-la-tesis-de-que-si-hoy-haces-concesiones-a-rusia-despues-volvera-a-por-mas.html\" target=\"_self\" rel=\"nofollow noopener\" title=\"https:\/\/elpais.com\/internacional\/2022-12-10\/paul-danieri-politologo-la-invasion-de-ucrania-refuerza-la-tesis-de-que-si-hoy-haces-concesiones-a-rusia-despues-volvera-a-por-mas.html\">el historiador estadounidense Paul d\u2019Anieri preve\u00eda<\/a> que el conflicto podr\u00eda terminar por agotamiento. \u201cLas guerras tambi\u00e9n terminan con la gente tan casada que acaban aceptando cosas que al principio no habr\u00edan aceptado\u201d, dec\u00eda en una entrevista en EL PA\u00cdS este acad\u00e9mico de estudios del mundo eslavo de la Universidad de California Riverside. Casi tres a\u00f1os despu\u00e9s, las sociedades de los dos pa\u00edses contendientes muestran se\u00f1ales de agotamiento cada vez mayores, pero sus Gobiernos se preparan para continuar combatiendo en el largo plazo.<\/p>\n<p class=\"\">La sociedad ucrania recibi\u00f3 como una sacudida unas declaraciones de Donald Tusk en el diario The Sunday Times el 26 de octubre. El primer ministro polaco revelaba que Zelenski le hab\u00eda confiado que su ej\u00e9rcito estaba listo para aguantar en el frente dos o tres a\u00f1os m\u00e1s. El discurso oficial de Zelenski en <a href=\"https:\/\/elpais.com\/internacional\/2025-10-19\/ucrania-no-es-gaza-ee-uu-quiere-la-paz-pero-no-tiene-tanta-influencia-en-rusia.html\" target=\"_self\" rel=\"nofollow noopener\" title=\"https:\/\/elpais.com\/internacional\/2025-10-19\/ucrania-no-es-gaza-ee-uu-quiere-la-paz-pero-no-tiene-tanta-influencia-en-rusia.html\">los \u00faltimos meses hab\u00eda sido que la guerra deb\u00eda finalizar este 2025<\/a>. Ante el revuelo causado, el jefe de Estado ucranio compareci\u00f3 ante los medios para aclarar que, gracias al apoyo financiero y militar europeo, su pa\u00eds estaba capacitado para resistir estos tres a\u00f1os m\u00e1s. En ning\u00fan caso, subray\u00f3 Zelenski, es su voluntad que la guerra se prolongue.<\/p>\n<p><img decoding=\"auto\" class=\"_re lazyload a_m-h\" height=\"277\"  width=\"414\"  src=\"https:\/\/www.europesays.com\/es\/wp-content\/uploads\/2025\/11\/DNVZDHHYTVDQBDDTVQALSKHE7I.jpg\" loading=\"lazy\"\/>Un comandante ucranio, con el nombre en clave Fidel, mira a trav\u00e9s de gafas de visi\u00f3n nocturna antes del despegue de los drones de largo alcance An-196 Liutyi hacia Rusia, en un lugar no revelado, el martes 14 de octubre.Associated Press\/LaPresse (APN)<\/p>\n<p class=\"\">Eso, en todo caso, no depende en primera de instancia de \u00e9l. El l\u00edder ruso, <a href=\"https:\/\/elpais.com\/internacional\/2025-10-26\/el-idilio-de-trump-y-putin-sufre-su-primera-gran-crisis.html\" target=\"_self\" rel=\"nofollow noopener\" title=\"https:\/\/elpais.com\/internacional\/2025-10-26\/el-idilio-de-trump-y-putin-sufre-su-primera-gran-crisis.html\">Vlad\u00edmir Putin, se niega a aceptar el alto el fuego<\/a> que le volvieron a reclamar este octubre Zelenski y sus aliados occidentales. La doctrina de Putin es que la paz solo se conseguir\u00e1 cuando se reconozca a Rusia el derecho de conquista de las provincias que el nacionalismo ruso considera que no son ucranias. Quiz\u00e1 no todas, pero de momento las que tiene pr\u00e1cticamente en el saco: Donetsk y Lugansk.<\/p>\n<p class=\"\">Las palabras de Zelenski coinciden con los vaticinios de importantes centros de an\u00e1lisis internacionales. \u201c<a href=\"https:\/\/elpais.com\/internacional\/2025-10-19\/ucrania-no-es-gaza-ee-uu-quiere-la-paz-pero-no-tiene-tanta-influencia-en-rusia.html\" target=\"_self\" rel=\"nofollow noopener\" title=\"https:\/\/elpais.com\/internacional\/2025-10-19\/ucrania-no-es-gaza-ee-uu-quiere-la-paz-pero-no-tiene-tanta-influencia-en-rusia.html\">La guerra puede durar cinco a\u00f1os m\u00e1s, los objetivos rusos siguen siendo maximalistas<\/a>\u201d, aventur\u00f3 el 16 de octubre en una conferencia en Kiev Mason Clark, investigador del estadounidense Instituto para la Guerra. \u201cPor supuesto que es posible que la guerra dure m\u00e1s a\u00f1os\u201d, abunda Thibault Fouillet, militar franc\u00e9s y subdirector del Instituto de Estudios de Estrategia y Defensa de la Universidad de Lion III: \u201cLa \u00fanica forma de detener una guerra a gran escala es la capitulaci\u00f3n de una de las partes o un acuerdo pol\u00edtico\u201d. <\/p>\n<p class=\"\">Rusia avanza en el frente, pero a un ritmo muy lento, algo que Fouillet no duda en calificar de \u201cestancamiento t\u00e1ctico\u201d: \u201cPor esto es improbable que una de las partes colapse y se produzca una capitulaci\u00f3n, por lo que si no hay un acuerdo pol\u00edtico, esta guerra puede durar m\u00e1s a\u00f1os, incluso con una menor intensidad\u201d.<\/p>\n<p class=\"\">Fouillet no es el \u00fanico observador occidental que contempla la posibilidad de una guerra que prosiga con menos activos militares involucrados. El estadounidense Centro para Estudios Internacionales y Estrat\u00e9gicos (CSIS) <a href=\"https:\/\/www.csis.org\/analysis\/russias-war-ukraine-next-chapter\" target=\"_self\" rel=\"nofollow noopener\" title=\"https:\/\/www.csis.org\/analysis\/russias-war-ukraine-next-chapter\">public\u00f3 el pasado septiembre un informe en el que conclu\u00eda<\/a> que \u201cla opci\u00f3n m\u00e1s posible es una guerra sin fin de baja intensidad\u201d, en la que Rusia \u201cpersiga dejar a Ucrania en un limbo fuera de la Uni\u00f3n Europea, de la OTAN y dependiente de los designios rusos\u201d. <\/p>\n<p class=\"\">El CSIS subrayaba precisamente que Rusia ya tiene presupuestada una econom\u00eda que sustente la guerra dos o tres a\u00f1os m\u00e1s, contemplando incluso que las sanciones occidentales terminen haciendo mella en la econom\u00eda y la sociedad rusa: \u201cNi una recesi\u00f3n causada por las sanciones ni una econom\u00eda estancada ser\u00e1n seguramente una preocupaci\u00f3n para la estabilidad del r\u00e9gimen de Putin\u201d, vaticinaba.<\/p>\n<p><img decoding=\"auto\" class=\"_re lazyload a_m-h\" height=\"277\"  width=\"414\"  src=\"https:\/\/www.europesays.com\/es\/wp-content\/uploads\/2025\/11\/ASVHA4BACVDKNA6DT4QI6A4Y3U.jpg\" loading=\"lazy\"\/>Vlad\u00edmir Putin visita al sargento segundo Ruslan Kolyvanov, ingresado en el Hospital Cl\u00ednico Militar Central Mandryka.ZUMA v\u00eda Europa Press  (ZUMA v\u00eda Europa Press)<\/p>\n<p class=\"\">La guerra entre Rusia y Ucrania es sobre todo una lucha de desgaste del oponente. El Kremlin, el agresor, pone toda la carne en el asador para proseguir con la invasi\u00f3n gracias a la financiaci\u00f3n de China. Kiev, el agredido, resiste con el apoyo imprescindible de Europa. La Uni\u00f3n Europea ya ha comprometido lo necesario para mantener el Estado ucranio a flote hasta 2027. Los aliados de la OTAN han iniciado adem\u00e1s este agosto la compra de armamento estadounidense para Ucrania. Falta seg\u00fan Kiev, para dar un giro a la guerra, que<a href=\"https:\/\/elpais.com\/internacional\/2025-10-24\/belgica-frena-la-ambicion-de-la-ue-de-entregar-miles-de-millones-de-activos-rusos-a-ucrania.html\" target=\"_self\" rel=\"nofollow noopener\" title=\"https:\/\/elpais.com\/internacional\/2025-10-24\/belgica-frena-la-ambicion-de-la-ue-de-entregar-miles-de-millones-de-activos-rusos-a-ucrania.html\"> Europa apruebe el uso de las decenas de miles de millones de euros en activos rusos<\/a> congelados en el exterior.<\/p>\n<p>Efecto de las sanciones<\/p>\n<p class=\"\">En el \u00e1mbito econ\u00f3mico, Zelenski conf\u00eda en que <a href=\"https:\/\/elpais.com\/internacional\/2025-10-24\/el-golpe-de-trump-a-las-petroleras-rusas-trastoca-los-calculos-de-putin-para-alargar-la-guerra.html\" target=\"_self\" rel=\"nofollow noopener\" title=\"https:\/\/elpais.com\/internacional\/2025-10-24\/el-golpe-de-trump-a-las-petroleras-rusas-trastoca-los-calculos-de-putin-para-alargar-la-guerra.html\">las nuevas sanciones sobre el sector energ\u00e9tico ruso<\/a> diezmen de manera notable la financiaci\u00f3n del ej\u00e9rcito de Putin. El centro de estudios pol\u00edticos Dilova Stolitsia estima que las p\u00e9rdidas por la venta de petr\u00f3leo alcanzar\u00e1n en un a\u00f1o el suficiente nivel para frenar significativamente el empuje ruso en el frente. <\/p>\n<p class=\"\">Oleksi Melnik, codirector del instituto de estudios pol\u00edticos y de defensa Razumkov, est\u00e1 convencido de que Rusia no podr\u00e1 mantener abierto el conflicto tres a\u00f1os m\u00e1s porque su econom\u00eda ya empieza a debilitarse: \u201cLos presupuestos regionales est\u00e1n cayendo, los buenos salarios que prometen a los reclutados ir\u00e1n cayendo porque no habr\u00e1 dinero, incluso Rusia tendr\u00e1 problemas de movilizaci\u00f3n\u201d.<\/p>\n<p class=\"\">Maksim es un oficial ucranio de una unidad de drones en la provincia de J\u00e1rkov que asegura haber liquidado a cientos de enemigos. Habla con la sinceridad de quien ha dado todo y m\u00e1s por su pa\u00eds. Por eso admite que si le hubieran preguntado hace tan solo cuatro meses qu\u00e9 esperaba de la guerra, no hubiera dudado en que acabar\u00eda mal: \u201cMi agenda de contactos en el m\u00f3vil va reduci\u00e9ndose y reduci\u00e9ndose, entre los compa\u00f1eros heridos, que han muerto o que han dejado el ej\u00e9rcito. Mi previsi\u00f3n era que en tres a\u00f1os estar\u00edamos tan jodidos que aceptar\u00edamos claudicar al deseo ruso, pero en junio lleg\u00f3 Robert Brovdi y mi esperanza ha vuelto\u201d. <\/p>\n<p><img decoding=\"auto\" class=\"_re lazyload a_m-h\" height=\"273\"  width=\"414\"  src=\"https:\/\/www.europesays.com\/es\/wp-content\/uploads\/2025\/11\/VCCBYOTZ6VCITNCNQSDUXDMZ3E.jpg\" loading=\"lazy\"\/>Ucranios asisten a un entrenamiento de lucha con cuchillos para civiles organizado por el Centro de Entrenamiento de Ciudadanos para la Resistencia Nacional en J\u00e1rkov, al noreste de Ucrania, este s\u00e1bado.<br \/>\nSERGEY KOZLOV (EFE)<\/p>\n<p class=\"\">Brovdi, carism\u00e1tico militar ucranio, fue nombrado el pasado junio comandante de las Fuerzas de Sistemas no tripulados, es decir, de todo el poder\u00edo de drones ucranios. Est\u00e1 liderando <a href=\"https:\/\/elpais.com\/internacional\/2025-08-15\/los-drones-de-ucrania-castigan-a-diario-a-la-industria-petrolera-rusa.html\" target=\"_self\" rel=\"nofollow noopener\" title=\"https:\/\/elpais.com\/internacional\/2025-08-15\/los-drones-de-ucrania-castigan-a-diario-a-la-industria-petrolera-rusa.html\">ataques diarios contra el sector petrolero y gas\u00edstico ruso<\/a>. Una consecuencia de ello, dice Maksim, es la inflaci\u00f3n que sufre la poblaci\u00f3n rusa. Lo sabe por experiencia propia: \u201cTengo familia en Rusia y por primera vez en todos estos a\u00f1os me cuentan que est\u00e1n evitando seg\u00fan qu\u00e9 gastos porque los precios se han disparado\u201d. <\/p>\n<p>Falta de soldados<\/p>\n<p class=\"\">Pese a las se\u00f1ales de debilitamiento rusas, Fouillet cree que el principal perjudicado de prolongar la contienda ser\u00eda Ucrania, y por una raz\u00f3n humana: \u201cEste escenario, en mi opini\u00f3n, es el peor para Ucrania, pues pone a prueba la capacidad de su poblaci\u00f3n, debido a la escasez de personas dispuestas al reclutamiento y, adem\u00e1s, a la necesidad de mantener un alto nivel de asistencia y apoyo exterior a pesar de los cambios pol\u00edticos. En este sentido, la dimensi\u00f3n principal es, sin duda, la movilizaci\u00f3n y la disminuci\u00f3n de efectivos, lo cual afecta a la cohesi\u00f3n de la naci\u00f3n ucrania y aumenta el costo pol\u00edtico de esta guerra\u201d, se\u00f1ala.<\/p>\n<p class=\"\">Son escasos los hombres que se presentan voluntarios para incorporarse al ej\u00e9rcito ucranio. El propio Gobierno estima en <a href=\"https:\/\/elpais.com\/internacional\/2025-09-21\/los-ucranios-que-se-niegan-a-ir-a-morir-al-frente.html\" target=\"_self\" rel=\"nofollow noopener\" title=\"https:\/\/elpais.com\/internacional\/2025-09-21\/los-ucranios-que-se-niegan-a-ir-a-morir-al-frente.html\">1,5 millones los varones en edad de servicio militar que evitan<\/a> la llamada obligatoria para el alistamiento. Las deserciones, adem\u00e1s, se han disparado: la fiscal\u00eda general hizo p\u00fablico este octubre que cerca de 200.000 soldados hab\u00edan abandonado su posici\u00f3n sin consentimiento desde 2022. La cifra es el doble que hace un a\u00f1o y equivale a un 20% de las tropas.<\/p>\n<p class=\"\">Viacheslav tiene 22 a\u00f1os, es de Kiev y es graduado en ingenier\u00eda agr\u00f3noma. Una nueva normativa, que entr\u00f3 en vigor en agosto, permite a los j\u00f3venes de 18 a 22 a\u00f1os abandonar el pa\u00eds \u2014al contrario que el resto de hombres adultos en edad de servicio militar, que no pueden cruzar la frontera\u2014. El objetivo del Gobierno es facilitar que desarrollen sus estudios en el extranjero. El problema es que se ha producido una fuga alt\u00edsima de estos j\u00f3venes.<\/p>\n<p class=\"\">Viacheslav cumple los 23 a\u00f1os en 2026 y no duda en que abandonar\u00e1 Ucrania antes de su aniversario, pero no para proseguir sus estudios: \u201cNo quiero morir en la guerra, tampoco quiero pasarme a\u00f1os en el ej\u00e9rcito sin saber cu\u00e1ndo volver\u00e9 a la vida civil\u201d, dice. Su objetivo es encontrar un empleo en el sector agr\u00edcola en Espa\u00f1a. <\/p>\n<p><img decoding=\"auto\" class=\"_re lazyload a_m-h\" height=\"295\"  width=\"414\"  src=\"https:\/\/www.europesays.com\/es\/wp-content\/uploads\/2025\/11\/LV3K3FCTEFBBJMT6ZJWYLLJUVM.JPG\" loading=\"lazy\"\/>Edificios de apartamentos da\u00f1ados por un ataque militar ruso, en la ciudad de Kostiantynivka, en primera l\u00ednea de la regi\u00f3n de Donetsk, este s\u00e1bado.Yan Dobronosov (REUTERS)<\/p>\n<p class=\"\"><a href=\"https:\/\/elpais.com\/internacional\/2025-09-29\/ucrania-busca-soldados-cada-vez-mas-jovenes-cada-dia-puede-ser-el-ultimo.html\" target=\"_self\" rel=\"nofollow noopener\" title=\"https:\/\/elpais.com\/internacional\/2025-09-29\/ucrania-busca-soldados-cada-vez-mas-jovenes-cada-dia-puede-ser-el-ultimo.html\">Casi 100.000 hombres entre los 18 y los 22 a\u00f1os cruzaron entre septiembre y octubre<\/a> la frontera con Polonia, seg\u00fan datos de las autoridades polacas publicadas por Politico. \u201cEso, para poner un ejemplo del problema que es, equivale a las tropas del ej\u00e9rcito brit\u00e1nico\u201d, remarca Serhii Usenko, profesor de Medicina en la Universidad Nacional de J\u00e1rkov y m\u00e9dico militar. \u201cYo veo cada d\u00eda en el hospital la cantidad de heridos, de soldados agotados mentalmente de tantos a\u00f1os luchando, y veo que ni siquiera tenemos m\u00e9dicos suficientes, ni suficientes alumnos en la universidad\u201d, prosigue Usenko. \u201cPara defendernos m\u00e1s a\u00f1os, para levantarnos, necesitamos que regresen los millones de personas que se han ido al extranjero\u201d.<\/p>\n<p class=\"\">Misiles de crucero rusos <a href=\"https:\/\/elpais.com\/internacional\/2022-03-03\/las-bombas-de-putin-convierten-el-centro-de-jarkov-en-un-amasijo-de-escombros.html\" target=\"_self\" rel=\"nofollow noopener\" title=\"https:\/\/elpais.com\/internacional\/2022-03-03\/las-bombas-de-putin-convierten-el-centro-de-jarkov-en-un-amasijo-de-escombros.html\">impactaron el 1 de marzo de 2022, en la primera semana de la guerra<\/a>, en la sede del Gobierno provincial de J\u00e1rkov. Frente al edificio maltrecho atiende a EL PA\u00cdS Anatoli Zayetsi, de 57 a\u00f1os. Ha salido del hospital, se recupera de su tercera herida en combate. Veterano de la guerra de Donb\u00e1s (2014-2021), exmilitar sovi\u00e9tico que combati\u00f3 en Yemen y Etiop\u00eda, conoce bien al enemigo: \u201cEl imperialismo ruso no parar\u00e1, es su sino\u201d, augura. Zayetsi es consciente de los retos que plantea Usenko, pero concluye que Ucrania no tiene alternativa: \u201cLos que estamos luchando, por mal que estemos, tenemos m\u00e1s motivaci\u00f3n que ellos, porque no tenemos otra opci\u00f3n que seguir defendiendo nuestro hogar\u201d.<\/p>\n","protected":false},"excerpt":{"rendered":"En diciembre de 2022, todav\u00eda en el primer a\u00f1o de la invasi\u00f3n rusa de Ucrania, el historiador estadounidense&hellip;\n","protected":false},"author":2,"featured_media":215654,"comment_status":"","ping_status":"","sticky":false,"template":"","format":"standard","meta":{"footnotes":""},"categories":[42],"tags":[8738,17,18,70,71,72,700,13,14,69,7082,11,61,62,63,64,19,20,9,10,15,16,1613,1614,12,7081,21,22,1617,65,66,67],"class_list":{"0":"post-215653","1":"post","2":"type-post","3":"status-publish","4":"format-standard","5":"has-post-thumbnail","7":"category-internacional","8":"tag-ataques-militares","9":"tag-breaking-news","10":"tag-breakingnews","11":"tag-conflictos","12":"tag-conflictos-armados","13":"tag-conflictos-internacionales","14":"tag-europa","15":"tag-featured-news","16":"tag-featurednews","17":"tag-guerra","18":"tag-guerra-de-rusia-en-ucrania","19":"tag-headlines","20":"tag-internacional","21":"tag-international","22":"tag-international-news","23":"tag-internationalnews","24":"tag-latest-news","25":"tag-latestnews","26":"tag-news","27":"tag-noticias","28":"tag-noticias-destacadas","29":"tag-noticiasdestacadas","30":"tag-otan","31":"tag-rusia","32":"tag-titulares","33":"tag-ucrania","34":"tag-ultimas-noticias","35":"tag-ultimasnoticias","36":"tag-union-europea","37":"tag-world","38":"tag-world-news","39":"tag-worldnews"},"share_on_mastodon":{"url":"","error":""},"_links":{"self":[{"href":"https:\/\/www.europesays.com\/es\/wp-json\/wp\/v2\/posts\/215653","targetHints":{"allow":["GET"]}}],"collection":[{"href":"https:\/\/www.europesays.com\/es\/wp-json\/wp\/v2\/posts"}],"about":[{"href":"https:\/\/www.europesays.com\/es\/wp-json\/wp\/v2\/types\/post"}],"author":[{"embeddable":true,"href":"https:\/\/www.europesays.com\/es\/wp-json\/wp\/v2\/users\/2"}],"replies":[{"embeddable":true,"href":"https:\/\/www.europesays.com\/es\/wp-json\/wp\/v2\/comments?post=215653"}],"version-history":[{"count":0,"href":"https:\/\/www.europesays.com\/es\/wp-json\/wp\/v2\/posts\/215653\/revisions"}],"wp:featuredmedia":[{"embeddable":true,"href":"https:\/\/www.europesays.com\/es\/wp-json\/wp\/v2\/media\/215654"}],"wp:attachment":[{"href":"https:\/\/www.europesays.com\/es\/wp-json\/wp\/v2\/media?parent=215653"}],"wp:term":[{"taxonomy":"category","embeddable":true,"href":"https:\/\/www.europesays.com\/es\/wp-json\/wp\/v2\/categories?post=215653"},{"taxonomy":"post_tag","embeddable":true,"href":"https:\/\/www.europesays.com\/es\/wp-json\/wp\/v2\/tags?post=215653"}],"curies":[{"name":"wp","href":"https:\/\/api.w.org\/{rel}","templated":true}]}}