{"id":215679,"date":"2025-11-03T05:25:10","date_gmt":"2025-11-03T05:25:10","guid":{"rendered":"https:\/\/www.europesays.com\/es\/215679\/"},"modified":"2025-11-03T05:25:10","modified_gmt":"2025-11-03T05:25:10","slug":"marruecos-culmina-50-anos-despues-su-marcha-verde-sobre-el-sahara-con-el-respaldo-de-la-onu-internacional","status":"publish","type":"post","link":"https:\/\/www.europesays.com\/es\/215679\/","title":{"rendered":"Marruecos culmina 50 a\u00f1os despu\u00e9s su Marcha Verde sobre el S\u00e1hara con el respaldo de la ONU | Internacional"},"content":{"rendered":"<p class=\"\">Medio siglo despu\u00e9s de la llamada <a href=\"https:\/\/elpais.com\/noticias\/marcha-verde\/\" target=\"_self\" rel=\"nofollow noopener\" title=\"https:\/\/elpais.com\/noticias\/marcha-verde\/\">Marcha Verde <\/a>\u2014la masiva movilizaci\u00f3n humana con la que Marruecos forz\u00f3 en 1975 la salida de Espa\u00f1a de su colonia del S\u00e1hara Occidental\u2014, Rabat cree haber culminado aquella operaci\u00f3n que le permiti\u00f3 hacerse con el control del territorio. Y ahora lo hace con el aval de Naciones Unidas. Una resoluci\u00f3n adoptada sin ning\u00fan voto en contra por el <a href=\"https:\/\/elpais.com\/internacional\/2025-10-31\/la-onu-impone-el-plan-de-autonomia-de-marruecos-como-base-para-una-solucion-para-el-sahara-y-margina-la-via-de-la-autodeterminacion.html\" target=\"_self\" rel=\"nofollow noopener\" title=\"https:\/\/elpais.com\/internacional\/2025-10-31\/la-onu-impone-el-plan-de-autonomia-de-marruecos-como-base-para-una-solucion-para-el-sahara-y-margina-la-via-de-la-autodeterminacion.html\">Consejo de Seguridad <\/a>el pasado viernes establece el plan de autonom\u00eda de Rabat como base para una soluci\u00f3n negociada en el S\u00e1hara. Marca as\u00ed \u201cun antes y un despu\u00e9s\u201d en el conflicto, en palabras de Mohamed VI, actual monarca de la dinast\u00eda alau\u00ed. <\/p>\n<p class=\"\">Has\u00e1n II hab\u00eda lanzado la Marcha Verde en noviembre de 1975 mientras agonizaba en Madrid el dictador Francisco Franco. Y, tras el apresurado abandono de Espa\u00f1a del territorio a comienzos de 1976, estall\u00f3 una guerra abierta entre Marruecos, respaldado por Francia y Estados Unidos, y el Frente Polisario (que defiende la independencia), con apoyo de Argelia y Libia, que se prolong\u00f3 hasta el alto el fuego apadrinado por la ONU en 1991. Fue entonces cuando se cre\u00f3 la <a href=\"https:\/\/elpais.com\/noticias\/minurso-mision-naciones-unidas-referendo-sahara-occidental\/\" target=\"_self\" rel=\"nofollow noopener\" title=\"https:\/\/elpais.com\/noticias\/minurso-mision-naciones-unidas-referendo-sahara-occidental\/\">Misi\u00f3n de Naciones Unidas para el Refer\u00e9ndum del S\u00e1hara Occidental (Minurso), <\/a>aunque esa consulta de autodeterminaci\u00f3n nunca lleg\u00f3 a convocarse, bloqueada por disputas en la confecci\u00f3n del censo de votantes.<\/p>\n<p class=\"\">Rabat present\u00f3 como alternativa en 2007 una propuesta \u2014un estatus de autonom\u00eda para el S\u00e1hara Occidental pero bajo soberan\u00eda marroqu\u00ed\u2014 que ya r<a href=\"https:\/\/elpais.com\/espana\/2022-03-18\/sanchez-considera-la-autonomia-del-sahara-como-la-base-mas-seria-realista-y-creible-para-resolver-el-conflicto.html\" target=\"_self\" rel=\"nofollow noopener\" title=\"https:\/\/elpais.com\/espana\/2022-03-18\/sanchez-considera-la-autonomia-del-sahara-como-la-base-mas-seria-realista-y-creible-para-resolver-el-conflicto.html\">espald\u00f3 Espa\u00f1a, por sorpresa, en 2022 <\/a>y que ahora ha recibido el aval del Consejo de Seguridad de la ONU. Mientras tanto, las revueltas nacionalistas se han ido apagando en el territorio saharaui desde 2010.<\/p>\n<p class=\"\">En noviembre de ese a\u00f1o, una a<a href=\"https:\/\/elpais.com\/internacional\/2024-07-10\/las-protestas-nacionalistas-se-apagan-en-el-sahara-medio-siglo-despues-de-su-cesion-a-marruecos.html\" target=\"_self\" rel=\"nofollow noopener\" title=\"https:\/\/elpais.com\/internacional\/2024-07-10\/las-protestas-nacionalistas-se-apagan-en-el-sahara-medio-siglo-despues-de-su-cesion-a-marruecos.html\">campada pac\u00edfica de Agdaym Izik, en los alrededores de El Aai\u00fan,<\/a> deriv\u00f3 en sangrientos disturbios en los que perdieron la vida manifestantes saharauis y agentes de las fuerzas de seguridad marroqu\u00edes.<\/p>\n<p class=\"\">Con la carta ganadora de la resoluci\u00f3n del Consejo de Seguridad sobre la mesa, Marruecos parece llevar ventaja en el tablero diplom\u00e1tico. Pero a\u00fan tiene que convencer a decenas de miles de saharauis exiliados en los <a href=\"https:\/\/elpais.com\/planeta-futuro\/2024-05-28\/los-refugiados-saharauis-al-borde-de-la-tragedia-humanitaria-por-falta-de-comida.html\" target=\"_self\" rel=\"nofollow noopener\" title=\"https:\/\/elpais.com\/planeta-futuro\/2024-05-28\/los-refugiados-saharauis-al-borde-de-la-tragedia-humanitaria-por-falta-de-comida.html\">campamentos de Tinduf <\/a>(entre 180.000 y 45.000, seg\u00fan las fuentes) de que regresen desde el sureste argelino al territorio que abandonaron en 1975. Tambi\u00e9n debe presentar ante la comunidad internacional un <a href=\"https:\/\/elpais.com\/espana\/2022-03-20\/el-plan-autonomico-de-marruecos-para-el-sahara-reserva-al-rey-las-competencias-principales.html\" target=\"_self\" rel=\"nofollow noopener\" title=\"https:\/\/elpais.com\/espana\/2022-03-20\/el-plan-autonomico-de-marruecos-para-el-sahara-reserva-al-rey-las-competencias-principales.html\">estatuto de \u201cautonom\u00eda verdadera\u201d<\/a> que sirva de base para cerrar el conflicto con el Frente Polisario y Argelia. <\/p>\n<p class=\"\">El texto de la resoluci\u00f3n de la ONU \u2014adoptada con la abstenci\u00f3n de Rusia y China\u2014 fue redactado por Estados Unidos en un ejercicio de cuadratura del c\u00edrculo diplom\u00e1tico con cerca de medio centenar de enmiendas. \u201cEl Consejo de Seguridad hace referencia por primera vez a la soberan\u00eda de Marruecos sobre el S\u00e1hara, al tiempo que se respeta el derecho de los saharauis a la autodeterminaci\u00f3n\u201d, explica a trav\u00e9s de la red social X <a href=\"https:\/\/elpais.com\/internacional\/elecciones-usa\/2024-12-01\/trump-elige-a-otro-consuegro-suyo-como-asesor-principal-para-asuntos-arabes-y-de-oriente-proximo.html\" target=\"_self\" rel=\"nofollow noopener\" title=\"https:\/\/elpais.com\/internacional\/elecciones-usa\/2024-12-01\/trump-elige-a-otro-consuegro-suyo-como-asesor-principal-para-asuntos-arabes-y-de-oriente-proximo.html\">Massad Boulos,<\/a> consejero principal para asuntos africanos del presidente Donald Trump.<\/p>\n<p class=\"\">\u201cHasta hace poco, la autonom\u00eda solo era una opci\u00f3n; ahora es la soluci\u00f3n\u201d, interpreta el nuevo paradigma de la ONU para el S\u00e1hara el ministro de Exteriores marroqu\u00ed, Naser Burita. \u201cEl plan de autonom\u00eda es la traducci\u00f3n concreta del principio de autodeterminaci\u00f3n\u201d, precisaba el s\u00e1bado en el canal 2M de televisi\u00f3n el jefe de la diplomacia de Rabat, quien ha presenciado en primera l\u00ednea la transformaci\u00f3n registrada en Naciones Unidas desde 2016, cuando su entonces <a href=\"https:\/\/elpais.com\/internacional\/2016\/03\/09\/actualidad\/1457520362_272284.html\" target=\"_self\" rel=\"nofollow noopener\" title=\"https:\/\/elpais.com\/internacional\/2016\/03\/09\/actualidad\/1457520362_272284.html\">secretario general, Ban Ki-moon, <\/a>se refiri\u00f3 al S\u00e1hara Occidental como territorio bajo \u201cocupaci\u00f3n\u201d marroqu\u00ed.<\/p>\n<p>Estrategia de tensi\u00f3n controlada <\/p>\n<p class=\"\">No ha sido un proceso exento de choques diplom\u00e1ticos. \u201cMarruecos no ha dudado en provocar crisis con Francia y Espa\u00f1a para ganar terreno. La relaci\u00f3n glacial con Par\u00eds entre 2022 y 2023, la ruptura casi total con Madrid tras el caso Gali [Brahim, lider del Polisario, entre 2021 y 2022]&#8230; Todos estos episodios dolorosos, pero necesarios, han propiciado un mayor reconocimiento de la soberan\u00eda marroqu\u00ed sobre el S\u00e1hara\u201d, apunta el director del <a href=\"https:\/\/telquel.ma\/2025\/10\/31\/parce-quon-vient-de-loin_1958875\" target=\"_self\" rel=\"nofollow noopener\" title=\"https:\/\/telquel.ma\/2025\/10\/31\/parce-quon-vient-de-loin_1958875\">semanario marroqu\u00ed Tel Quel,<\/a> Yasin Majdi, en su \u00faltimo art\u00edculo editorial. \u201cEsta estrategia de tensi\u00f3n controlada ha demostrado ser eficaz\u201d, apostilla.<\/p>\n<p class=\"\">Desde El Aai\u00fan, <a href=\"https:\/\/elpais.com\/espana\/2025-03-16\/el-sueno-de-un-pasaporte-espanol-revive-en-el-sahara.html\" target=\"_self\" rel=\"nofollow noopener\" title=\"https:\/\/elpais.com\/espana\/2025-03-16\/el-sueno-de-un-pasaporte-espanol-revive-en-el-sahara.html\">Baira Abdelatif,<\/a> chej (jefe) de la tribu saharaui Ulad Busbaa, abiertamente promarroqu\u00ed, dice sentir \u201cuna euforia festiva\u201d. \u201cLa experiencia vivida en el S\u00e1hara tras la retirada de Espa\u00f1a ha sido de progreso econ\u00f3mico y bienestar social. Tenemos la esperanza de que nuestros conciudadanos refugiados en Tinduf puedan compartirlo\u201d, asegura este empresario del sector de la construcci\u00f3n, de 64 a\u00f1os. Considera que Marruecos ha implantado infraestructuras urbanas y rurales sin escatimar esfuerzos. <\/p>\n<p class=\"\">\u201cEl texto aprobado por la ONU es la soluci\u00f3n a muchos a\u00f1os de sufrimientos y de separaci\u00f3n de familias. Sin vencedores ni vencidos, como dijo el rey\u201d, remacha este notable saharaui. Elegidos originalmente por los n\u00f3madas, los chiuj se han convertido con el tiempo en linajes hereditarios. \u201cEl S\u00e1hara necesita ahora una amplia autonom\u00eda en el sentido territorial, econ\u00f3mico y demogr\u00e1fico\u201d, argumenta.<\/p>\n<p class=\"\">Desde Tinduf, el <a href=\"https:\/\/frentepolisario.es\/\" target=\"_self\" rel=\"nofollow noopener\" title=\"https:\/\/frentepolisario.es\/\">Frente Polisario<\/a> se niega admitir que haya sufrido una derrota en la ONU, pese a que tan solo Argelia dio la espalda (boicoteando la votaci\u00f3n) a la resoluci\u00f3n en favor de Rabat. Al mismo tiempo, precisa que el Consejo de Seguridad solo ha dado luz verde a negociar \u201cuna soluci\u00f3n pol\u00edtica justa, duradera y mutuamente aceptable, basada en el plan de autonom\u00eda, que permita la autodeterminaci\u00f3n del pueblo del S\u00e1hara Occidental\u201d.<\/p>\n<p class=\"\">El Frente Polisario comunic\u00f3 al secretario general de la ONU, Ant\u00f3nio Guterres, que no se opone a la autonom\u00eda siempre y cuando se someta a refer\u00e9ndum junto con la opci\u00f3n de la independencia. Rechaza adem\u00e1s participar en cualquier proceso pol\u00edtico que legitime la \u201cocupaci\u00f3n militar\u201d.<\/p>\n<p><img decoding=\"auto\" class=\"_re lazyload a_m-h\" height=\"276\"  width=\"414\"  src=\"https:\/\/www.europesays.com\/es\/wp-content\/uploads\/2025\/11\/JP5U37X5MFI7RKMZWPXL5E3WIY.jpg\" loading=\"lazy\"\/>Manifestaci\u00f3n de refugiados saharauis ante la votaci\u00f3n en la ONU, el jueves en Tinduf (Argelia).Taher Mulay (EFE)\u201cVigilancia y represalias\u201d<\/p>\n<p class=\"\">La profesora <a href=\"https:\/\/elpais.com\/internacional\/2024-07-10\/las-protestas-nacionalistas-se-apagan-en-el-sahara-medio-siglo-despues-de-su-cesion-a-marruecos.html\" target=\"_self\" rel=\"nofollow noopener\" title=\"https:\/\/elpais.com\/internacional\/2024-07-10\/las-protestas-nacionalistas-se-apagan-en-el-sahara-medio-siglo-despues-de-su-cesion-a-marruecos.html\">Djimi Ghalia <\/a>describe desde El Aai\u00fan que lleva \u201cuna vida anormal bajo la represi\u00f3n, la vigilancia y las represalias\u201d. Esta militante nacionalista saharaui, que pas\u00f3 16 de sus 63 a\u00f1os de edad en una prisi\u00f3n secreta marroqu\u00ed acusada de simpatizar con el Frente Polisario, reconoce que se han registrado transformaciones en las infraestructuras del territorio. <\/p>\n<p class=\"\">\u201cAunque esas transformaciones han servido sobre todo para cambiar la estructura demogr\u00e1fica saharaui\u201d, matiza. \u201cEl S\u00e1hara Occidental es uno de los 17 territorios no aut\u00f3nomos que esperan su <a href=\"https:\/\/elpais.com\/noticias\/descolonizacion\/\" target=\"_self\" rel=\"nofollow noopener\" title=\"https:\/\/elpais.com\/noticias\/descolonizacion\/\">descolonizacion en el mundo <\/a>y necesita beneficiarse del derecho a la autodeterminaci\u00f3n. La autonom\u00eda sigue siendo solo una opci\u00f3n, junto a la anexi\u00f3n y la independencia\u201d, sentencia. <\/p>\n<p class=\"\">El Instituto Nacional de Estad\u00edstica espa\u00f1ol registr\u00f3 a cerca de 75.000 saharauis junto a 30.000 espa\u00f1oles en el censo de poblaci\u00f3n elaborado en 1974. Hoy, en el territorio de la antigua colonia se contabilizan cerca de un mill\u00f3n de habitantes, de los que entre el 10% y el 15% tienen ra\u00edces en la que fue provincia espa\u00f1ola n\u00famero 53, y <a href=\"https:\/\/elpais.com\/internacional\/2024-06-24\/marruecos-busca-duplicar-la-poblacion-del-sur-del-sahara-con-un-aluvion-de-inversiones.html\" target=\"_self\" rel=\"nofollow noopener\" title=\"https:\/\/elpais.com\/internacional\/2024-06-24\/marruecos-busca-duplicar-la-poblacion-del-sur-del-sahara-con-un-aluvion-de-inversiones.html\">el resto procede de distintas zonas de Marruecos. <\/a><\/p>\n<p class=\"\">Fuentes conocedoras de la situaci\u00f3n sobre el terreno en el S\u00e1hara estiman en 110.000 la cifra de residentes aut\u00f3ctonos procedentes de la era colonial, a los que habr\u00eda que a\u00f1adir al menos unos 45.000 en Tinduf y otros 60.000 en la di\u00e1spora en pa\u00edses europeos. <\/p>\n<p class=\"\">Rabat presenta a\u00fan de forma indefinida su plan de autonom\u00eda para el S\u00e1hara. El propio rey Mohamed VI anunci\u00f3 en su mensaje televisado de la noche del viernes que <a href=\"https:\/\/elpais.com\/internacional\/2025-10-31\/la-onu-impone-el-plan-de-autonomia-de-marruecos-como-base-para-una-solucion-para-el-sahara-y-margina-la-via-de-la-autodeterminacion.html\" target=\"_self\" rel=\"nofollow noopener\" title=\"https:\/\/elpais.com\/internacional\/2025-10-31\/la-onu-impone-el-plan-de-autonomia-de-marruecos-como-base-para-una-solucion-para-el-sahara-y-margina-la-via-de-la-autodeterminacion.html\">Marruecos va a \u201cactualizar\u201d la propuesta de 2007. <\/a>Su ministro de Exteriores detalla que la revisi\u00f3n consistir\u00e1 en adaptarlo a la Constituci\u00f3n de 2011 y al proceso de \u201cregionalizaci\u00f3n avanzada\u201d.<\/p>\n<p><img decoding=\"auto\" class=\"_re lazyload a_m-h\" height=\"276\"  width=\"414\"  src=\"https:\/\/www.europesays.com\/es\/wp-content\/uploads\/2025\/11\/2UFGOWITSJP6PJLY446TUKTDGE.jpg\" loading=\"lazy\"\/>Ciudadanos marroqu\u00edes celebran el resultado de la votaci\u00f3n en el Consejo de Seguridad, el viernes en Rabat.JALAL MORCHIDI (EFE)Competencias administrativas<\/p>\n<p class=\"\">El actual plan auton\u00f3mico de Marruecos para el S\u00e1hara Occidental concede solo competencias administrativas a esa \u201cregi\u00f3n\u201d. El Estado central controla la seguridad, la pesca y la miner\u00eda, mientras el monarca sigue ostentando directamente atribuciones constitucionales en materia de defensa, relaciones exteriores y asuntos religiosos. Las <a href=\"https:\/\/elpais.com\/espana\/2022-03-20\/el-plan-autonomico-de-marruecos-para-el-sahara-reserva-al-rey-las-competencias-principales.html\" target=\"_self\" rel=\"nofollow noopener\" title=\"https:\/\/elpais.com\/espana\/2022-03-20\/el-plan-autonomico-de-marruecos-para-el-sahara-reserva-al-rey-las-competencias-principales.html\">competencias auton\u00f3micas <\/a>se circunscriben a fiscalidad local, infraestructuras, transporte, vivienda, educaci\u00f3n, sanidad, medio ambiente o empleo, as\u00ed como a promover el patrimonio cultural saharaui y la lengua hasan\u00ed (variedad local del \u00e1rabe).<\/p>\n<p class=\"\">\u201cNuestra vida desde el 26 de febrero de 1976 [cuando se arri\u00f3 la \u00faltima bandera espa\u00f1ola en el S\u00e1hara] ha cambiado mucho. La retirada de Espa\u00f1a nos afect\u00f3 en todos los \u00e1mbitos\u201d, dice Bucharaya Bahi, presidente de la <a href=\"https:\/\/elpais.com\/espana\/2025-03-16\/el-sueno-de-un-pasaporte-espanol-revive-en-el-sahara.html\" target=\"_self\" rel=\"nofollow noopener\" title=\"https:\/\/elpais.com\/espana\/2025-03-16\/el-sueno-de-un-pasaporte-espanol-revive-en-el-sahara.html\">asociaci\u00f3n Colectivo de Saharauis Nacidos bajo la Bandera y Administraci\u00f3n Espa\u00f1ola.<\/a> \u201cEn general, vivir en el S\u00e1hara no es f\u00e1cil. Cada d\u00eda debo cuidar las palabras que digo\u201d, sostiene desde El Aai\u00fan este jurista de 56 a\u00f1os.<\/p>\n<p class=\"\">\u00c9l considera que el territorio ha experimentado un desarrollo desigual en los \u00faltimos 50 a\u00f1os. \u201cEs cierto que ha habido inversiones, pero las verdaderas inversiones deber\u00edan ir dirigidas a los seres humanos, no solo a infraestructuras\u201d, lamenta. \u201cA\u00fan no tenemos ninguna universidad en el S\u00e1hara\u201d.<\/p>\n<p class=\"\">Desde la sociedad civil, <a href=\"https:\/\/elpais.com\/espana\/2025-03-16\/el-sueno-de-un-pasaporte-espanol-revive-en-el-sahara.html\" target=\"_self\" rel=\"nofollow noopener\" title=\"https:\/\/elpais.com\/espana\/2025-03-16\/el-sueno-de-un-pasaporte-espanol-revive-en-el-sahara.html\">Bucharaya Bahi <\/a>opina que la resoluci\u00f3n del Consejo de Seguridad del viernes mantiene el mismo lenguaje ambiguo de los \u00faltimos a\u00f1os. \u201cNo ofrece una v\u00eda clara de soluci\u00f3n. La ONU sigue gestionando el conflicto, no resolvi\u00e9ndolo\u201d, sostiene, \u201cy \u201ccualquier opci\u00f3n que se imponga a una de las partes anula el principio mismo de la autodeterminaci\u00f3n\u201d. \u201cPero lo m\u00e1s sorprendente\u201d, concluye el responsable de la asociaci\u00f3n que busca la restituci\u00f3n de la nacionalidad espa\u00f1ola a los saharauis aut\u00f3ctonos, \u201ces la ausencia de Espa\u00f1a, que sigue siendo formalmente <a href=\"https:\/\/elpais.com\/opinion\/2022-03-21\/sahara-acierto-o-chapuza.html\" target=\"_self\" rel=\"nofollow noopener\" title=\"https:\/\/elpais.com\/opinion\/2022-03-21\/sahara-acierto-o-chapuza.html\">potencia administradora <\/a>del territorio\u201d.<\/p>\n","protected":false},"excerpt":{"rendered":"Medio siglo despu\u00e9s de la llamada Marcha Verde \u2014la masiva movilizaci\u00f3n humana con la que Marruecos forz\u00f3 en&hellip;\n","protected":false},"author":2,"featured_media":215680,"comment_status":"","ping_status":"","sticky":false,"template":"","format":"standard","meta":{"footnotes":""},"categories":[42],"tags":[17,18,70,15229,13,14,12735,11,61,62,63,64,19,20,4485,34673,9,10,15,16,732,20583,10257,12,21,22,65,66,67],"class_list":{"0":"post-215679","1":"post","2":"type-post","3":"status-publish","4":"format-standard","5":"has-post-thumbnail","7":"category-internacional","8":"tag-breaking-news","9":"tag-breakingnews","10":"tag-conflictos","11":"tag-diplomacia","12":"tag-featured-news","13":"tag-featurednews","14":"tag-frente-polisario","15":"tag-headlines","16":"tag-internacional","17":"tag-international","18":"tag-international-news","19":"tag-internationalnews","20":"tag-latest-news","21":"tag-latestnews","22":"tag-marruecos","23":"tag-mohamed-vi-de-marruecos","24":"tag-news","25":"tag-noticias","26":"tag-noticias-destacadas","27":"tag-noticiasdestacadas","28":"tag-onu","29":"tag-refugiados","30":"tag-sahara-occidental","31":"tag-titulares","32":"tag-ultimas-noticias","33":"tag-ultimasnoticias","34":"tag-world","35":"tag-world-news","36":"tag-worldnews"},"share_on_mastodon":{"url":"","error":"Validation failed: Text character limit of 500 exceeded"},"_links":{"self":[{"href":"https:\/\/www.europesays.com\/es\/wp-json\/wp\/v2\/posts\/215679","targetHints":{"allow":["GET"]}}],"collection":[{"href":"https:\/\/www.europesays.com\/es\/wp-json\/wp\/v2\/posts"}],"about":[{"href":"https:\/\/www.europesays.com\/es\/wp-json\/wp\/v2\/types\/post"}],"author":[{"embeddable":true,"href":"https:\/\/www.europesays.com\/es\/wp-json\/wp\/v2\/users\/2"}],"replies":[{"embeddable":true,"href":"https:\/\/www.europesays.com\/es\/wp-json\/wp\/v2\/comments?post=215679"}],"version-history":[{"count":0,"href":"https:\/\/www.europesays.com\/es\/wp-json\/wp\/v2\/posts\/215679\/revisions"}],"wp:featuredmedia":[{"embeddable":true,"href":"https:\/\/www.europesays.com\/es\/wp-json\/wp\/v2\/media\/215680"}],"wp:attachment":[{"href":"https:\/\/www.europesays.com\/es\/wp-json\/wp\/v2\/media?parent=215679"}],"wp:term":[{"taxonomy":"category","embeddable":true,"href":"https:\/\/www.europesays.com\/es\/wp-json\/wp\/v2\/categories?post=215679"},{"taxonomy":"post_tag","embeddable":true,"href":"https:\/\/www.europesays.com\/es\/wp-json\/wp\/v2\/tags?post=215679"}],"curies":[{"name":"wp","href":"https:\/\/api.w.org\/{rel}","templated":true}]}}