{"id":21568,"date":"2025-08-02T23:06:11","date_gmt":"2025-08-02T23:06:11","guid":{"rendered":"https:\/\/www.europesays.com\/es\/21568\/"},"modified":"2025-08-02T23:06:11","modified_gmt":"2025-08-02T23:06:11","slug":"alerta-alimentaria-en-espana-detectan-salmonela-en-fuet-de-tres-marcas-distribuidas-en-varias-comunidades","status":"publish","type":"post","link":"https:\/\/www.europesays.com\/es\/21568\/","title":{"rendered":"Alerta alimentaria en Espa\u00f1a: detectan salmonela en fuet de tres marcas distribuidas en varias comunidades"},"content":{"rendered":"<p class=\"v-mdl-ath__p v-mdl-ath__p--6\">\nS\u00e1bado, 2 de agosto 2025, 15:51<\/p>\n<p class=\"v-p\">La Agencia Espa\u00f1ola de Seguridad Alimentaria y Nutrici\u00f3n (AESAN) ha emitido una alerta sanitaria tras detectar la presencia de Salmonella en varios lotes de fuet pertenecientes a las marcas Can Duran, Origin du Gout y La Tabla. La contaminaci\u00f3n fue identificada durante controles rutinarios realizados por las autoridades sanitarias de Catalu\u00f1a, quienes notificaron el hallazgo al Sistema Coordinado de Intercambio R\u00e1pido de Informaci\u00f3n (SCIRI). Los productos afectados han sido distribuidos en ocho comunidades aut\u00f3nomas \u2014Andaluc\u00eda, Arag\u00f3n, Castilla-La Mancha, Castilla y Le\u00f3n, Cantabria, Catalu\u00f1a, Valencia y Madrid\u2014 as\u00ed como en Francia, Portugal y Andorra.<\/p>\n<p class=\"v-p\">Los lotes implicados incluyen el Fuet Extra sans colorants y Fuet Extra Exentis de Can Duran (lote 252534428, consumo preferente 5\/9\/2025), el Fuet Qualit\u00e9 Extra de Origin du Gout (lote 252534427, consumo preferente 13\/9\/2025) y el Fuet Extra La Tabla (lotes 252534427 y 252534428, consumo preferente 29\/8\/2025 y 16\/8\/2025 respectivamente). La AESAN ha instado a los consumidores a revisar el etiquetado de los productos en sus hogares y abstenerse de consumirlos si coinciden con los lotes se\u00f1alados. Adem\u00e1s, se ha activado el protocolo de retirada inmediata en los puntos de venta.<\/p>\n<p class=\"v-p\">En caso de haber ingerido alguno de estos productos, se recomienda acudir a un centro de salud si se presentan s\u00edntomas compatibles con salmonelosis, como diarrea, fiebre, dolor abdominal, v\u00f3mitos o cefalea. Esta infecci\u00f3n, aunque suele resolverse en pocos d\u00edas, puede ser especialmente peligrosa en ni\u00f1os, personas mayores o inmunodeprimidas. La AESAN recuerda la importancia de los controles sanitarios y la colaboraci\u00f3n entre comunidades para evitar la propagaci\u00f3n de enfermedades de transmisi\u00f3n alimentaria.<\/p>\n<p>Comenta<\/p>\n<p>Reporta un error<\/p>\n","protected":false},"excerpt":{"rendered":"S\u00e1bado, 2 de agosto 2025, 15:51 La Agencia Espa\u00f1ola de Seguridad Alimentaria y Nutrici\u00f3n (AESAN) ha emitido una&hellip;\n","protected":false},"author":2,"featured_media":21569,"comment_status":"","ping_status":"","sticky":false,"template":"","format":"standard","meta":{"footnotes":""},"categories":[8],"tags":[3830,12012,17,18,3582,9937,12772,25,24,13,14,11767,11,19,20,9614,9,10,15,16,12771,23,12,603,21,22,11304],"class_list":{"0":"post-21568","1":"post","2":"type-post","3":"status-publish","4":"format-standard","5":"has-post-thumbnail","7":"category-espana","8":"tag-alerta","9":"tag-alimentaria","10":"tag-breaking-news","11":"tag-breakingnews","12":"tag-comunidades","13":"tag-detectan","14":"tag-distribuidas","15":"tag-es","16":"tag-espana","17":"tag-featured-news","18":"tag-featurednews","19":"tag-fuet","20":"tag-headlines","21":"tag-latest-news","22":"tag-latestnews","23":"tag-marcas","24":"tag-news","25":"tag-noticias","26":"tag-noticias-destacadas","27":"tag-noticiasdestacadas","28":"tag-salmonela","29":"tag-spain","30":"tag-titulares","31":"tag-tres","32":"tag-ultimas-noticias","33":"tag-ultimasnoticias","34":"tag-varias"},"share_on_mastodon":{"url":"","error":""},"_links":{"self":[{"href":"https:\/\/www.europesays.com\/es\/wp-json\/wp\/v2\/posts\/21568","targetHints":{"allow":["GET"]}}],"collection":[{"href":"https:\/\/www.europesays.com\/es\/wp-json\/wp\/v2\/posts"}],"about":[{"href":"https:\/\/www.europesays.com\/es\/wp-json\/wp\/v2\/types\/post"}],"author":[{"embeddable":true,"href":"https:\/\/www.europesays.com\/es\/wp-json\/wp\/v2\/users\/2"}],"replies":[{"embeddable":true,"href":"https:\/\/www.europesays.com\/es\/wp-json\/wp\/v2\/comments?post=21568"}],"version-history":[{"count":0,"href":"https:\/\/www.europesays.com\/es\/wp-json\/wp\/v2\/posts\/21568\/revisions"}],"wp:featuredmedia":[{"embeddable":true,"href":"https:\/\/www.europesays.com\/es\/wp-json\/wp\/v2\/media\/21569"}],"wp:attachment":[{"href":"https:\/\/www.europesays.com\/es\/wp-json\/wp\/v2\/media?parent=21568"}],"wp:term":[{"taxonomy":"category","embeddable":true,"href":"https:\/\/www.europesays.com\/es\/wp-json\/wp\/v2\/categories?post=21568"},{"taxonomy":"post_tag","embeddable":true,"href":"https:\/\/www.europesays.com\/es\/wp-json\/wp\/v2\/tags?post=21568"}],"curies":[{"name":"wp","href":"https:\/\/api.w.org\/{rel}","templated":true}]}}