{"id":215688,"date":"2025-11-03T05:37:11","date_gmt":"2025-11-03T05:37:11","guid":{"rendered":"https:\/\/www.europesays.com\/es\/215688\/"},"modified":"2025-11-03T05:37:11","modified_gmt":"2025-11-03T05:37:11","slug":"millie-bobby-brown-acusa-a-su-companero-de-stranger-things-david-harbour-de-hostigamiento-y-acoso-laboral","status":"publish","type":"post","link":"https:\/\/www.europesays.com\/es\/215688\/","title":{"rendered":"Millie Bobby Brown acusa a su compa\u00f1ero de \u2018Stranger Things\u2019, David Harbour, de hostigamiento y acoso laboral"},"content":{"rendered":"<p>\n          Millie Bobby Brown grab\u00f3 acompa\u00f1ada de un representante<\/p>\n<p>Seg\u00fan Page Six, <b> <a class=\"Link\" href=\"https:\/\/www.quien.com\/espectaculos\/2025\/08\/25\/millie-bobby-brown-es-captada-por-primera-vez-con-su-bebe-adoptiva?utm_source=internal&amp;utm_medium=link-recommended\" target=\"_blank\" rel=\"nofollow noopener\">Millie Bobby Brown<\/a>  <\/b> habr\u00eda grabado el \u00faltimo episodio de la serie acompa\u00f1ada por un representante personal en el set. Asimismo, se aclara que <b>Harbour <\/b>no enfrenta acusaciones de conducta sexual inapropiada en la denuncia.<\/p>\n<p>             <img loading=\"lazy\" decoding=\"async\" src=\"https:\/\/www.europesays.com\/es\/wp-content\/uploads\/2025\/11\/1762148231_678_\" class=\"lazyload\" alt=\"Millie Bobby Brown y David Harbour\"  width=\"1200\" height=\"863\"\/> <\/p>\n<p>              Millie Bobby Brown y David Harbour<br \/>\n              (Getty Images)<\/p>\n<p>\u201cMillie Bobby Brown present\u00f3 una denuncia por acoso antes de que comenzara el rodaje de la \u00faltima temporada\u201d, declar\u00f3 una fuente al medio. \u201cHab\u00eda p\u00e1ginas y p\u00e1ginas de acusaciones. La investigaci\u00f3n dur\u00f3 meses\u201d.<\/p>\n<p>En 2021, <b>Harbour <\/b>habl\u00f3 abiertamente de su papel protector hacia <b>Brown<\/b>, recordando que comenzaron a trabajar juntos cuando ella ten\u00eda apenas 12 a\u00f1os y \u00e9l 41, durante el estreno de la serie en 2016.<\/p>\n<p>             <img loading=\"lazy\" decoding=\"async\" src=\"https:\/\/www.europesays.com\/es\/wp-content\/uploads\/2025\/11\/1762148231_271_\" class=\"lazyload\" alt=\"Millie Bobby Brown y David Harbour\"  width=\"1200\" height=\"837\"\/> <\/p>\n<p>              Millie Bobby Brown y David Harbour<br \/>\n              (Getty Images)<\/p>\n<p>\u201cMillie y yo siempre hemos tenido una especie de relaci\u00f3n especial porque la conoc\u00ed cuando era muy joven. La conoc\u00ed antes de que alcanzara toda esta fama\u201d, dijo <b>Harbour <\/b>en un episodio del podcast That Scene with Dan Patrick. \u201cSiento un gran instinto protector hacia ella. Me preocupa mucho. Me preocupa ella, la fama y todo con lo que tiene que lidiar\u201d, agreg\u00f3.<\/p>\n","protected":false},"excerpt":{"rendered":"Millie Bobby Brown grab\u00f3 acompa\u00f1ada de un representante Seg\u00fan Page Six, Millie Bobby Brown habr\u00eda grabado el \u00faltimo&hellip;\n","protected":false},"author":2,"featured_media":215689,"comment_status":"","ping_status":"","sticky":false,"template":"","format":"standard","meta":{"footnotes":""},"categories":[174],"tags":[255,57940,146,147,25,24,2793,256,26025,57941,57942,23,57225],"class_list":{"0":"post-215688","1":"post","2":"type-post","3":"status-publish","4":"format-standard","5":"has-post-thumbnail","7":"category-famosos","8":"tag-celebrities","9":"tag-david-harbour","10":"tag-entertainment","11":"tag-entretenimiento","12":"tag-es","13":"tag-espana","14":"tag-espectaculos","15":"tag-famosos","16":"tag-millie-bobby-brown","17":"tag-millie-bobby-brown-acusa-a-david-harbour","18":"tag-millie-bobby-brown-acusa-a-david-harbour-hostigamiento-y-acoso-laboral","19":"tag-spain","20":"tag-stranger-things"},"share_on_mastodon":{"url":"https:\/\/pubeurope.com\/@es\/115484154109938743","error":""},"_links":{"self":[{"href":"https:\/\/www.europesays.com\/es\/wp-json\/wp\/v2\/posts\/215688","targetHints":{"allow":["GET"]}}],"collection":[{"href":"https:\/\/www.europesays.com\/es\/wp-json\/wp\/v2\/posts"}],"about":[{"href":"https:\/\/www.europesays.com\/es\/wp-json\/wp\/v2\/types\/post"}],"author":[{"embeddable":true,"href":"https:\/\/www.europesays.com\/es\/wp-json\/wp\/v2\/users\/2"}],"replies":[{"embeddable":true,"href":"https:\/\/www.europesays.com\/es\/wp-json\/wp\/v2\/comments?post=215688"}],"version-history":[{"count":0,"href":"https:\/\/www.europesays.com\/es\/wp-json\/wp\/v2\/posts\/215688\/revisions"}],"wp:featuredmedia":[{"embeddable":true,"href":"https:\/\/www.europesays.com\/es\/wp-json\/wp\/v2\/media\/215689"}],"wp:attachment":[{"href":"https:\/\/www.europesays.com\/es\/wp-json\/wp\/v2\/media?parent=215688"}],"wp:term":[{"taxonomy":"category","embeddable":true,"href":"https:\/\/www.europesays.com\/es\/wp-json\/wp\/v2\/categories?post=215688"},{"taxonomy":"post_tag","embeddable":true,"href":"https:\/\/www.europesays.com\/es\/wp-json\/wp\/v2\/tags?post=215688"}],"curies":[{"name":"wp","href":"https:\/\/api.w.org\/{rel}","templated":true}]}}