{"id":215694,"date":"2025-11-03T05:43:07","date_gmt":"2025-11-03T05:43:07","guid":{"rendered":"https:\/\/www.europesays.com\/es\/215694\/"},"modified":"2025-11-03T05:43:07","modified_gmt":"2025-11-03T05:43:07","slug":"la-edad-de-oro-japon-aclama-a-yamamoto-y-ohtani-tras-el-triunfo-de-los-dodgers","status":"publish","type":"post","link":"https:\/\/www.europesays.com\/es\/215694\/","title":{"rendered":"\u00abLa Edad De Oro\u00bb: Jap\u00f3n Aclama A Yamamoto Y Ohtani Tras El Triunfo De Los Dodgers"},"content":{"rendered":"<p data-type=\"paragraph\" data=\"[object Object]\">Jap\u00f3n celebr\u00f3 este lunes una \u00abedad dorada\u00bb para el b\u00e9isbol de ese pa\u00eds, encabezada por Shohei Ohtani y Yoshinobu Yamamoto, despu\u00e9s de que ambos fueran figuras clave en el bicampeonato de los Dodgers de Los \u00c1ngeles en la Serie Mundial.<\/p>\n<p data-type=\"paragraph\" data=\"[object Object]\" class=\"emotion-1akm6h5-Paragraph e1e4oisd0\">Yamamoto, en particular, protagoniz\u00f3 una de las actuaciones de pitcheo m\u00e1s notables en la historia del Cl\u00e1sico de Oto\u00f1o, al salir desde el bullpen en el decisivo s\u00e9ptimo juego para guiar a los Dodgers a una emocionante victoria por 5&#215;4 en entradas extra sobre los Blue Jays de Toronto.<\/p>\n<p data-type=\"paragraph\" data=\"[object Object]\" class=\"emotion-1akm6h5-Paragraph e1e4oisd0\">La heroica actuaci\u00f3n del lanzador de 27 a\u00f1os lleg\u00f3 menos de 24 horas despu\u00e9s de haber lanzado 96 pitcheos como abridor en el sexto juego, que hab\u00eda igualado la serie.<\/p>\n<p data-type=\"paragraph\" data=\"[object Object]\" class=\"emotion-1akm6h5-Paragraph e1e4oisd0\">Fue una haza\u00f1a que desafi\u00f3 tanto la l\u00f3gica como las convenciones del b\u00e9isbol \u2014normalmente los lanzadores \u00e9lite descansan varios d\u00edas tras una actuaci\u00f3n extensa\u2014 y que le vali\u00f3 ser nombrado Jugador M\u00e1s Valioso de la Serie Mundial.<\/p>\n<p data-type=\"paragraph\" data=\"[object Object]\" class=\"emotion-1akm6h5-Paragraph e1e4oisd0\">Yamamoto incluso eclips\u00f3 a su compatriota y compa\u00f1ero de equipo Ohtani en la cobertura medi\u00e1tica en Jap\u00f3n.<\/p>\n<p data-type=\"paragraph\" data=\"[object Object]\" class=\"emotion-1akm6h5-Paragraph e1e4oisd0\">El lanzador, descrito por un compa\u00f1ero como \u00abun psic\u00f3pata\u00bb por su resistencia, acapar\u00f3 las portadas de los principales peri\u00f3dicos nacionales.<\/p>\n<p data-type=\"paragraph\" data=\"[object Object]\" class=\"emotion-1akm6h5-Paragraph e1e4oisd0\">\u00abYoshinobu Yamamoto, MVP. M\u00e1xima fuerza impulsora del bicampeonato de los Dodgers\u00bb, titul\u00f3 el tradicional diario econ\u00f3mico Nikkei.<\/p>\n<p data-type=\"paragraph\" data=\"[object Object]\" class=\"emotion-1akm6h5-Paragraph e1e4oisd0\">El Sanyo Shimbun, del lugar natal de Yamamoto, en la prefectura de Okayama, dedic\u00f3 la mayor parte de su portada a su h\u00e9roe local y al triunfo de los Dodgers.<\/p>\n<p data-type=\"paragraph\" data=\"[object Object]\" class=\"emotion-1akm6h5-Paragraph e1e4oisd0\">\u00abCultivando una edad dorada junto a Ohtani y Sasaki\u00bb, dec\u00eda uno de sus titulares.<\/p>\n<p data-type=\"paragraph\" data=\"[object Object]\" class=\"emotion-1akm6h5-Paragraph e1e4oisd0\">El Yomiuri Shimbun, el diario m\u00e1s vendido de Jap\u00f3n, public\u00f3 una edici\u00f3n digital especial el domingo por la tarde.<\/p>\n<p data-type=\"paragraph\" data=\"[object Object]\" class=\"emotion-1akm6h5-Paragraph e1e4oisd0\">Los Dodgers se convirtieron en el primer equipo en 25 a\u00f1os en ganar dos Series Mundiales consecutivas, y con Yamamoto, Ohtani y Roki Sasaki en sus filas, son seguidos de cerca por la afici\u00f3n japonesa.<\/p>\n<p data-type=\"paragraph\" data=\"[object Object]\" class=\"emotion-1akm6h5-Paragraph e1e4oisd0\">De hecho, los Dodgers son probablemente m\u00e1s familiares para los fan\u00e1ticos japoneses que muchos equipos de su propio pa\u00eds.<\/p>\n<p data-type=\"paragraph\" data=\"[object Object]\" class=\"emotion-1akm6h5-Paragraph e1e4oisd0\">La primera ministra Sanae Takaichi, gran aficionada al b\u00e9isbol, escribi\u00f3 en X: \u00abTengo grandes esperanzas de que todos los jugadores japoneses de las Grandes Ligas, y en general todos los atletas japoneses, contin\u00faen brillando en el centro del escenario mundial, brindando sue\u00f1os y esperanza al pueblo japon\u00e9s\u00bb.<\/p>\n<p data-type=\"paragraph\" data=\"[object Object]\" class=\"emotion-1akm6h5-Paragraph e1e4oisd0\">Cuando el presidente de Estados Unidos, Donald Trump, visit\u00f3 Jap\u00f3n la semana pasada, Takaichi coment\u00f3 que ambos l\u00edderes alcanzaron a ver parte de la Serie Mundial antes de iniciar sus conversaciones formales.<\/p>\n<p data-type=\"paragraph\" data=\"[object Object]\" class=\"emotion-1akm6h5-Paragraph e1e4oisd0\">Takaichi es una apasionada seguidora de los Hanshin Tigers, que llegaron a la Serie de Jap\u00f3n pero cayeron ante los SoftBank Hawks.<\/p>\n<p data-type=\"paragraph\" data=\"[object Object]\" class=\"emotion-1akm6h5-Paragraph e1e4oisd0\">\u00abAunque mis queridos Hanshin Tigers se quedaron sin el t\u00edtulo de la Serie de Jap\u00f3n, como alguien que cree firmemente en la resiliencia de Jap\u00f3n y de su gente, los logros sobresalientes de nuestros jugadores en el extranjero son realmente una noticia alentadora\u00bb, escribi\u00f3 en X.<\/p>\n<p data-type=\"paragraph\" data=\"[object Object]\" class=\"emotion-1akm6h5-Paragraph e1e4oisd0\">hih-pst\/mjw\/cl<\/p>\n","protected":false},"excerpt":{"rendered":"Jap\u00f3n celebr\u00f3 este lunes una \u00abedad dorada\u00bb para el b\u00e9isbol de ese pa\u00eds, encabezada por Shohei Ohtani y&hellip;\n","protected":false},"author":2,"featured_media":123368,"comment_status":"","ping_status":"","sticky":false,"template":"","format":"standard","meta":{"footnotes":""},"categories":[93],"tags":[45,13811,168,25,24,57632,43403,57633,23,167,116,4450],"class_list":{"0":"post-215694","1":"post","2":"type-post","3":"status-publish","4":"format-standard","5":"has-post-thumbnail","7":"category-deportes","8":"tag-45","9":"tag-beisbol","10":"tag-deportes","11":"tag-es","12":"tag-espana","13":"tag-gligas","14":"tag-jpn","15":"tag-seriemundial","16":"tag-spain","17":"tag-sports","18":"tag-synd","19":"tag-usa"},"share_on_mastodon":{"url":"https:\/\/pubeurope.com\/@es\/115484177504286016","error":""},"_links":{"self":[{"href":"https:\/\/www.europesays.com\/es\/wp-json\/wp\/v2\/posts\/215694","targetHints":{"allow":["GET"]}}],"collection":[{"href":"https:\/\/www.europesays.com\/es\/wp-json\/wp\/v2\/posts"}],"about":[{"href":"https:\/\/www.europesays.com\/es\/wp-json\/wp\/v2\/types\/post"}],"author":[{"embeddable":true,"href":"https:\/\/www.europesays.com\/es\/wp-json\/wp\/v2\/users\/2"}],"replies":[{"embeddable":true,"href":"https:\/\/www.europesays.com\/es\/wp-json\/wp\/v2\/comments?post=215694"}],"version-history":[{"count":0,"href":"https:\/\/www.europesays.com\/es\/wp-json\/wp\/v2\/posts\/215694\/revisions"}],"wp:featuredmedia":[{"embeddable":true,"href":"https:\/\/www.europesays.com\/es\/wp-json\/wp\/v2\/media\/123368"}],"wp:attachment":[{"href":"https:\/\/www.europesays.com\/es\/wp-json\/wp\/v2\/media?parent=215694"}],"wp:term":[{"taxonomy":"category","embeddable":true,"href":"https:\/\/www.europesays.com\/es\/wp-json\/wp\/v2\/categories?post=215694"},{"taxonomy":"post_tag","embeddable":true,"href":"https:\/\/www.europesays.com\/es\/wp-json\/wp\/v2\/tags?post=215694"}],"curies":[{"name":"wp","href":"https:\/\/api.w.org\/{rel}","templated":true}]}}