{"id":215703,"date":"2025-11-03T05:49:07","date_gmt":"2025-11-03T05:49:07","guid":{"rendered":"https:\/\/www.europesays.com\/es\/215703\/"},"modified":"2025-11-03T05:49:07","modified_gmt":"2025-11-03T05:49:07","slug":"el-laberinto-politico-del-pp-valenciano-y-los-dos-precedentes-de-interinato-en-sus-anos-de-mayorias-absolutas-sin-vox-noticias-de-la-comunidad-valenciana","status":"publish","type":"post","link":"https:\/\/www.europesays.com\/es\/215703\/","title":{"rendered":"El laberinto pol\u00edtico del PP valenciano y los dos precedentes de interinato en sus a\u00f1os de mayor\u00edas absolutas sin Vox | Noticias de la Comunidad Valenciana"},"content":{"rendered":"<p class=\"\">\u201cLa situaci\u00f3n es endiablada\u201d; \u201cPuede pasar cualquier cosa\u201d; \u201cAra mateix, no tenim ni puta idea [Ahora mismo no tenemos ni puta idea]; \u201cLo que est\u00e1 claro es que la cuenta atr\u00e1s ya ha empezado\u201d; \u201cNo es Saturno quien devora a sus hijos, sino los hijos quienes se comen al padre\u201d. Son algunos de los comentarios vertidos por dirigentes del PP valenciano o por sus colaboradores este fin de semana sobre el actual laberinto de la pol\u00edtica auton\u00f3mica y la \u201cinsostenible situaci\u00f3n\u201d,<a href=\"https:\/\/elpais.com\/espana\/2025-11-02\/el-pp-anuncia-que-feijoo-y-mazon-hablaran-este-domingo-al-multiplicarse-la-presion-sobre-la-continuidad-del-president.html\" target=\"_self\" rel=\"nofollow noopener\" title=\"https:\/\/elpais.com\/espana\/2025-11-02\/el-pp-anuncia-que-feijoo-y-mazon-hablaran-este-domingo-al-multiplicarse-la-presion-sobre-la-continuidad-del-president.html\"> en palabras de un cargo nacional, de Carlos Maz\u00f3n, que ha convocado a los medios este lunes para anunciar su futuro pol\u00edtico. <\/a><\/p>\n<p>M\u00e1s informaci\u00f3n<\/p>\n<p class=\"\">La decisi\u00f3n de que el presidente de la Generalitat no puede continuar en el cargo parece estar tomada, tras <a href=\"https:\/\/elpais.com\/autor\/ferran-bono\/\" target=\"_self\" rel=\"nofollow noopener\" title=\"https:\/\/elpais.com\/autor\/ferran-bono\/\">los insultos recibidos en p\u00fablico en el funeral de Estado por las v\u00edctimas de la dana<\/a> del pasado mi\u00e9rcoles, sus continuos cambios de versiones sobre su paradero durante la mayor cat\u00e1strofe del siglo en su tierra y la incertidumbre sobre su futuro judicial. <\/p>\n<p class=\"\">Su p\u00e9rdida de credibilidad y el perjuicio que causa su encastillamiento ha llevado a alcaldes populares a mostrar su preocupaci\u00f3n. Pero c\u00f3mo llevarla a cabo esa decisi\u00f3n es un rompecabezas en el que han de encajar piezas muy diversas, algunas con nombre propio y otras relacionadas con el aforamiento, las sensibilidades pueblerina versus urbanita o la debida obediencia a Madrid con el interinato, entre otras cuestiones<\/p>\n<p class=\"\">La pretensi\u00f3n <a href=\"https:\/\/elpais.com\/espana\/2025-11-02\/el-pp-anuncia-que-feijoo-y-mazon-hablaran-este-domingo-al-multiplicarse-la-presion-sobre-la-continuidad-del-president.html\" target=\"_self\" rel=\"nofollow noopener\" title=\"https:\/\/elpais.com\/espana\/2025-11-02\/el-pp-anuncia-que-feijoo-y-mazon-hablaran-este-domingo-al-multiplicarse-la-presion-sobre-la-continuidad-del-president.html\">de presentar a Vicente Momp\u00f3, presidente de la diputaci\u00f3n de Valencia,<\/a> como su sustituto al frente del partido y futuro candidato en las elecciones de 2027, con un calendario ordenado en el que el alicantino Maz\u00f3n se mantendr\u00eda hasta entonces como jefe del Consell, ha chocado con las urgencias de la c\u00fapula nacional del PP y los diferentes intereses en el seno del partido.<\/p>\n<p class=\"\">Una vez que la direcci\u00f3n nacional ha dictaminado que ya est\u00e1 bien y que la salida de Maz\u00f3n no puede demorarse m\u00e1s, los mismos dirigentes provinciales (apoyados por Maz\u00f3n en su momento) que postulan la candidatura de Momp\u00f3, que no es diputado auton\u00f3mico y, por tanto, no puede ser elegido ahora presidente por las Cortes Valencianas, tienen una alternativa temporal, Juan Francisco P\u00e9rez Llorca, secretario general del PPCV, diputado auton\u00f3mico y alcalde de Finestrat. En este caso, si Maz\u00f3n se mantendr\u00eda como diputado, y seguir\u00eda aforado, una cuesti\u00f3n que no es balad\u00ed en la actual coyuntura.<\/p>\n<p class=\"\">Ya hay dos precedentes de interinato en la pol\u00edtica valenciana y en el PP, pero en la \u00e9poca de las mayor\u00edas absolutas, que coincidi\u00f3 con el estallido de numerosos casos de corrupci\u00f3n. Vox no exist\u00eda. Su l\u00edder era un militante popular. A Eduardo Zaplana se le qued\u00f3 peque\u00f1a la pol\u00edtica auton\u00f3mica y dio el salto en 2002 a la nacional como ministro de Trabajo con el gobierno de Jos\u00e9 Mar\u00eda Aznar. <\/p>\n<p class=\"\">El entonces todopoderoso l\u00edder, que se hizo un nombre desde la alcald\u00eda de Benidorm y fue condenado en 2024 a 10 a\u00f1os de prisi\u00f3n por dos casos de corrupci\u00f3n, dej\u00f3 a un valido al frente de la Generalitat, Jos\u00e9 Luis Olivas, que rein\u00f3 casi 11 meses hasta que el valenciano Francisco Camps gan\u00f3 las siguientes elecciones de 2003. Olivas fue recompensado con la presidencia de Bancaixa y del Banco de Valencia, la primera desaparecida y el segundo tambi\u00e9n, tras ser comprado por Caixabank. Fue condenado a a\u00f1o y medio de prisi\u00f3n por falsedad documental.<\/p>\n<p class=\"\">El segundo caso de interinato tuvo lugar tras renovar Francisco Camps su mayor\u00eda absoluta en 2011. Imputado en el caso de los trajes y con varias frentes judiciales del caso G\u00fcrtel en el horizonte, fue impelido por el l\u00edder popular de entonces y presidente del Gobierno, Mariano Rajoy, a dejar el cargo. Incluso env\u00edo desde Madrid un mensajero, Federico Trillo, para presionar a Camps. El alcalde de Castell\u00f3n a la saz\u00f3n y diputado auton\u00f3mico, Alberto Fabra, le sustituy\u00f3 al frente de la Generalitat sin pasar por las urnas. Cuando pas\u00f3, en 2015, el PP gan\u00f3, pero no con los votos suficientes para gobernar. <\/p>\n<p class=\"\">Fabra ahora es diputado en el Congreso y sus posiciones dentro del partido son cercanas a las de Esteban Gonz\u00e1lez Pons y a las de la alcaldesa de Valencia, Mar\u00eda Jos\u00e9 Catal\u00e1. Son los urbanitas frente a los pueblerinos, que representa Momp\u00f3, alcalde de la peque\u00f1a poblaci\u00f3n de Gavarda, en una distinci\u00f3n de trazo grueso, con m\u00e1s trasfondo sociol\u00f3gico. A Momp\u00f3 se le ha llegado a recriminar desde determinados c\u00edrculos populares que habla con m\u00e1s soltura valenciano que castellano y que le falta a\u00fan para ser l\u00edder, pero desde la dana, donde estuvo en todo momento primero en las poblaciones afectadas y luego en el puesto de mando (Cecopi) su figura no ha dejado de crecer dentro del partido y tambi\u00e9n fuera.<\/p>\n<p class=\"\">En la propuesta del binomio Momp\u00f3 y P\u00e9rez Llorca, la alcaldesa de Valencia, que tambi\u00e9n es diputada auton\u00f3mica, desempe\u00f1a un papel residual, pese a que la <a href=\"https:\/\/elpais.com\/espana\/2025-11-02\/el-pp-anuncia-que-feijoo-y-mazon-hablaran-este-domingo-al-multiplicarse-la-presion-sobre-la-continuidad-del-president.html\" target=\"_self\" rel=\"nofollow noopener\" title=\"https:\/\/elpais.com\/espana\/2025-11-02\/el-pp-anuncia-que-feijoo-y-mazon-hablaran-este-domingo-al-multiplicarse-la-presion-sobre-la-continuidad-del-president.html\">direcci\u00f3n nacional del PP siempre la ha visto con buenos ojos<\/a> y es un valor consolidado y seguro que cuenta con el mayor respaldo de los votantes populares, seg\u00fan los \u00faltimos sondeos. La apuesta por ella como presidenta interina es muy improbable y arriesgada porque desvestir\u00eda al Ayuntamiento desnudo, y dejar\u00eda a la ciudad sin la principal baza del PP y, adem\u00e1s, su relaci\u00f3n con el grupo municipal de Vox ha sido muy tensa durante la legislatura.<\/p>\n<p class=\"\">La diferencia de la \u00e9poca de las mayor\u00edas absolutas a la actualidad es que la extrema derecha es clave. Para cualquier decisi\u00f3n que no pase por la dimisi\u00f3n y convocatoria de elecciones anticipadas por parte de Maz\u00f3n, el PP necesitar\u00eda el visto bueno de su socio parlamentario, Vox (que tiene 13 esca\u00f1os), dado que solo cuenta con 40 diputados de los 99 que integran la c\u00e1mara. <\/p>\n<p class=\"\">P\u00e9rez Llorca mantiene buena relaci\u00f3n con la formaci\u00f3n de extrema derecha y ha sido el negociador por parte de su partido en los acuerdos alcanzados con Vox, tanto en las Cortes Valencianas como en el pacto de Gobierno al que llegaron al inicio de la legislatura. A \u00faltima hora del domingo, fuentes de Vox en Valencia aseguraban a este peri\u00f3dico que no sab\u00edan \u201cnada de nada\u201d y que no hac\u00edan \u201cdeclaraciones sobre rumores\u201d.<\/p>\n","protected":false},"excerpt":{"rendered":"\u201cLa situaci\u00f3n es endiablada\u201d; \u201cPuede pasar cualquier cosa\u201d; \u201cAra mateix, no tenim ni puta idea [Ahora mismo no&hellip;\n","protected":false},"author":2,"featured_media":215704,"comment_status":"","ping_status":"","sticky":false,"template":"","format":"standard","meta":{"footnotes":""},"categories":[8],"tags":[6069,17,18,2007,242,10316,25,24,13,14,11,4274,734,19,20,9,10,15,16,956,23,12,21,22,624],"class_list":{"0":"post-215703","1":"post","2":"type-post","3":"status-publish","4":"format-standard","5":"has-post-thumbnail","7":"category-espana","8":"tag-alberto-nunez-feijoo","9":"tag-breaking-news","10":"tag-breakingnews","11":"tag-carlos-mazon","12":"tag-comunidad-valenciana","13":"tag-eduardo-zaplana","14":"tag-es","15":"tag-espana","16":"tag-featured-news","17":"tag-featurednews","18":"tag-headlines","19":"tag-inundaciones-dana-octubre-2024","20":"tag-investigacion-judicial","21":"tag-latest-news","22":"tag-latestnews","23":"tag-news","24":"tag-noticias","25":"tag-noticias-destacadas","26":"tag-noticiasdestacadas","27":"tag-pp","28":"tag-spain","29":"tag-titulares","30":"tag-ultimas-noticias","31":"tag-ultimasnoticias","32":"tag-vox"},"share_on_mastodon":{"url":"","error":"Validation failed: Text character limit of 500 exceeded"},"_links":{"self":[{"href":"https:\/\/www.europesays.com\/es\/wp-json\/wp\/v2\/posts\/215703","targetHints":{"allow":["GET"]}}],"collection":[{"href":"https:\/\/www.europesays.com\/es\/wp-json\/wp\/v2\/posts"}],"about":[{"href":"https:\/\/www.europesays.com\/es\/wp-json\/wp\/v2\/types\/post"}],"author":[{"embeddable":true,"href":"https:\/\/www.europesays.com\/es\/wp-json\/wp\/v2\/users\/2"}],"replies":[{"embeddable":true,"href":"https:\/\/www.europesays.com\/es\/wp-json\/wp\/v2\/comments?post=215703"}],"version-history":[{"count":0,"href":"https:\/\/www.europesays.com\/es\/wp-json\/wp\/v2\/posts\/215703\/revisions"}],"wp:featuredmedia":[{"embeddable":true,"href":"https:\/\/www.europesays.com\/es\/wp-json\/wp\/v2\/media\/215704"}],"wp:attachment":[{"href":"https:\/\/www.europesays.com\/es\/wp-json\/wp\/v2\/media?parent=215703"}],"wp:term":[{"taxonomy":"category","embeddable":true,"href":"https:\/\/www.europesays.com\/es\/wp-json\/wp\/v2\/categories?post=215703"},{"taxonomy":"post_tag","embeddable":true,"href":"https:\/\/www.europesays.com\/es\/wp-json\/wp\/v2\/tags?post=215703"}],"curies":[{"name":"wp","href":"https:\/\/api.w.org\/{rel}","templated":true}]}}