{"id":215755,"date":"2025-11-03T06:32:13","date_gmt":"2025-11-03T06:32:13","guid":{"rendered":"https:\/\/www.europesays.com\/es\/215755\/"},"modified":"2025-11-03T06:32:13","modified_gmt":"2025-11-03T06:32:13","slug":"el-movil-flexible-de-motorola-que-se-convierte-en-smartwatch-esta-mas-cerca-de-hacerse-realidad-gracias-a-nueva-patente","status":"publish","type":"post","link":"https:\/\/www.europesays.com\/es\/215755\/","title":{"rendered":"El m\u00f3vil flexible de motorola que se convierte en smartwatch est\u00e1 m\u00e1s cerca de hacerse realidad gracias a nueva patente"},"content":{"rendered":"<p class=\"c-paragraph\"><b>motorola <\/b>quiere marcar un antes y un despu\u00e9s en el mercado de la telefon\u00eda con <b>un m\u00f3vil que puede transformarse en un smartwatch.<\/b> Pese a que este dispositivo no es ninguna novedad porque <a href=\"https:\/\/www.20minutos.es\/tecnologia\/moviles-dispositivos\/motorola-nuevo-prototipo-movil-plegable-flexible-5184580\/\" rel=\"nofollow noopener\" target=\"_blank\">se dio a conocer por primera vez en octubre de 2023<\/a>, recientemente, la Oficina de Patentes y Marcas de Estados Unidos ha publicado una nueva patente que revela un dispositivo port\u00e1til que <b>se puede sujetar a la mu\u00f1eca<\/b>.<\/p>\n<p class=\"c-paragraph\">Este aparato electr\u00f3nico puede extender su pantalla para alcanzar un tama\u00f1o mayor, lo que sugiere una <b>usabilidad similar a un m\u00f3vil<\/b>. Adem\u00e1s, seg\u00fan la patente, cuando se encoge, se ajusta a la mu\u00f1eca para que funcione como un smartwatch.<\/p>\n<p class=\"c-paragraph\">Por otro lado, de acuerdo con el documento descubierto por <a href=\"https:\/\/www.xpertpick.com\/mobile\/motorola-patent-reveals-a-wearable-phone-that-transforms-into-a-watch\/\" rel=\"nofollow noreferrer noopener\" target=\"_blank\">XpertPick<\/a>, este dispositivo \u00abofrece una visi\u00f3n de la direcci\u00f3n de investigaci\u00f3n de notorola e indica el inter\u00e9s de la marca en transformar la tecnolog\u00eda wearable\u00bb, teniendo en cuenta que, <b>por el momento, se trata de una patente<\/b> y el documento no confirma ning\u00fan plan de producto.<\/p>\n<p>As\u00ed es el m\u00f3vil de motorola que se convierte en un smartwatch<\/p>\n<p class=\"c-paragraph\"><b\/>La patente muestra una <b>pantalla flexible y extensible que se ajusta a la mu\u00f1eca<\/b>, por lo tanto, cuando es necesario, se puede estirar o extender para convertirse en una pantalla rectangular similar a la de un smartphone compacto.<\/p>\n<p class=\"c-paragraph\">Respecto a su funcionamiento, el concepto de motorola sugiere un dispositivo que ofrece tanto <b>funciones de comunicaci\u00f3n como funcionalidades de acceso r\u00e1pido en la mu\u00f1eca<\/b>, por lo tanto, esto proporciona la comodidad de un\u00a0smartwatch y las ventajas de visualizaci\u00f3n de un m\u00f3vil.<\/p>\n<p class=\"c-paragraph\">Asimismo, la patente hace referencia a la estructura que permite los<b> movimientos de plegado y estiramiento<\/b>, aunque, de hacerse realidad, es probable que dicho dispositivo incluya sensores para ajustar la disposici\u00f3n de la interfaz seg\u00fan el tama\u00f1o y la orientaci\u00f3n de la pantalla.\u00a0Por otra parte, en lo que se refiere a la conectividad, las c\u00e1maras y el dise\u00f1o de la bater\u00eda todav\u00eda no se detalla ning\u00fan rasgo en el documento actual, aunque el enfoque parece estar en la <b>ingenier\u00eda adaptable de la pantalla.<\/b><\/p>\n<p class=\"c-paragraph\">Como decimos, de momento, se trata de una patente y<b> motorola todav\u00eda no ha hecho oficial ning\u00fan anuncio <\/b>sobre este dispositivo tipo m\u00f3vil que se puede ajustar a la mu\u00f1eca como si se tratase de un smartwatch.<\/p>\n","protected":false},"excerpt":{"rendered":"motorola quiere marcar un antes y un despu\u00e9s en el mercado de la telefon\u00eda con un m\u00f3vil que&hellip;\n","protected":false},"author":2,"featured_media":215756,"comment_status":"","ping_status":"","sticky":false,"template":"","format":"standard","meta":{"footnotes":""},"categories":[81],"tags":[119,123,124,25,24,56701,117,121,122,23,118,120],"class_list":{"0":"post-215755","1":"post","2":"type-post","3":"status-publish","4":"format-standard","5":"has-post-thumbnail","7":"category-ciencia-y-tecnologia","8":"tag-ciencia","9":"tag-ciencia-y-tecnologia","10":"tag-cienciaytecnologia","11":"tag-es","12":"tag-espana","13":"tag-motorola","14":"tag-science","15":"tag-science-and-technology","16":"tag-scienceandtechnology","17":"tag-spain","18":"tag-technology","19":"tag-tecnologia"},"share_on_mastodon":{"url":"https:\/\/pubeurope.com\/@es\/115484370240649015","error":""},"_links":{"self":[{"href":"https:\/\/www.europesays.com\/es\/wp-json\/wp\/v2\/posts\/215755","targetHints":{"allow":["GET"]}}],"collection":[{"href":"https:\/\/www.europesays.com\/es\/wp-json\/wp\/v2\/posts"}],"about":[{"href":"https:\/\/www.europesays.com\/es\/wp-json\/wp\/v2\/types\/post"}],"author":[{"embeddable":true,"href":"https:\/\/www.europesays.com\/es\/wp-json\/wp\/v2\/users\/2"}],"replies":[{"embeddable":true,"href":"https:\/\/www.europesays.com\/es\/wp-json\/wp\/v2\/comments?post=215755"}],"version-history":[{"count":0,"href":"https:\/\/www.europesays.com\/es\/wp-json\/wp\/v2\/posts\/215755\/revisions"}],"wp:featuredmedia":[{"embeddable":true,"href":"https:\/\/www.europesays.com\/es\/wp-json\/wp\/v2\/media\/215756"}],"wp:attachment":[{"href":"https:\/\/www.europesays.com\/es\/wp-json\/wp\/v2\/media?parent=215755"}],"wp:term":[{"taxonomy":"category","embeddable":true,"href":"https:\/\/www.europesays.com\/es\/wp-json\/wp\/v2\/categories?post=215755"},{"taxonomy":"post_tag","embeddable":true,"href":"https:\/\/www.europesays.com\/es\/wp-json\/wp\/v2\/tags?post=215755"}],"curies":[{"name":"wp","href":"https:\/\/api.w.org\/{rel}","templated":true}]}}