{"id":215781,"date":"2025-11-03T06:54:08","date_gmt":"2025-11-03T06:54:08","guid":{"rendered":"https:\/\/www.europesays.com\/es\/215781\/"},"modified":"2025-11-03T06:54:08","modified_gmt":"2025-11-03T06:54:08","slug":"pasolini-y-el-balon-deportes","status":"publish","type":"post","link":"https:\/\/www.europesays.com\/es\/215781\/","title":{"rendered":"Pasolini y el bal\u00f3n | Deportes"},"content":{"rendered":"<p class=\"\">Oriana Fallaci convers\u00f3 con Pier Paolo Pasolini para L\u2019Europeo en 1966, Un marxista en Nueva York. Pasolini le dice esta frase: \u201cAmo la vida ferozmente, desesperadamente. Y amo a la gente pobre y viva\u201d. Pier Paolo Pasolini muri\u00f3 en la madrugada del 2 de noviembre de 1975, <a href=\"https:\/\/elpais.com\/cultura\/2025-11-02\/la-ultima-noche-de-pasolini-50-anos-despues.html\" target=\"_self\" rel=\"nofollow noopener\" title=\"https:\/\/elpais.com\/cultura\/2025-11-02\/la-ultima-noche-de-pasolini-50-anos-despues.html\">hace 50 a\u00f1os, en la playa de Ostia, cerca de Roma. <\/a>Encontraron su cuerpo al amanecer: destrozado, cubierto de barro, con las huellas de un coche \u2014el suyo\u2014 marcadas en el pecho, el rostro desfigurado. La polic\u00eda detuvo a un joven de 17 a\u00f1os, Giuseppe \u2018Pino\u2019 Pelosi, que dijo haberlo matado \u201cen defensa propia\u201d tras una pelea motivada por sexo. No ten\u00eda sentido: hubo hasta testigos que dijeron haber visto el coche del autor conducido por m\u00e1s gente despu\u00e9s de su muerte. <a href=\"https:\/\/elpais.com\/cultura\/2021-11-02\/noviembre-es-pasolini.html\" target=\"_self\" rel=\"nofollow noopener\" title=\"https:\/\/elpais.com\/cultura\/2021-11-02\/noviembre-es-pasolini.html\">El caso se cerr\u00f3 r\u00e1pido, como si Italia tuviera prisa por enterrar al poeta junto con el esc\u00e1ndalo.<\/a><\/p>\n<p class=\"\">Pasolini acababa de estrenar Sal\u00f2 o le 120 giornate di Sodoma y de anunciar que estaba escribiendo un libro sobre el poder y la corrupci\u00f3n. Pelosi fue condenado, pero en 2005, treinta a\u00f1os despu\u00e9s, se retract\u00f3: dijo que tres hombres \u201cbien vestidos\u201d hab\u00edan participado en la paliza y lo obligaron a asumir la culpa. Desde entonces, el crimen sigue entre interrogantes. Pasolini muri\u00f3 como hab\u00eda vivido: en el l\u00edmite entre la lucidez y el peligro. El barro de Ostia fue su \u00faltima met\u00e1fora: all\u00ed estaba el barro del cuerpo, de la pol\u00edtica, de la Italia que intent\u00f3 desnudar. Quiz\u00e1 lo mataron por pretender mirar a donde nadie miraba.<\/p>\n<p class=\"\">Una vida violenta es uno de los libros que m\u00e1s profundamente me marc\u00f3 en la juventud. Por razones sencillas y delicadas que van m\u00e1s all\u00e1 de la brutalidad del lenguaje y la miseria que retrata. Por la ternura, por ejemplo, que se esconde detr\u00e1s de cada golpe. Por esas calles polvorientas del extrarradio romano en las que se descubre, seg\u00fan avanza la historia, que ah\u00ed la dignidad no depende del \u00e9xito ni de la limpieza, sino del gesto m\u00ednimo de quien, sin nada en los bolsillos y una deuda a cobrarle a la vida, todav\u00eda es capaz de sentir piedad. La novela va de un chico que comprende que la vida puede ser otra cosa y, al mismo tiempo, que ya es demasiado tarde, como vaticin\u00f3 despu\u00e9s Gil de Biedma: Tommaso Puzzilli ense\u00f1a que la redenci\u00f3n existe, pero llega cuando el mundo ha dejado de escuchar. \u00bfCu\u00e1nta bondad puede soportar una sociedad sin pudrirse?<\/p>\n<p class=\"\">Fue cineasta, escritor y futbolista, tres profesiones que podemos ser todos con solo salir a la calle. <a href=\"https:\/\/elpais.com\/deportes\/2015\/09\/03\/actualidad\/1441280743_685076.html\" target=\"_self\" rel=\"nofollow noopener\" title=\"https:\/\/elpais.com\/deportes\/2015\/09\/03\/actualidad\/1441280743_685076.html\">Jug\u00f3 horas de ni\u00f1o, jug\u00f3 en rodajes, jug\u00f3 hasta el final.<\/a> Dec\u00eda que el f\u00fatbol era un lenguaje, una herramienta de comunicaci\u00f3n en la que hab\u00eda que distinguir a los geniales imprevisibles (poetas) y a los constructores armados del juego (prosistas). As\u00ed que quer\u00eda el f\u00fatbol como un lenguaje secreto. En el barro de los descampados y en los estadios llenos de obreros observaba que la \u00fanica liturgia que a\u00fan un\u00eda a los italianos. Dec\u00eda que cada gol era un poema, una irrupci\u00f3n de belleza popular en medio del aburrimiento moderno. El f\u00fatbol no era evasi\u00f3n como para tantos, sino un acto de inteligencia colectiva: una coreograf\u00eda donde el pueblo, sin saberlo, escrib\u00eda su propia \u00e9pica. Entre el rito y la gram\u00e1tica, Pasolini encontr\u00f3 en el juego la \u00faltima forma inocente de comunidad, la poes\u00eda del cuerpo antes de la televisi\u00f3n. <\/p>\n<p class=\"\">Una frase deslumbrante que releer: \u201cMe he quedado en el idealismo del instituto, cuando jugar con el bal\u00f3n era la cosa m\u00e1s bella del mundo\u201d. Y un libro que recomendar: <a href=\"https:\/\/elpais.com\/deportes\/2022-05-30\/el-futbol-de-pasolini.html\" target=\"_self\" rel=\"nofollow noopener\" title=\"https:\/\/elpais.com\/deportes\/2022-05-30\/el-futbol-de-pasolini.html\">El f\u00fatbol seg\u00fan Pasolini, de Valerio Curcio (traducci\u00f3n de Ernesto C. Gardiner y pr\u00f3logo de Toni Padilla, editorial Altamarea).<\/a><\/p>\n","protected":false},"excerpt":{"rendered":"Oriana Fallaci convers\u00f3 con Pier Paolo Pasolini para L\u2019Europeo en 1966, Un marxista en Nueva York. Pasolini le&hellip;\n","protected":false},"author":2,"featured_media":215782,"comment_status":"","ping_status":"","sticky":false,"template":"","format":"standard","meta":{"footnotes":""},"categories":[91],"tags":[177,209,168,146,147,25,24,282,628,25697,23],"class_list":{"0":"post-215781","1":"post","2":"type-post","3":"status-publish","4":"format-standard","5":"has-post-thumbnail","7":"category-entretenimiento","8":"tag-cine","9":"tag-cultura","10":"tag-deportes","11":"tag-entertainment","12":"tag-entretenimiento","13":"tag-es","14":"tag-espana","15":"tag-futbol","16":"tag-italia","17":"tag-pier-paolo-pasolini","18":"tag-spain"},"share_on_mastodon":{"url":"https:\/\/pubeurope.com\/@es\/115484456805494761","error":""},"_links":{"self":[{"href":"https:\/\/www.europesays.com\/es\/wp-json\/wp\/v2\/posts\/215781","targetHints":{"allow":["GET"]}}],"collection":[{"href":"https:\/\/www.europesays.com\/es\/wp-json\/wp\/v2\/posts"}],"about":[{"href":"https:\/\/www.europesays.com\/es\/wp-json\/wp\/v2\/types\/post"}],"author":[{"embeddable":true,"href":"https:\/\/www.europesays.com\/es\/wp-json\/wp\/v2\/users\/2"}],"replies":[{"embeddable":true,"href":"https:\/\/www.europesays.com\/es\/wp-json\/wp\/v2\/comments?post=215781"}],"version-history":[{"count":0,"href":"https:\/\/www.europesays.com\/es\/wp-json\/wp\/v2\/posts\/215781\/revisions"}],"wp:featuredmedia":[{"embeddable":true,"href":"https:\/\/www.europesays.com\/es\/wp-json\/wp\/v2\/media\/215782"}],"wp:attachment":[{"href":"https:\/\/www.europesays.com\/es\/wp-json\/wp\/v2\/media?parent=215781"}],"wp:term":[{"taxonomy":"category","embeddable":true,"href":"https:\/\/www.europesays.com\/es\/wp-json\/wp\/v2\/categories?post=215781"},{"taxonomy":"post_tag","embeddable":true,"href":"https:\/\/www.europesays.com\/es\/wp-json\/wp\/v2\/tags?post=215781"}],"curies":[{"name":"wp","href":"https:\/\/api.w.org\/{rel}","templated":true}]}}