{"id":215789,"date":"2025-11-03T06:58:10","date_gmt":"2025-11-03T06:58:10","guid":{"rendered":"https:\/\/www.europesays.com\/es\/215789\/"},"modified":"2025-11-03T06:58:10","modified_gmt":"2025-11-03T06:58:10","slug":"carlos-mazon-y-su-posible-dimision-en-directo","status":"publish","type":"post","link":"https:\/\/www.europesays.com\/es\/215789\/","title":{"rendered":"Carlos Maz\u00f3n y su posible dimisi\u00f3n, en DIRECTO"},"content":{"rendered":"<p class=\"ft-text\">Maribel Vilaplana, la periodista que comi\u00f3 con el president de la Generalitat, Carlos Maz\u00f3n, el 29 de octubre de 2024, el d\u00eda de las inundaciones que causaron 229 muertos, declara hoy como testigo ante la jueza que instruye la causa penal por la gesti\u00f3n de la dana. Vilaplana, quien est\u00e1 citada a las 9.30 horas en los juzgados de Catarroja, puede \u00abofrecer detalles o matices que pudieran resultar de inter\u00e9s para la investigaci\u00f3n\u00bb y concretamente sobre \u00abel proceso seguido la tarde del 29 de octubre en la toma de decisiones, el cual es objeto de la investigaci\u00f3n penal en curso\u00bb. As\u00ed lo dictamin\u00f3 la Secci\u00f3n Segunda de la Audiencia de Valencia, que orden\u00f3 a la jueza instructora tomar declaraci\u00f3n como testigo a esta periodista, que estuvo con el president de la Generalitat hasta, al menos, las 18.45 horas de ese 29 de octubre.<\/p>\n","protected":false},"excerpt":{"rendered":"Maribel Vilaplana, la periodista que comi\u00f3 con el president de la Generalitat, Carlos Maz\u00f3n, el 29 de octubre&hellip;\n","protected":false},"author":2,"featured_media":215790,"comment_status":"","ping_status":"","sticky":false,"template":"","format":"standard","meta":{"footnotes":""},"categories":[8],"tags":[17,18,415,57961,57962,11723,2125,25,24,13,14,11,315,19,20,1439,9,10,15,16,23,12,1529,21,22],"class_list":{"0":"post-215789","1":"post","2":"type-post","3":"status-publish","4":"format-standard","5":"has-post-thumbnail","7":"category-espana","8":"tag-breaking-news","9":"tag-breakingnews","10":"tag-carlos","11":"tag-comparencencia","12":"tag-declaracion-maribel-vilaplana","13":"tag-dimision","14":"tag-directo","15":"tag-es","16":"tag-espana","17":"tag-featured-news","18":"tag-featurednews","19":"tag-headlines","20":"tag-hoy","21":"tag-latest-news","22":"tag-latestnews","23":"tag-mazon","24":"tag-news","25":"tag-noticias","26":"tag-noticias-destacadas","27":"tag-noticiasdestacadas","28":"tag-spain","29":"tag-titulares","30":"tag-ultima-hora","31":"tag-ultimas-noticias","32":"tag-ultimasnoticias"},"share_on_mastodon":{"url":"https:\/\/pubeurope.com\/@es\/115484472387968975","error":""},"_links":{"self":[{"href":"https:\/\/www.europesays.com\/es\/wp-json\/wp\/v2\/posts\/215789","targetHints":{"allow":["GET"]}}],"collection":[{"href":"https:\/\/www.europesays.com\/es\/wp-json\/wp\/v2\/posts"}],"about":[{"href":"https:\/\/www.europesays.com\/es\/wp-json\/wp\/v2\/types\/post"}],"author":[{"embeddable":true,"href":"https:\/\/www.europesays.com\/es\/wp-json\/wp\/v2\/users\/2"}],"replies":[{"embeddable":true,"href":"https:\/\/www.europesays.com\/es\/wp-json\/wp\/v2\/comments?post=215789"}],"version-history":[{"count":0,"href":"https:\/\/www.europesays.com\/es\/wp-json\/wp\/v2\/posts\/215789\/revisions"}],"wp:featuredmedia":[{"embeddable":true,"href":"https:\/\/www.europesays.com\/es\/wp-json\/wp\/v2\/media\/215790"}],"wp:attachment":[{"href":"https:\/\/www.europesays.com\/es\/wp-json\/wp\/v2\/media?parent=215789"}],"wp:term":[{"taxonomy":"category","embeddable":true,"href":"https:\/\/www.europesays.com\/es\/wp-json\/wp\/v2\/categories?post=215789"},{"taxonomy":"post_tag","embeddable":true,"href":"https:\/\/www.europesays.com\/es\/wp-json\/wp\/v2\/tags?post=215789"}],"curies":[{"name":"wp","href":"https:\/\/api.w.org\/{rel}","templated":true}]}}