{"id":215793,"date":"2025-11-03T07:04:09","date_gmt":"2025-11-03T07:04:09","guid":{"rendered":"https:\/\/www.europesays.com\/es\/215793\/"},"modified":"2025-11-03T07:04:09","modified_gmt":"2025-11-03T07:04:09","slug":"carlos-alcaraz-pierde-el-numero-uno-las-cuentas-del-murciano-para-recuperarlo-ya-en-turin","status":"publish","type":"post","link":"https:\/\/www.europesays.com\/es\/215793\/","title":{"rendered":"Carlos Alcaraz pierde el n\u00famero uno: las cuentas del murciano para recuperarlo ya en Tur\u00edn"},"content":{"rendered":"<p><a class=\"v-mdl-ath__fig-a\" href=\"https:\/\/www.laverdad.es\/autor\/fernando-perals-3252.html\" title=\"Fernando Perals\" rel=\"nofollow noopener\" target=\"_blank\"><br \/>\n<img decoding=\"async\" class=\"v-mdl-ath__img\" src=\"https:\/\/www.europesays.com\/es\/wp-content\/uploads\/2025\/11\/autor-3252-foto-3.jpeg\" alt=\"Fernando Perals\"\/><br \/>\n<\/a><\/p>\n<p class=\"v-mdl-ath__p v-mdl-ath__p--6\">\nDomingo, 2 de noviembre 2025, 19:40<\/p>\n<p>| Actualizado 19:52h.<\/p>\n<p class=\"v-p\"><a href=\"https:\/\/www.laverdad.es\/carlos-alcaraz\/\" title=\"www.laverdad.es\" data-voc-vtm-id=\"in-text-traffic\" data-mrf-link=\"www.laverdad.es\" rel=\"nofollow noopener\" target=\"_blank\">Carlos Alcaraz<\/a> ya no es el n\u00famero uno del mundo. Pero solo por unos d\u00edas. El tenista murciano ha amanecido hoy sin la corona que consigui\u00f3 recuperar tras la <a href=\"https:\/\/www.laverdad.es\/carlos-alcaraz\/directo-carlos-alcaraz-jannik-sinner-final-open-20250907200131-di.html#vtm_modulosEngag=mod-rel:carlos-alcaraz:noticia:1:cmp:2-not\" title=\"www.laverdad.es\" data-voc-vtm-id=\"in-text-traffic\" data-mrf-link=\"www.laverdad.es\" rel=\"nofollow noopener\" target=\"_blank\">victoria en el US Open<\/a> del pasado mes de septiembre ante Jannik Sinner. Y el culpable es el mismo de siempre, el jugador italiano. El tenista de San C\u00e1ndido venci\u00f3 este domingo a <a href=\"https:\/\/www.laverdad.es\/deportes\/tenis\/sinner-arrebata-numerouno-alcaraz-20251102172138-ntrc.html\" title=\"www.laverdad.es\" data-voc-vtm-id=\"in-text-traffic\" data-mrf-link=\"www.laverdad.es\" rel=\"nofollow noopener\" target=\"_blank\">F\u00e9lix Auger-Aliassime<\/a> en dos sets (6-4 y 7-6) para meterse en el bolsillo el Masters 1000 de Par\u00eds y, con \u00e9l, asaltar el trono del tenis mundial.<\/p>\n<p class=\"v-p\">El perro y el gato. Hoy pata ti, ma\u00f1ana para m\u00ed. As\u00ed ha sido, est\u00e1 siendo y parece que va a ser la pelea por el n\u00famero uno del ranking ATP entre Carlitos y Sinner. Y es que si este 3 de noviembre es el transalpino el que aparece en lo alto de la tabla, cuando arranque el \u00faltimo gran torneo de la temporada, las ATP Finals de Tur\u00edn, ser\u00e1 el de El Palmar el que vuelva a figurar como el mejor jugador del deporte de la raqueta.<\/p>\n<p class=\"v-p\">A partir de que arranque la Copa de Maestros, llegar\u00e1 la hora de sacar la calculadora. Pero, sobre todo, de dejarse el resto en la pista para terminar el 2025 como el n\u00famero uno del mundo. Las cuentas est\u00e1n claras: Carlos Alcaraz terminar\u00e1 el a\u00f1o en la cima del tenis mundial si gana los tres partidos de la fase de grupos de las ATP Finals. Tambi\u00e9n lo ser\u00e1 si logra dos triunfos en la primera fase y vence en la semifinal en la ciudad italiana de Tur\u00edn. Pero, hay una tercera opci\u00f3n que le vale al murciano para depender de s\u00ed mismo: superar un partido de la fase de grupos y plantarse en la final del torneo. Todo ello le bastar\u00eda al de El Palmar en caso de que Sinner se proclame campe\u00f3n en las Finales, que arrancan el domingo, con cinco triunfos.<\/p>\n<p class=\"v-p\">En caso de que el italiano venca en Tur\u00edn pero coseche una derrota en grupos, al palmare\u00f1o solo le har\u00eda falta ganar dos partidos en la primera fase. Y si el de San C\u00e1ndido se lleva el torneo pero lo haga con dos encuentros perdidos, Carlitos se asegurar\u00eda el n\u00famero uno con solo vencer un duelo de la competici\u00f3n. En cualquiera de los escenarios en los que Jannik Sinner no gane el torneo en Tur\u00edn, Alcaraz ya no soltar\u00eda el n\u00famero uno y sellar\u00eda un 2025 para el recuerdo.<\/p>\n<p>El \u00faltimo empuj\u00f3n<\/p>\n<p class=\"v-p\">As\u00ed las cosas, el trono que le pertenece al mejor jugado del mundo se pone en juego en la \u00faltima gran cita del a\u00f1o. El italiano aterrizar\u00e1 en la ciudad italiana tras brillar en la capital francesa: campe\u00f3n sin ceder un solo set en todo el torneo. Carlitos volver\u00e1 a escena en Tur\u00edn tras caer a las primeras de cambio por sorpresa en Par\u00eds ante Cameron Norrie y tras varios d\u00edas de descanso y entrenamientos en su tierra.<\/p>\n<p class=\"v-p\">Al pupilo de Juan Carlos Ferrero le toca dar ahora el \u00faltimo empuj\u00f3n a un a\u00f1o fabuloso. Si el de El Palmar compite como tiene acostumbrado al mundo del tenis, es cuesti\u00f3n de tiempo que confirme su reinado hasta, como m\u00ednimo, 2026.Alcaraz lo tiene en su mano. Y en su raqueta. Es hora de volver a sacarla a pasear. <\/p>\n<p>Reporta un error<\/p>\n","protected":false},"excerpt":{"rendered":"Domingo, 2 de noviembre 2025, 19:40 | Actualizado 19:52h. Carlos Alcaraz ya no es el n\u00famero uno del&hellip;\n","protected":false},"author":2,"featured_media":215794,"comment_status":"","ping_status":"","sticky":false,"template":"","format":"standard","meta":{"footnotes":""},"categories":[274],"tags":[4736,415,10305,168,25,24,9226,5533,3457,20579,23,167,327,326,4786],"class_list":{"0":"post-215793","1":"post","2":"type-post","3":"status-publish","4":"format-standard","5":"has-post-thumbnail","7":"category-tenis","8":"tag-alcaraz","9":"tag-carlos","10":"tag-cuentas","11":"tag-deportes","12":"tag-es","13":"tag-espana","14":"tag-murciano","15":"tag-numero","16":"tag-pierde","17":"tag-recuperarlo","18":"tag-spain","19":"tag-sports","20":"tag-tenis","21":"tag-tennis","22":"tag-turin"},"share_on_mastodon":{"url":"https:\/\/pubeurope.com\/@es\/115484496266951452","error":""},"_links":{"self":[{"href":"https:\/\/www.europesays.com\/es\/wp-json\/wp\/v2\/posts\/215793","targetHints":{"allow":["GET"]}}],"collection":[{"href":"https:\/\/www.europesays.com\/es\/wp-json\/wp\/v2\/posts"}],"about":[{"href":"https:\/\/www.europesays.com\/es\/wp-json\/wp\/v2\/types\/post"}],"author":[{"embeddable":true,"href":"https:\/\/www.europesays.com\/es\/wp-json\/wp\/v2\/users\/2"}],"replies":[{"embeddable":true,"href":"https:\/\/www.europesays.com\/es\/wp-json\/wp\/v2\/comments?post=215793"}],"version-history":[{"count":0,"href":"https:\/\/www.europesays.com\/es\/wp-json\/wp\/v2\/posts\/215793\/revisions"}],"wp:featuredmedia":[{"embeddable":true,"href":"https:\/\/www.europesays.com\/es\/wp-json\/wp\/v2\/media\/215794"}],"wp:attachment":[{"href":"https:\/\/www.europesays.com\/es\/wp-json\/wp\/v2\/media?parent=215793"}],"wp:term":[{"taxonomy":"category","embeddable":true,"href":"https:\/\/www.europesays.com\/es\/wp-json\/wp\/v2\/categories?post=215793"},{"taxonomy":"post_tag","embeddable":true,"href":"https:\/\/www.europesays.com\/es\/wp-json\/wp\/v2\/tags?post=215793"}],"curies":[{"name":"wp","href":"https:\/\/api.w.org\/{rel}","templated":true}]}}