{"id":215795,"date":"2025-11-03T07:05:08","date_gmt":"2025-11-03T07:05:08","guid":{"rendered":"https:\/\/www.europesays.com\/es\/215795\/"},"modified":"2025-11-03T07:05:08","modified_gmt":"2025-11-03T07:05:08","slug":"o-ciclismo-e-un-dos-deportes-mais-sacrificados-se-queres-competir","status":"publish","type":"post","link":"https:\/\/www.europesays.com\/es\/215795\/","title":{"rendered":"\u00abO ciclismo \u00e9 un dos deportes m\u00e1is sacrificados se queres competir\u00bb"},"content":{"rendered":"<p>\t\t\t\t\t\tAtletas del Atl\u00e1ntico | Hasta los quince a\u00f1os no conect\u00f3 con los pedales y lleva desde el 2010 de mandataria\u00a0del Club Ciclista Carballo<br \/>\n\t\t\t\t\t\t<strong>03 nov 2025<\/strong> . Actualizado a las 05:00 h.\t\t\t\t\t\t<\/p>\n<p class=\"txt first-paragraph\">&#13;<br \/>\n    \t A la Vanessa Loureiro Bello (Carballo, 1980) adolescente habr\u00eda sido muy dif\u00edcil convencerla de que en el futuro ser\u00eda presidenta del Club Ciclista Carballo durante quince a\u00f1os. \u00abO meu \u00e9 un caso moi raro porque&#13;\n\t<\/p>\n<p>&#13;<br \/>\n\t\t\t\t\tContenido exclusivo para suscriptores&#13;\n\t\t\t\t<\/p>\n<p>\t\t\t\t\tContin\u00faa leyendo con un 75% dto.<\/p>\n<p>\t\t\t\t\t\tSuscripci\u00f3n WEB<br \/>\n\t\t\t\t\t\t\t\t\t\t\t\t2\u20ac\/mes<br \/>\n\t\t\t\t\t\tdurante 12 meses\t\t\t\t\t\t<\/p>\n<p>\t\t\t\t\t\t<a href=\"https:\/\/elquiosco.lavozdegalicia.es\/suscripciones\/19-45-suscripcion-webapp.html?dllvdg=0003_202511C3C8993&amp;urlData=https:\/\/www.lavozdegalicia.es\/noticia\/carballo\/2025\/11\/03\/vanessa-loureiro-span-langgl-ciclismo-e-dos-deportes-mais-sacrificados-queres-competirspan\/0003_202511C3C8993.htm\" class=\"btn-brand btn sz-t-s no-brd t-sserif pd-h-2 btnAddToCart\" data-analytics-event=\"addToCart\" data-product-name=\"Suscripci\u00f3n WEB+APP\" data-product-price=\"2.00 \" data-product-coupon=\"2025_NOVIEMBRE_2E12M_WEB_MES\" data-product-periodicity=\"Mensual\" rel=\"nofollow noopener\" target=\"_blank\">Suscr\u00edbete <\/a>\t\t\t\t\t\t<\/p>\n<p>\t\t\t\t\t&#13;<br \/>\n\t\t\t\t\t\u00bfYa eres suscriptor? <a href=\"https:\/\/miperfil.lavozdegalicia.es\/login.jsp?url=https:\/\/www.lavozdegalicia.es\/noticia\/carballo\/2025\/11\/03\/vanessa-loureiro-span-langgl-ciclismo-e-dos-deportes-mais-sacrificados-queres-competirspan\/0003_202511C3C8993.htm\" class=\"c-white\" rel=\"nofollow noopener\" target=\"_blank\">Inicia sesi\u00f3n<\/a>&#13;<\/p>\n","protected":false},"excerpt":{"rendered":"Atletas del Atl\u00e1ntico | Hasta los quince a\u00f1os no conect\u00f3 con los pedales y lleva desde el 2010&hellip;\n","protected":false},"author":2,"featured_media":215796,"comment_status":"","ping_status":"","sticky":false,"template":"","format":"standard","meta":{"footnotes":""},"categories":[273],"tags":[13105,313,31814,312,168,25,24,23,167,5535],"class_list":{"0":"post-215795","1":"post","2":"type-post","3":"status-publish","4":"format-standard","5":"has-post-thumbnail","7":"category-ciclismo","8":"tag-carballo-municipio","9":"tag-ciclismo","10":"tag-costa-da-morte","11":"tag-cycling","12":"tag-deportes","13":"tag-es","14":"tag-espana","15":"tag-spain","16":"tag-sports","17":"tag-transporte"},"share_on_mastodon":{"url":"https:\/\/pubeurope.com\/@es\/115484499879251028","error":""},"_links":{"self":[{"href":"https:\/\/www.europesays.com\/es\/wp-json\/wp\/v2\/posts\/215795","targetHints":{"allow":["GET"]}}],"collection":[{"href":"https:\/\/www.europesays.com\/es\/wp-json\/wp\/v2\/posts"}],"about":[{"href":"https:\/\/www.europesays.com\/es\/wp-json\/wp\/v2\/types\/post"}],"author":[{"embeddable":true,"href":"https:\/\/www.europesays.com\/es\/wp-json\/wp\/v2\/users\/2"}],"replies":[{"embeddable":true,"href":"https:\/\/www.europesays.com\/es\/wp-json\/wp\/v2\/comments?post=215795"}],"version-history":[{"count":0,"href":"https:\/\/www.europesays.com\/es\/wp-json\/wp\/v2\/posts\/215795\/revisions"}],"wp:featuredmedia":[{"embeddable":true,"href":"https:\/\/www.europesays.com\/es\/wp-json\/wp\/v2\/media\/215796"}],"wp:attachment":[{"href":"https:\/\/www.europesays.com\/es\/wp-json\/wp\/v2\/media?parent=215795"}],"wp:term":[{"taxonomy":"category","embeddable":true,"href":"https:\/\/www.europesays.com\/es\/wp-json\/wp\/v2\/categories?post=215795"},{"taxonomy":"post_tag","embeddable":true,"href":"https:\/\/www.europesays.com\/es\/wp-json\/wp\/v2\/tags?post=215795"}],"curies":[{"name":"wp","href":"https:\/\/api.w.org\/{rel}","templated":true}]}}