{"id":215807,"date":"2025-11-03T07:13:10","date_gmt":"2025-11-03T07:13:10","guid":{"rendered":"https:\/\/www.europesays.com\/es\/215807\/"},"modified":"2025-11-03T07:13:10","modified_gmt":"2025-11-03T07:13:10","slug":"musica-cornellana-juaco-vil-el-rock-como-valvula-de-escape-desde-cornellana","status":"publish","type":"post","link":"https:\/\/www.europesays.com\/es\/215807\/","title":{"rendered":"M\u00daSICA CORNELLANA | Juaco Vil: el rock como v\u00e1lvula de escape desde Cornellana"},"content":{"rendered":"<p class=\"ft-text\">Juaco Vil no vive de la m\u00fasica, pero su vida late al ritmo de ella. <strong>Tiene 41 a\u00f1os, es de Cedemonio (Salas) y reside en Cornellana<\/strong>. Trabaja de repartidor, un oficio que tiene poco que ver con su verdadera vocaci\u00f3n, esa que lleva cuerdas, distorsi\u00f3n y una voz \u00absincera\u00bb que no edulcora lo que piensa. \u00abEmpec\u00e9 tarde, con 19 a\u00f1os. Fue por necesidad, como una <strong>v\u00e1lvula de escape<\/strong>\u00ab, recuerda sin dar m\u00e1s pistas <strong>ni buscar \u00abun lado po\u00e9tico o dram\u00e1tico: pas\u00f3\u00bb<\/strong>. Ahora, tras varias etapas, bandas y silencios, lanza su segundo disco en solitario con un t\u00edtulo tan sugerente como provocador<strong>: \u00abPol\u00e9mico manual de aterrizaje\u00bb. Antes de que acabe este a\u00f1o, ser\u00e1 una realidad. <\/strong><\/p>\n<p class=\"ft-text\">Sus inicios fueron con amigos, como casi todas las cosas buenas. La primera banda se llam\u00f3<strong> \u00abUl\u00e1n Bator\u00bb\u00a0<\/strong>\u2014s\u00ed, como la capital de Mongolia\u2014, un grupo de rock con letras en castellano que public\u00f3 un \u00fanico disco entre 2003 y 2005: <strong>\u00abPrimer asalto\u00bb<\/strong>. \u00abLo dejamos por diferencias musicales. No hubo malos rollos ni enfados\u00bb, aclara Juaco, que intent\u00f3 despu\u00e9s montar nuevos proyectos con m\u00fasicos de la zona. No hubo suerte.<\/p>\n<p class=\"ft-text\"><strong>\u00abEntre 2007 y 2012 par\u00e9. Dej\u00e9 bastante de lado la guitarra, las canciones\u2026 todo\u00bb<\/strong>, reconoce. Pero el rock, cuando es de verdad, siempre vuelve.<\/p>\n<p>Ciudadano Vil, la banda de amigos<\/p>\n<p class=\"ft-text\">En 2014 nace \u00abCiudadano Vil\u00bb, su banda actual. Ensayos, nuevas canciones, y una formaci\u00f3n que, m\u00e1s que un grupo, es un buen grupo de amigos. \u00abSiempre he hecho m\u00fasica con amigos. <strong>No somos m\u00fasicos profesionales que se juntan para tocar; salimos a pasarlo bien<\/strong>. Esa es la clave\u00bb, explica. El primer concierto lleg\u00f3 en 2016.<\/p>\n<p><img decoding=\"async\" src=\"https:\/\/www.europesays.com\/es\/wp-content\/uploads\/2025\/11\/c5481a62-ccac-4ef4-87a9-f29451f96626_alta-libre-aspect-ratio_default_0.jpg\" width=\"1200\" height=\"1800\" alt=\"Foto promocional de su carrera.\" class=\"ft-helper-img-rd\" loading=\"lazy\" hasdataaida=\"true\"\/><\/p>\n<p class=\"ft-helper-fontColor-quaternary ft-helper-fontSize-body-S ft-helper-spacer-t-xxs\">Foto promocional de su carrera.  \/ J. V.<\/p>\n<p class=\"ft-text\">Desde entonces, han tocado en distintos puntos de Asturias. \u00abEstamos en el mejor momento del grupo\u00bb, opina, aunque reconoce que \u00e9l sigue con su apuesta musical en solitario. Todo lo que hace est\u00e1 autoproducido, sin sello ni discogr\u00e1fica, y eso le permite mantener la libertad total. <strong>\u201cNo tengo ninguna expectativa comercial. Me lo pago yo, lo organizo yo. Hago lo que quiero, sin presiones. Tardo m\u00e1s, s\u00ed, pero compensa\u201d, admite.<\/strong><\/p>\n<p>Un disco propio, un camino independiente<\/p>\n<p class=\"ft-text\">En 2022 se anim\u00f3 con su primer disco en solitario. Se titul\u00f3 <strong>\u00abAsiento y ventanilla\u00bb<\/strong>. \u00bfC\u00f3mo lo define? un trabajo con aroma a rock cl\u00e1sico y toques country porque sus influencias e inspiraciones son claras y no las esconde: <strong>Jos\u00e9 Ignacio Lapido, Los DelTonos, y algo del esp\u00edritu de Creedence Clearwater Revival<\/strong>. Letra y m\u00fasica son suyas. El nuevo \u00e1lbum, <strong>\u00abPol\u00e9mico manual de aterrizaje\u00bb <\/strong>sigue esa l\u00ednea, aunque con una producci\u00f3n m\u00e1s cuidada.<\/p>\n<p class=\"ft-text\"><strong>\u00abToco la guitarra y canto. Tambi\u00e9n me encargo de buscar estudio, m\u00fasicos, grabar, hacer los videoclips, dise\u00f1ar la portada\u2026 Todo\u00bb, <\/strong>cuenta. En este segundo disco ha contado con sus colaboradores habituales: Daniel Barrero (bater\u00eda, de Belmonte), Javier Colero\u00a0(Avil\u00e9s), Guillermo Quiroga\u00a0(Salas), Ram\u00f3n Rodr\u00edguez\u00a0(Salas), Ver\u00f3nica Rodr\u00edguez\u00a0y \u00c1lvaro B\u00e1rcena. Con Ciudadano Vil se suman otras nombres: \u00d3scar L\u00f3pez\u00a0(Grado) y Alberto Collar\u00a0(Cangas del Narcea).<\/p>\n<p><img decoding=\"async\" src=\"https:\/\/www.europesays.com\/es\/wp-content\/uploads\/2025\/11\/25b4bdab-1c92-43a1-8b8e-24ec72bb11a6_alta-libre-aspect-ratio_default_0.jpg\" width=\"1200\" height=\"800\" alt=\"Juaco Vil\" class=\"ft-helper-img-rd\" loading=\"lazy\" hasdataaida=\"true\"\/><\/p>\n<p class=\"ft-helper-fontColor-quaternary ft-helper-fontSize-body-S ft-helper-spacer-t-xxs\">Juaco Vil  \/ J. V.<\/p>\n<p class=\"ft-text\">El disco estar\u00e1 disponible antes de que acabe el a\u00f1o, tanto en formato f\u00edsico \u2014\u00bbsupongo que en tiendas como \u00abLa Bomba\u00bb o \u00abLibrer\u00eda Para\u00edso\u00bb\u2014 como en plataformas como YouTube\u00a0y Spotify. <strong>Tambi\u00e9n prepara videoclips para acompa\u00f1ar la presentaci\u00f3n.<\/strong><\/p>\n<p>Sin ataduras y sin autocensura<\/p>\n<p class=\"ft-text\">Juaco es claro al hablar del panorama actual: <strong>\u00abVeo mucha autocensura en la m\u00fasica de ahora, y eso me parece un retroceso. Intento no hacerlo. A ver, nadie est\u00e1 libre de autocensurarse, pero ofender es parte del arte desde que el arte existe. No es nada nuevo\u201d.<\/strong><\/p>\n<p class=\"ft-text\">Aunque no le da para vivir, reconoce que la m\u00fasica ocupa una gran parte de su vida. \u00abMuchos fines de semana del a\u00f1o est\u00e1s en la carretera, de concierto en concierto. Pero si pudiera no trabajar, el resultado ser\u00eda m\u00e1s profesional\u2026 Aun as\u00ed, no lo uso como excusa\u00bb, aclara.<\/p>\n<p class=\"ft-text\">Y lanza una reflexi\u00f3n que podr\u00eda ser un estribillo pegadizo: <strong>\u00abLa gente se queja de que no tiene tiempo, pero el tiempo es una excusa. Si quieres, lo encuentras. Otra cosa es implicarse\u00bb.<\/strong><\/p>\n<p>El futuro<\/p>\n<p class=\"ft-text\">Sigue componiendo. Sigue ensayando y sigue tocando. Y tiene una cr\u00edtica para el gran p\u00fablico. A su juicio, <strong>\u201chay poco inter\u00e9s por descubrir cosas nuevas. La mayor\u00eda solo quiere o\u00edr las canciones de siempre\u201d<\/strong>.<\/p>\n<p class=\"ft-text\">Aun as\u00ed, no se rinde. Mientras haya ideas que contar y una guitarra a mano, <strong>Juaco Vil seguir\u00e1 firmando canciones sin pedir permiso. Dejando hacer y haciendo con su guitarra, la mejor amiga y quien le acompa\u00f1a desde hace 22 a\u00f1os. <\/strong><\/p>\n","protected":false},"excerpt":{"rendered":"Juaco Vil no vive de la m\u00fasica, pero su vida late al ritmo de ella. Tiene 41 a\u00f1os,&hellip;\n","protected":false},"author":2,"featured_media":215808,"comment_status":"","ping_status":"","sticky":false,"template":"","format":"standard","meta":{"footnotes":""},"categories":[170],"tags":[146,147,25,21832,24,57963,15241,184,185,1273,23,57965,57964],"class_list":{"0":"post-215807","1":"post","2":"type-post","3":"status-publish","4":"format-standard","5":"has-post-thumbnail","7":"category-musica","8":"tag-entertainment","9":"tag-entretenimiento","10":"tag-es","11":"tag-escape","12":"tag-espana","13":"tag-juaco","14":"tag-mongolia","15":"tag-music","16":"tag-musica","17":"tag-rock","18":"tag-spain","19":"tag-valvula","20":"tag-vil"},"share_on_mastodon":{"url":"https:\/\/pubeurope.com\/@es\/115484531376806692","error":""},"_links":{"self":[{"href":"https:\/\/www.europesays.com\/es\/wp-json\/wp\/v2\/posts\/215807","targetHints":{"allow":["GET"]}}],"collection":[{"href":"https:\/\/www.europesays.com\/es\/wp-json\/wp\/v2\/posts"}],"about":[{"href":"https:\/\/www.europesays.com\/es\/wp-json\/wp\/v2\/types\/post"}],"author":[{"embeddable":true,"href":"https:\/\/www.europesays.com\/es\/wp-json\/wp\/v2\/users\/2"}],"replies":[{"embeddable":true,"href":"https:\/\/www.europesays.com\/es\/wp-json\/wp\/v2\/comments?post=215807"}],"version-history":[{"count":0,"href":"https:\/\/www.europesays.com\/es\/wp-json\/wp\/v2\/posts\/215807\/revisions"}],"wp:featuredmedia":[{"embeddable":true,"href":"https:\/\/www.europesays.com\/es\/wp-json\/wp\/v2\/media\/215808"}],"wp:attachment":[{"href":"https:\/\/www.europesays.com\/es\/wp-json\/wp\/v2\/media?parent=215807"}],"wp:term":[{"taxonomy":"category","embeddable":true,"href":"https:\/\/www.europesays.com\/es\/wp-json\/wp\/v2\/categories?post=215807"},{"taxonomy":"post_tag","embeddable":true,"href":"https:\/\/www.europesays.com\/es\/wp-json\/wp\/v2\/tags?post=215807"}],"curies":[{"name":"wp","href":"https:\/\/api.w.org\/{rel}","templated":true}]}}