{"id":215885,"date":"2025-11-03T08:16:13","date_gmt":"2025-11-03T08:16:13","guid":{"rendered":"https:\/\/www.europesays.com\/es\/215885\/"},"modified":"2025-11-03T08:16:13","modified_gmt":"2025-11-03T08:16:13","slug":"el-ex-blaugrana-cory-higgins-encuentra-destino-en-la-nba","status":"publish","type":"post","link":"https:\/\/www.europesays.com\/es\/215885\/","title":{"rendered":"El ex blaugrana Cory Higgins encuentra destino en la NBA"},"content":{"rendered":"<p class=\"ft-text ft-helper-align-justify\"><a class=\"ft-link ft-link--decoration\" href=\"https:\/\/www.sport.es\/es\/noticias\/barca\/baloncesto\/oficial-barca-rescinde-contrato-cory-90549030\" rel=\"nofollow noopener\" target=\"_blank\">Cory Higgins finaliz\u00f3 su etapa como jugador azulgrana en 2023<\/a> <strong>despu\u00e9s de cuatro temporadas en las que gan\u00f3 dos Ligas ACB; dos Copas del Rey y una final de la Euroliga en 2021 <\/strong>en la que no pudo lograr el ansiado t\u00edtulo, al caer ante el Anadolu Efes, y ser uno de los protagonistas en las semifinales ante el Armani Milan para meter al equipo en el que militaba Pau Gasol, a la gran final en el Lancess Arena.<\/p>\n<p class=\"ft-text ft-helper-align-justify\">Aquella final se perdi\u00f3 y Higgins ya no pudo volver a optar por el t\u00edtulo europeo m\u00e1s importante aunque s\u00ed que continu\u00f3 jugando de blaugrana hasta que rescindi\u00f3 contrato con el Bar\u00e7a en 2023. <a class=\"ft-link ft-link--decoration\" href=\"https:\/\/www.sport.es\/es\/noticias\/baloncesto\/euroliga\/cory-higgins-paso-estrella-roja-96827126\" rel=\"nofollow noopener\" target=\"_blank\">Incluso se rumore\u00f3 que iba a dar el salto al Estrella Roja, un fichaje que nunca se materializ\u00f3 aunque estuvo cerca.<\/a><\/p>\n<p class=\"ft-text ft-helper-align-justify\"><strong>Un largo par\u00f3n donde oficialmente el estadounidense nunca anunci\u00f3 su retirada definitiva<\/strong>, y al que se ve\u00eda de manera regular en el Palau, especialmente en su primer a\u00f1o de \u2018retiro\u2019 debido a las lesiones que siempre le acompa\u00f1aron.<\/p>\n<p><img decoding=\"async\" src=\"https:\/\/www.europesays.com\/es\/wp-content\/uploads\/2025\/11\/fef19da5-9da5-4b77-91d8-b6ef93a8fa84_alta-libre-aspect-ratio_default_0.jpg\" width=\"1200\" height=\"789\" alt=\"El estadounidense dej\u00f3 muy buen recuerdo en el Palau por su calidad y aport\u00f3 experiencia al Bar\u00e7a\" class=\"ft-helper-img-rd\" loading=\"lazy\" hasdataaida=\"true\"\/><\/p>\n<p class=\"ft-helper-fontColor-quaternary ft-helper-fontSize-body-S ft-helper-spacer-t-xxs\">El estadounidense dej\u00f3 muy buen recuerdo en el Palau por su calidad y aport\u00f3 experiencia al Bar\u00e7a  \/ VALENTI ENRICH \/ SPO<\/p>\n<p>&#8216;Desaparecido&#8217; y camino de la NBA<\/p>\n<p class=\"ft-text ft-helper-align-justify\">Un Higgins <strong>que andaba \u2018desaparecido\u2019 desde entonces hasta que conocimos a trav\u00e9s de una informaci\u00f3n en el portal Hoopshype<\/strong>, que el jugador ha aceptado una oferta para realizar tareas de \u2018scouting\u2019 de los Brooklyn Nets, entrenados por Jordi Fernandez. Una oportunidad pa<strong>ra seguir ligado al baloncesto NBA del que dej\u00f3 hace 13 a\u00f1os con destino a Europa<\/strong> y donde se forj\u00f3 una exitosa carrera que concluy\u00f3 vestido de blaugrana.<\/p>\n<p class=\"ft-text ft-helper-align-justify\">Y es que Higgins, <strong>que no lograba ser drafteado en la Liga estadounidense, acab\u00f3 firmando un contrato con los Charlotte Bobcats, disputando hasta 44 encuentros en la franquicia de Carolina del Norte,<\/strong> aunque su etapa estadounidense lleg\u00f3 a su fin muy pronto.<\/p>\n<p><img decoding=\"async\" src=\"https:\/\/www.europesays.com\/es\/wp-content\/uploads\/2025\/11\/f647e680-78ad-43c4-9121-8f2ee2599615_alta-libre-aspect-ratio_default_0.jpg\" width=\"1200\" height=\"1095\" alt=\"Con Jasikevicius tuvo una buena relaci\u00f3n aunque fue el t\u00e9cnico lituano el que decidi\u00f3 rescindirle el contrato\" class=\"ft-helper-img-rd\" loading=\"lazy\" hasdataaida=\"true\"\/><\/p>\n<p class=\"ft-helper-fontColor-quaternary ft-helper-fontSize-body-S ft-helper-spacer-t-xxs\">Con Jasikevicius tuvo una buena relaci\u00f3n aunque fue el t\u00e9cnico lituano el que decidi\u00f3 rescindirle el contrato  \/ Javi Ferrandiz<\/p>\n<p class=\"ft-text ft-helper-align-justify\"><strong>Su \u00e9poca en Europa tuvo su momento m\u00e1s floreciente vistiendo la camiseta del CSKA de Mosc\u00fa,<\/strong> en el que jug\u00f3 cuatro temporadas (2015 a 2019), logrando la liga rusa, y especialmente las dos euroligas conseguidas en 2016 y 2019.<\/p>\n<p>Uno de los &#8216;grandes&#8217; de la Euroliga<\/p>\n<p class=\"ft-text ft-helper-align-justify\"><strong>Sus n\u00fameros en la Euroliga le convierten en uno de los \u2018grandes\u2019 de la historia<\/strong>. Ocupa el puesto 25 de m\u00e1ximo anotador, con una media de 11,6 puntos, 2,2 rebotes y 1,9 asistencias y especialmente acertado en las finales de Euroliga donde sub\u00eda sus prestaciones a una media de 18,3 puntos y 20 de valoraci\u00f3n.<\/p>\n<p><img decoding=\"async\" src=\"https:\/\/www.europesays.com\/es\/wp-content\/uploads\/2025\/11\/9afd6be9-b174-4a93-9c34-37cfcbdbab21_alta-libre-aspect-ratio_default_0.jpg\" width=\"1200\" height=\"770\" alt=\"El estadounidense dio un buen rendimento como blaugrana aunque las lesiones acabaron condicionando su estado fisico\" class=\"ft-helper-img-rd\" loading=\"lazy\" hasdataaida=\"true\"\/><\/p>\n<p class=\"ft-helper-fontColor-quaternary ft-helper-fontSize-body-S ft-helper-spacer-t-xxs\">El estadounidense dio un buen rendimento como blaugrana aunque las lesiones acabaron condicionando su estado fisico  \/ VALENTI ENRICH \/ SPO<\/p>\n<p class=\"ft-text ft-helper-align-justify\"><strong>Tras dejar el Bar\u00e7a y sin haber anunciado todav\u00eda que su carrera profesional como jugador ha llegado a su fin, considera que la mejor manera de seguir unido al basket<\/strong> es desde la tarea de ojeador, un cargo que ejercer\u00e1 para el equipo estadounidense y quiz\u00e1 seguir\u00e1 cerca de Europa, donde ha desarrollado su carrera profesional.<\/p>\n","protected":false},"excerpt":{"rendered":"Cory Higgins finaliz\u00f3 su etapa como jugador azulgrana en 2023 despu\u00e9s de cuatro temporadas en las que gan\u00f3&hellip;\n","protected":false},"author":2,"featured_media":215886,"comment_status":"","ping_status":"","sticky":false,"template":"","format":"standard","meta":{"footnotes":""},"categories":[269],"tags":[299,298,57973,168,4578,57972,57974,3569,25,24,23,167],"class_list":{"0":"post-215885","1":"post","2":"type-post","3":"status-publish","4":"format-standard","5":"has-post-thumbnail","7":"category-baloncesto","8":"tag-baloncesto","9":"tag-basketball","10":"tag-cory-higgins","11":"tag-deportes","12":"tag-destino","13":"tag-el-ex-blaugrana","14":"tag-en-la-nba","15":"tag-encuentra","16":"tag-es","17":"tag-espana","18":"tag-spain","19":"tag-sports"},"share_on_mastodon":{"url":"https:\/\/pubeurope.com\/@es\/115484779358066169","error":""},"_links":{"self":[{"href":"https:\/\/www.europesays.com\/es\/wp-json\/wp\/v2\/posts\/215885","targetHints":{"allow":["GET"]}}],"collection":[{"href":"https:\/\/www.europesays.com\/es\/wp-json\/wp\/v2\/posts"}],"about":[{"href":"https:\/\/www.europesays.com\/es\/wp-json\/wp\/v2\/types\/post"}],"author":[{"embeddable":true,"href":"https:\/\/www.europesays.com\/es\/wp-json\/wp\/v2\/users\/2"}],"replies":[{"embeddable":true,"href":"https:\/\/www.europesays.com\/es\/wp-json\/wp\/v2\/comments?post=215885"}],"version-history":[{"count":0,"href":"https:\/\/www.europesays.com\/es\/wp-json\/wp\/v2\/posts\/215885\/revisions"}],"wp:featuredmedia":[{"embeddable":true,"href":"https:\/\/www.europesays.com\/es\/wp-json\/wp\/v2\/media\/215886"}],"wp:attachment":[{"href":"https:\/\/www.europesays.com\/es\/wp-json\/wp\/v2\/media?parent=215885"}],"wp:term":[{"taxonomy":"category","embeddable":true,"href":"https:\/\/www.europesays.com\/es\/wp-json\/wp\/v2\/categories?post=215885"},{"taxonomy":"post_tag","embeddable":true,"href":"https:\/\/www.europesays.com\/es\/wp-json\/wp\/v2\/tags?post=215885"}],"curies":[{"name":"wp","href":"https:\/\/api.w.org\/{rel}","templated":true}]}}