{"id":215888,"date":"2025-11-03T08:18:10","date_gmt":"2025-11-03T08:18:10","guid":{"rendered":"https:\/\/www.europesays.com\/es\/215888\/"},"modified":"2025-11-03T08:18:10","modified_gmt":"2025-11-03T08:18:10","slug":"amber-heard-las-fotos-de-la-vida-en-madrid-de-una-estrella-de-hollywood-convertida-en-madre-de-familia-numerosa","status":"publish","type":"post","link":"https:\/\/www.europesays.com\/es\/215888\/","title":{"rendered":"Amber Heard, las fotos de la vida en Madrid de una estrella de Hollywood convertida en madre de familia numerosa"},"content":{"rendered":"<p class=\"HOLA-TEMAS_5--TEXTO-1er-PARRAFO\" id=\"eBByZhO-3cx\" data-wc=\"62\">Feliz\u00a0y <a class=\"hm-link ho-link\" href=\"https:\/\/www.hola.com\/actualidad\/20250911855298\/amber-heard-vuelve-a-su-vida-en-madrid-como-madre-de-familia-numerosa\/\" data-mrf-recirculation=\"article-body-link\" rel=\"nofollow noopener\" target=\"_blank\">plenamente dedicada a su papel m\u00e1s importante, Amber Heard vive en Madrid el mejor momento de su vida: el de madre de familia numerosa.\u00a0<\/a>A sus <strong>39 a\u00f1os, la estrella estadounidense se muestra radiante junto a sus tres hijos:<\/strong> su hija mayor, Oonagh Paige, de cuatro a\u00f1os, y los reci\u00e9n llegados, Agnes y Ocean, <strong>sus mellizos de apenas unos meses.<\/strong><\/p>\n<p>  <img src=\"https:\/\/www.europesays.com\/es\/wp-content\/uploads\/2025\/11\/72fab2b26e1f-e1b01b15aed0-56cbb4cccd19ed1d3763304b6f05f493studio24328117pb-ypcut.jpg\"   width=\"1080\" height=\"1800\" loading=\"lazy\" decoding=\"async\" alt=\"Amber Heard recorriendo los alrededores de su domicilio junto a sus peque\u00f1os. Con un conjunto deportivo, la actriz empujaba el carrito doble en el que viajaban Agnes y Ocean. A la izquierda, la protagonista de &quot;Aquaman&quot;, que anunci\u00f3 su nacimiento el pasado 11 de mayo, huyendo de la lluvia que comenz\u00f3 a caer durante su paseo\" fetchpriority=\"auto\" class=\"image ho-image\"\/>\u00a9 STUDIO 24Amber Heard recorriendo los alrededores de su domicilio junto a sus peque\u00f1os. Con un conjunto deportivo, la actriz empujaba el carrito doble en el que viajaban Agnes y Ocean<\/p>\n<p class=\"HOLA-TEMAS_5a--TEXTO-NORMAL\" id=\"exxAWLVp8hL\" data-wc=\"89\">Fue el pasado 11 de mayo cuando Amber anunci\u00f3, a trav\u00e9s de sus redes sociales, la<strong>\u00a0feliz noticia de que hab\u00eda sido madre de nuevo<\/strong>: \u00abEste a\u00f1o estoy euf\u00f3rica al <strong>celebrar la finalizaci\u00f3n de la familia, que me he esforzado por construir durante a\u00f1os.<\/strong> Mi hija Agnes y mi hijo, Ocean, me tienen las manos (y el coraz\u00f3n) llenas\u00bb, escrib\u00eda la actriz, que, hace unos d\u00edas, era captada <strong>disfrutando de un paseo matutino por las calles de Madrid<\/strong>, empujando el<strong>\u00a0carrito doble de sus mellizos bajo la lluvia oto\u00f1al.\u00a0<\/strong><\/p>\n<p class=\"HOLA-TEMAS_5a--TEXTO-NORMAL\" id=\"ejTlut9sxM\" data-wc=\"56\">Desde que<a class=\"hm-link ho-link\" href=\"https:\/\/www.hola.com\/actualidad\/20241212735029\/amber-heard-primeras-imagenes-embarazada-madrid\/\" data-mrf-recirculation=\"article-body-link\" rel=\"nofollow noopener\" target=\"_blank\">\u00a0se mud\u00f3 a Madrid, en 2023, tras pasar un a\u00f1o en Mallorca, Heard ha encontrado un entorno ideal para la vida familiar.<\/a> Vive en <strong>uno de los barrios m\u00e1s exclusivos de la capital\u00a0<\/strong>y combina <strong>paseos por los parques, caf\u00e9s tranquilos y la rutina con sus hijos<\/strong> con la discreci\u00f3n que siempre ha buscado.<\/p>\n<p>  <img src=\"https:\/\/www.europesays.com\/es\/wp-content\/uploads\/2025\/11\/5d0872ef714c-35f3d9f072cf-dbe6f8cbc77d52b73ba172cbe9b64d4fstudio24328125pb-yp.jpg\"   width=\"1080\" height=\"1080\" loading=\"lazy\" decoding=\"async\" alt=\"La protagonista de &quot;Aquaman&quot;, que anunci\u00f3 su nacimiento el pasado 11 de mayo, huyendo de la lluvia que comenz\u00f3 a caer durante su paseo\" fetchpriority=\"auto\" class=\"image ho-image\"\/>\u00a9 STUDIO 24La protagonista de \u00abAquaman\u00bb, que anunci\u00f3 su nacimiento el pasado 11 de mayo, huyendo de la lluvia que comenz\u00f3 a caer durante su paseo<\/p>\n<p class=\"HOLA-TEMAS_5a--TEXTO-NORMAL\" id=\"eUMNtP0GRso\" data-wc=\"48\">En lo profesional,<strong>\u00a0la protagonista de Aquaman\u00a0tambi\u00e9n ha retomado proyectos\u00a0<\/strong>y, este verano, ha protagonizado la obra Spirit of the People.<strong>\u00a0\u00abEstoy en mi era teatral\u00bb, declar\u00f3, dejando claro que su vocaci\u00f3n art\u00edstica sigue intacta<\/strong>, aunque ahora combine los ensayos con los biberones y los paseos familiares.<\/p>\n<p class=\"HOLA-TEMAS_5a--TEXTO-NORMAL\" id=\"eu2WcV3CMEC\" data-wc=\"87\"><a class=\"hm-link ho-link\" href=\"https:\/\/www.hola.com\/actualidad\/20241209734722\/johnny-depp-espana-conexiones-sentimentales\/\" data-mrf-recirculation=\"article-body-link\" rel=\"nofollow noopener\" target=\"_blank\">\u00a0Mientras Amber contin\u00faa con su vida en Espa\u00f1a, Johnny Depp, su exmarido, se prepara para dar un paso importante en su carrera.\u00a0<\/a> Seg\u00fan\u00a0The Hollywood Reporter, el actor se encuentra en \u00abnegociaciones finales\u00bb con\u00a0Paramount para protagonizar Ebenezer: A Christmas Carol, una nueva adaptaci\u00f3n del cl\u00e1sico de Charles Dickens en la que interpretar\u00e1 al ic\u00f3nico Scrooge. <a class=\"hm-link ho-link\" href=\"https:\/\/www.hola.com\/actualidad\/20230614233829\/johnny-depp-que-hizo-con-dinero-juicio-pago-amber-heard\/\" data-mrf-recirculation=\"article-body-link\" rel=\"nofollow noopener\" target=\"_blank\">Este proyecto marcar\u00e1 su primer papel protag\u00f3nico en un gran estudio de Hollywood desde su contenciosa batalla legal con Amber Heard, en 2018,<\/a> consolidando su <strong>regreso a la meca del cine.<\/strong><\/p>\n<p class=\"HOLA-TEMAS_5a--TEXTO-NORMAL\" id=\"eotZEOpEPDO\" data-wc=\"75\">Adem\u00e1s, el que fuera Jack Sparrow en la ficci\u00f3n afianza s<strong>u postura en defensa de las injusticias sociales<\/strong> y ahora, al cumplirse un a\u00f1o de la tragedia de la DANA en nuestro pa\u00eds, se ha conocido que <strong>ha donado 65.000 euros a una asociaci\u00f3n musical de Massanassa,\u00a0<\/strong>uno de los pueblos afectados. \u00abSu apoyo llega en un momento muy dif\u00edcil y nos devuelve la esperanza\u00bb, explicaba el presidente de la asociaci\u00f3n, \u00ab<strong>es un ejemplo inspirado<\/strong>r\u00bb.\u00a0<\/p>\n","protected":false},"excerpt":{"rendered":"Feliz\u00a0y plenamente dedicada a su papel m\u00e1s importante, Amber Heard vive en Madrid el mejor momento de su&hellip;\n","protected":false},"author":2,"featured_media":215889,"comment_status":"","ping_status":"","sticky":false,"template":"","format":"standard","meta":{"footnotes":""},"categories":[174],"tags":[3900,517,41150,255,3899,146,147,25,24,256,23],"class_list":{"0":"post-215888","1":"post","2":"type-post","3":"status-publish","4":"format-standard","5":"has-post-thumbnail","7":"category-famosos","8":"tag-hola","9":"tag-actualidad","10":"tag-amber-heard","11":"tag-celebrities","12":"tag-contenido-sensible","13":"tag-entertainment","14":"tag-entretenimiento","15":"tag-es","16":"tag-espana","17":"tag-famosos","18":"tag-spain"},"share_on_mastodon":{"url":"https:\/\/pubeurope.com\/@es\/115484787144904781","error":""},"_links":{"self":[{"href":"https:\/\/www.europesays.com\/es\/wp-json\/wp\/v2\/posts\/215888","targetHints":{"allow":["GET"]}}],"collection":[{"href":"https:\/\/www.europesays.com\/es\/wp-json\/wp\/v2\/posts"}],"about":[{"href":"https:\/\/www.europesays.com\/es\/wp-json\/wp\/v2\/types\/post"}],"author":[{"embeddable":true,"href":"https:\/\/www.europesays.com\/es\/wp-json\/wp\/v2\/users\/2"}],"replies":[{"embeddable":true,"href":"https:\/\/www.europesays.com\/es\/wp-json\/wp\/v2\/comments?post=215888"}],"version-history":[{"count":0,"href":"https:\/\/www.europesays.com\/es\/wp-json\/wp\/v2\/posts\/215888\/revisions"}],"wp:featuredmedia":[{"embeddable":true,"href":"https:\/\/www.europesays.com\/es\/wp-json\/wp\/v2\/media\/215889"}],"wp:attachment":[{"href":"https:\/\/www.europesays.com\/es\/wp-json\/wp\/v2\/media?parent=215888"}],"wp:term":[{"taxonomy":"category","embeddable":true,"href":"https:\/\/www.europesays.com\/es\/wp-json\/wp\/v2\/categories?post=215888"},{"taxonomy":"post_tag","embeddable":true,"href":"https:\/\/www.europesays.com\/es\/wp-json\/wp\/v2\/tags?post=215888"}],"curies":[{"name":"wp","href":"https:\/\/api.w.org\/{rel}","templated":true}]}}