{"id":215953,"date":"2025-11-03T09:07:08","date_gmt":"2025-11-03T09:07:08","guid":{"rendered":"https:\/\/www.europesays.com\/es\/215953\/"},"modified":"2025-11-03T09:07:08","modified_gmt":"2025-11-03T09:07:08","slug":"adara-molinero-alucina-con-sonia-monroy-por-su-nominacion-en-supervivientes-no-la-conocia","status":"publish","type":"post","link":"https:\/\/www.europesays.com\/es\/215953\/","title":{"rendered":"Adara Molinero alucina con Sonia Monroy por su nominaci\u00f3n en &#8216;Supervivientes&#8217;: \u00abNo la conoc\u00eda\u00bb"},"content":{"rendered":"<p class=\"c-paragraph\">Durante el debate final de <b><a href=\"https:\/\/www.20minutos.es\/tags\/temas\/supervivientes.html\" title=\"Supervivientes\" rel=\"nofollow noopener\" target=\"_blank\">Supervivientes All Stars<\/a><\/b>, <b><a href=\"https:\/\/www.20minutos.es\/tags\/personas\/sonia-monroy.html\" title=\"Sonia Monroy\" rel=\"nofollow noopener\" target=\"_blank\">Sonia Monroy<\/a><\/b> puso sobre la mesa lo que <b><a href=\"https:\/\/www.20minutos.es\/tags\/personas\/fani-carbajo.html\" title=\"Fani Carbajo\" rel=\"nofollow noopener\" target=\"_blank\">Fani Carbajo<\/a><\/b> le hab\u00eda contado al inicio del reality. \u00abVivo desde hace 16 a\u00f1os en Estados Unidos y <b>yo no conoc\u00eda a Adara<\/b>. <b>Fani me dijo un mont\u00f3n de cosas feas de Adara<\/b>. Que se llevaba fatal con ella y que la gente la odiaba\u00bb, explic\u00f3 Sonia, sorprendiendo a todos los presentes.<\/p>\n<p class=\"c-paragraph\">Fani reaccion\u00f3 inmediatamente defendiendo su postura: \u00abEn Palapa est\u00e1bamos nosotras tranquilas y nos empezaron a poner<b> v\u00eddeos vuestros poni\u00e9ndonos a parir sin que nosotras os hayamos nombrado<\/b>\u00ab, afirm\u00f3 mirando fijamente a Sonia. La actriz respondi\u00f3 que los v\u00eddeos eran \u00abm\u00e1s graciosos\u00bb, lo que provoc\u00f3 la risa de Fani y subi\u00f3 la tensi\u00f3n en plat\u00f3.<\/p>\n<p class=\"c-paragraph\">La discusi\u00f3n escal\u00f3 cuando Sonia acus\u00f3 a Fani de hablar siempre por detr\u00e1s: \u00abYo hablo por delante. <b>Espa\u00f1a no te cree nada de lo que dices<\/b>\u00ab. Fani replic\u00f3 que no entend\u00eda por qu\u00e9 Sonia la hab\u00eda puesto verde en varias ocasiones. El cara a cara dej\u00f3 claro que la <b>relaci\u00f3n entre ambas se hab\u00eda deteriorado<\/b> durante el concurso.<\/p>\n<p class=\"c-paragraph\">Sonia tambi\u00e9n dej\u00f3 constancia del impacto de Fani en su nominaci\u00f3n a <b><a href=\"https:\/\/www.20minutos.es\/tags\/personas\/adara-molinero.html\" title=\"Adara Molinero\" rel=\"nofollow noopener\" target=\"_blank\">Adara Molinero<\/a><\/b>: \u00abEs muy fuerte. <b>Quiero decir que Fani fue la que me condicion\u00f3 y me hizo nominar<\/b> a Adara\u00bb. La afectada reaccion\u00f3 visiblemente sorprendida: \u00abQu\u00e9 fuerte. <b>Estoy alucinando<\/b>. Me quer\u00edan sacar del reality desde el primer momento\u00bb.<\/p>\n<p class=\"c-paragraph\">El enfrentamiento puso de relieve las <b>tensiones internas del grupo<\/b> y c\u00f3mo los comentarios de Fani afectaron a la din\u00e1mica del concurso. Las declaraciones de Sonia dejaron claro que, aunque las concursantes parec\u00edan reconciliadas, las <b>decisiones iniciales del reality estuvieron marcadas por influencias externas<\/b> y conflictos previos.<\/p>\n","protected":false},"excerpt":{"rendered":"Durante el debate final de Supervivientes All Stars, Sonia Monroy puso sobre la mesa lo que Fani Carbajo&hellip;\n","protected":false},"author":2,"featured_media":215954,"comment_status":"","ping_status":"","sticky":false,"template":"","format":"standard","meta":{"footnotes":""},"categories":[171],"tags":[24893,21833,24171,146,147,25,24,24894,26026,23,214],"class_list":{"0":"post-215953","1":"post","2":"type-post","3":"status-publish","4":"format-standard","5":"has-post-thumbnail","7":"category-tv","8":"tag-adara","9":"tag-alucina","10":"tag-con","11":"tag-entertainment","12":"tag-entretenimiento","13":"tag-es","14":"tag-espana","15":"tag-molinero","16":"tag-sonia","17":"tag-spain","18":"tag-tv"},"share_on_mastodon":{"url":"https:\/\/pubeurope.com\/@es\/115484979757045113","error":""},"_links":{"self":[{"href":"https:\/\/www.europesays.com\/es\/wp-json\/wp\/v2\/posts\/215953","targetHints":{"allow":["GET"]}}],"collection":[{"href":"https:\/\/www.europesays.com\/es\/wp-json\/wp\/v2\/posts"}],"about":[{"href":"https:\/\/www.europesays.com\/es\/wp-json\/wp\/v2\/types\/post"}],"author":[{"embeddable":true,"href":"https:\/\/www.europesays.com\/es\/wp-json\/wp\/v2\/users\/2"}],"replies":[{"embeddable":true,"href":"https:\/\/www.europesays.com\/es\/wp-json\/wp\/v2\/comments?post=215953"}],"version-history":[{"count":0,"href":"https:\/\/www.europesays.com\/es\/wp-json\/wp\/v2\/posts\/215953\/revisions"}],"wp:featuredmedia":[{"embeddable":true,"href":"https:\/\/www.europesays.com\/es\/wp-json\/wp\/v2\/media\/215954"}],"wp:attachment":[{"href":"https:\/\/www.europesays.com\/es\/wp-json\/wp\/v2\/media?parent=215953"}],"wp:term":[{"taxonomy":"category","embeddable":true,"href":"https:\/\/www.europesays.com\/es\/wp-json\/wp\/v2\/categories?post=215953"},{"taxonomy":"post_tag","embeddable":true,"href":"https:\/\/www.europesays.com\/es\/wp-json\/wp\/v2\/tags?post=215953"}],"curies":[{"name":"wp","href":"https:\/\/api.w.org\/{rel}","templated":true}]}}