{"id":215981,"date":"2025-11-03T09:29:09","date_gmt":"2025-11-03T09:29:09","guid":{"rendered":"https:\/\/www.europesays.com\/es\/215981\/"},"modified":"2025-11-03T09:29:09","modified_gmt":"2025-11-03T09:29:09","slug":"nacho-ruiz-comisario-de-arquitectura-de-la-candidatura-de-capital-europea-de-la-cultura-este-es-el-momento-de-oviedo","status":"publish","type":"post","link":"https:\/\/www.europesays.com\/es\/215981\/","title":{"rendered":"Nacho Ruiz, comisario de Arquitectura de la candidatura de Capital Europea de la Cultura:\u00a0\u00abEste es el momento de Oviedo\u00bb"},"content":{"rendered":"<p>\t\t \t\t\tNacho Ruiz, comisario de Arquitectura de la candidatura de Capital Europea de la Cultura <strong class=\"pd-l\"\/><\/p>\n<p>\t\t\t\t\t\t\u00abA Asturias, arquitectonicamente, la veo bastante rezagada en relaci\u00f3n con Espa\u00f1a. La noticia buena es que tiene un potencial incre\u00edble\u00bb, afirma el arquitecto<br \/>\n\t\t\t\t\t\t<strong>03 nov 2025<\/strong> . Actualizado a las 05:00 h.\t\t\t\t\t\t<\/p>\n<p class=\"first-paragraph txt\">Ignacio Ruiz Allen (Oviedo, 1975) es arquitecto doctorado por la Universidad Polit\u00e9cnica de Madrid en 2012, investigador y docente internacional, adem\u00e1s de creador de varios proyectos europeos y escandinavos sobre cultura arquitect\u00f3nica, sostenibilidad y memoria del paisaje industrial. Durante su trayectoria ha trabajado siete a\u00f1os en Dinamarca y ahora, junto a Vanesa Garc\u00eda es el comisario encargado del \u00e1rea de Arquitectura y Urbanismo de la candidatura de Oviedo a Capital Europea de la Cultura 2031.\u00a0\u00a0<\/p>\n<p class=\"txt\"><strong>\u2014\u00bfC\u00f3mo le llega la oferta para hacerse con este puesto de comisario? \u00bfSe lo esperaba?<\/strong><\/p>\n<p class=\"txt\">\u2014Yo no me lo esperaba. Fue una sorpresa muy agradable. Me lleg\u00f3 en torno a verano, hab\u00eda asistido a un par de reuniones, pero no estaban abiertas al p\u00fablico. Hab\u00eda ido a una primero en Gij\u00f3n y otra ya en Oviedo. La intenci\u00f3n era que yo quer\u00eda proponer cosas que tengo en la cabeza desde hace tiempo y un d\u00eda me convocaron a una reuni\u00f3n; nos dicen que han seleccionado a una serie de gente para seguir trabajando sobre el programa. A m\u00ed me escogieron un poquito como representante de arquitectura, pero tampoco me esperaba que fuera a pasar nada especial. Pensaba que iba a ser una reuni\u00f3n como las dem\u00e1s, pero esta fue quiz\u00e1s un poquito m\u00e1s acotada. Y en esa reuni\u00f3n ya nos dijeron que contaban con nosotros para ser parte del equipo y un poquito nuestro papel y lo que ten\u00edamos que hacer. Entonces, bueno, fue una sorpresa bastante agradable, porque yo ten\u00eda ganas de contribuir, la verdad, y me parec\u00eda que era un proceso, desde el principio, bastante limpio y abierto a la contribuci\u00f3n de terceros.<\/p>\n<p class=\"txt\"><strong>\u2014Cuando les convocan y les dicen que han sido seleccionados, \u00bfles dicen qu\u00e9 esperan de vosotros y cu\u00e1les ser\u00edan sus funciones?<\/strong><\/p>\n<p class=\"txt\">\u2014Nos contaron en general el rol de todos porque b\u00e1sicamente es lo mismo, cada uno desde su punto de vista y desde la disciplina que controla. Nos insistieron mucho en escuchar y hablar con la gente. Yo creo que la idea que ten\u00edan para nosotros, y que yo entiendo, es ser antenas receptoras, dentro de nuestra disciplina, de posibles iniciativas que se puedan incorporar al programa de la candidatura. Entonces no se trata de aportar nuestra visi\u00f3n personal, sino de convertirnos en interlocutores con el resto de gente que, en mi caso, por ejemplo, est\u00e1 vinculada a la arquitectura y al urbanismo. Con lo cual es bastante c\u00f3modo, porque se trata un poquito de ser mirador, de canalizador&#8230; bueno, una labor de s\u00edntesis tambi\u00e9n, con toda la gente, que entiendo que hay mucha, que quiere contribuir a esto.<\/p>\n<p class=\"txt\"><strong>\u2014\u00bfSiempre tuvo clara su intenci\u00f3n de aceptar este cargo?<\/strong><\/p>\n<p class=\"txt\">\u2014Es que, por car\u00e1cter, yo me meto en todo (risas). Yo las primeras reuniones a las que iba era un poquito para saber de qu\u00e9 iba todo. Y la verdad es que el equipo me dio muy buena sensaci\u00f3n, porque es gente de fuera, no son de Asturias, y me pareci\u00f3 que estaban haciendo una labor de escucha activa muy respetuosa, de humildad, de \u00abno sabemos el contexto, queremos saber de vosotros, queremos aprender\u00bb. Entonces me dio una muy buena sensaci\u00f3n, y eso siempre ayuda a la hora de tomar la decisi\u00f3n. Y luego, en mi trayectoria como arquitecto, yo siempre estuve vinculado a temas culturales desde el punto de vista de la arquitectura. O sea, he editado libros, he hecho exposiciones\u2026 El a\u00f1o pasado organic\u00e9, junto con Vanessa Garc\u00eda, el Festival de Arquitectura, Cultura y Territorio. Es decir, digamos que es un lenguaje natural para m\u00ed. Entonces lo vi como una oportunidad de contribuir. En ning\u00fan momento me lo plante\u00e9 a nivel personal, la verdad, porque es un trabajo y un esfuerzo colectivo. Te sientes parte de un equipo, y desde el principio te sientes bastante bien acompa\u00f1ado.<\/p>\n<p class=\"txt\"><strong>\u2014\u00bfC\u00f3mo fueron las primeras sensaciones al incorporarse a la candidatura?<\/strong><\/p>\n<p class=\"txt\">S\u00ed que me sorprendi\u00f3 el perfil del resto de la gente que escogieron. Yo recuerdo la primera reuni\u00f3n: conoc\u00ed a alguno, personalmente no, pero sab\u00eda de d\u00f3nde ven\u00edan, hab\u00eda o\u00eddo o le\u00eddo sobre ellos. En esa primera reuni\u00f3n nos present\u00e1bamos, cada uno contaba a qu\u00e9 se dedicaba y cu\u00e1l era su perfil, y me di cuenta de que era gente muy potente. En ese momento me di cuenta de que esto iba en serio. Hab\u00eda gente con mucha trayectoria detr\u00e1s, muy vinculada a temas culturales y con experiencias fant\u00e1sticas.<\/p>\n<p class=\"txt\"><strong>\u2014Su comisariado es el \u00fanico con dos representantes, \u00bfc\u00f3mo se dio esta situaci\u00f3n?<\/strong><\/p>\n<p class=\"txt\">\u2014En ese momento propusimos ir en equipo Vanessa y yo. Adem\u00e1s, ya le coment\u00e9 a Vanessa si quer\u00eda estar en entrevistas, porque siempre vamos a d\u00fao. Lo que pasa es que est\u00e1 pasando por temas personales complicados y me dijo que mejor lo hiciera yo solo. Pero Vanessa y yo trabajamos juntos en el Festival Arquitectura y Territorio; ella no es arquitecta, es economista, pero tiene una trayectoria much\u00edsimo m\u00e1s larga y m\u00e1s s\u00f3lida que yo en temas culturales, de modernizaci\u00f3n de todo tipo de temas culturales. Yo creo que su visi\u00f3n es bastante complementaria a la m\u00eda, entonces hacemos buen t\u00e1ndem. Propusimos que, si no les importaba, fu\u00e9ramos los dos juntos de la mano, y les pareci\u00f3 bien. La verdad es que fue bastante f\u00e1cil. Por eso se da esa extra\u00f1eza de que, en este caso, en arquitectura hay dos representantes en vez de uno.<\/p>\n<p class=\"txt\"><strong>\u2014Al ser dos personas a cargo de este \u00e1rea\u00a0est\u00e1n obligados a coordinarse, \u00bfc\u00f3mo hacen para distribuirse el trabajo y las competencias?<\/strong><\/p>\n<p class=\"txt\">\u2014Ayuda que somos perfiles muy distintos, venimos de \u00e1mbitos muy distintos. Cada uno sabe las fortalezas del otro, tambi\u00e9n nuestras propias debilidades. Hablamos mucho, nos apoyamos mucho el uno en el otro. En realidad, empezamos a colaborar hace un a\u00f1o, no tanto, con lo cual seguimos aprendiendo el uno del otro. Y hasta ahora ha funcionado muy bien, desde el di\u00e1logo. Solemos repartir competencias un poquito: yo, quiz\u00e1s como arquitecto, tengo una visi\u00f3n m\u00e1s vinculada a la profesi\u00f3n; ella, como gestora cultural, tiene una visi\u00f3n mucho m\u00e1s cercana a los movimientos vecinales, colectivos, a lo que consiste organizar un evento cultural. Funcionamos bastante bien, s\u00ed.<\/p>\n<p class=\"txt\"><strong>\u2014Habitualmente, cuando se piensa en cultura, se relaciona con disciplinas como m\u00fasica o arte, pero no arquitectura. \u00bfC\u00f3mo crea y forma parte de la cultura un \u00e1rea como la arquitectura?<\/strong><\/p>\n<p class=\"txt\">\u2014Muy f\u00e1cil, porque eso es en lo que m\u00e1s insisto yo. La arquitectura tiene una componente cultural indudable, tambi\u00e9n un componente social. Pensar en la arquitectura simplemente como un hecho t\u00e9cnico, creativo o art\u00edstico es quiz\u00e1s eliminar capas de complejidad y olvidar el potencial que tiene. La arquitectura y el urbanismo son veh\u00edculos para crear ciudad. Lo que pasa es que la ciudad no se crea solo a trav\u00e9s de ladrillos; se crea tambi\u00e9n mediante la contribuci\u00f3n de todos los ciudadanos. Y la arquitectura es un veh\u00edculo estupendo, canalizador de todos esos esfuerzos colectivos. Aparte, el entorno en el que vivimos dicta mucho nuestra cultura, entonces es como el elemento receptor y transmisor de una determinada cultura. Para m\u00ed es muy sencillo verlo as\u00ed. Digo esto tambi\u00e9n porque estuve viviendo varios a\u00f1os en Dinamarca, y ah\u00ed llegu\u00e9 a la certeza de que una sociedad con una calidad de vida elevada siempre tiene una calidad arquitect\u00f3nica elevada. Van de la mano: no puede existir arquitectura de calidad sin bienestar social, ni bienestar social sin arquitectura de calidad. Y eso, al final, es un hecho cultural. Creo que concebir y respetar la arquitectura como hecho cultural hace que mentalmente le demos la importancia y el valor que tiene. Es verdad que hay mucho trabajo por hacer en ese sentido, pero en otros lugares de Espa\u00f1a e incluso a nivel europeo hay mucha gente trabajando desde ese punto de vista, y al final revierte en la calidad de vida de las ciudades.<\/p>\n<p class=\"txt\"><strong>\u2014En ese aspecto arquitect\u00f3nico del que hablaba, en el que esta disciplina define la calidad de vida de cada lugar, \u00bfen qu\u00e9 punto ve a Oviedo en ese sentido?<\/strong><\/p>\n<p class=\"txt\">\u2014A Asturias la veo bastante rezagada en relaci\u00f3n con Espa\u00f1a. La noticia buena es que tiene un potencial incre\u00edble. Es m\u00e1s, est\u00e1 en una situaci\u00f3n de cambio, porque es inevitable la transformaci\u00f3n con todo lo que, a nivel urbano, tiene que suceder con La Vega, con el antiguo hospital central&#8230; Son lugares que est\u00e1n a la expectativa y necesitan ser activados. Repensar las ciudades desde ese punto de vista siempre va a ayudar. Asturias, a nivel territorial, tiene una cosa fuerte respecto a otros territorios: el discurso rural est\u00e1 muy arraigado, es muy potente. En Asturias, los territorios urbanos y rurales se entrelazan; hay una especie de solapamiento interesante. Pero sin embargo no ha llegado del todo esa visi\u00f3n desde la arquitectura de c\u00f3mo se puede desarrollar sacando el m\u00e1ximo potencial que tiene. En mi opini\u00f3n, no s\u00e9 cu\u00e1les ser\u00edan las causas, pero quiz\u00e1s una de ellas es que somos periferia. Dentro del discurso arquitect\u00f3nico somos la periferia de la periferia. Asturias es uno de los lugares de Espa\u00f1a m\u00e1s alejados de una escuela de arquitectura; de hecho, Gij\u00f3n es la ciudad espa\u00f1ola m\u00e1s alejada de una. Eso influye. Vamos un poquito por detr\u00e1s. Entonces la capitalidad de Oviedo, la candidatura, es una oportunidad \u00fanica: pone la arquitectura al frente y todo el potencial de arrastre.<\/p>\n<p class=\"txt\"><strong>\u00a0\u2014Regresando a la candidatura, \u00bfqu\u00e9 principios quiere que sean los que transmita su \u00e1rea una vez se acabe el proceso?<\/strong><\/p>\n<p class=\"txt\">\u2014Oviedo es una ciudad en transformaci\u00f3n, Asturias es un territorio en transformaci\u00f3n. Despu\u00e9s de estar unos cuantos a\u00f1os fuera, al volver notas que hay otras din\u00e1micas: despu\u00e9s de muchos a\u00f1os quiz\u00e1s en stand-by, ahora empieza a haber fuerzas que empujan Asturias y Oviedo. Tenemos que canalizarlas en la buena direcci\u00f3n, porque esto puede llevarnos a muy buenos lugares\u2026 o no tanto. Todo lo que sea transmitir la idea de que, desde la arquitectura y el urbanismo, en relaci\u00f3n con las comunidades locales, se puede influir en estos procesos, siempre va a ser bueno. Creo que una cultura arquitect\u00f3nica en la que hay una serie de gente que decide c\u00f3mo se hace la ciudad, pero sin interlocuci\u00f3n directa con el ciudadano, sin mecanismos de di\u00e1logo entre los diferentes agentes, al final es perder oportunidades. En ese sentido, el trabajo desde la arquitectura en esta candidatura puede fomentar esa manera de entender el desarrollo de la ciudad.<\/p>\n<p class=\"txt\"><strong>\u2014En diferentes entrevista habl\u00f3 de la posibilidad de encabezar alg\u00fan proyecto, \u00bfen qu\u00e9 punto est\u00e1 esto?<\/strong><\/p>\n<p class=\"txt\">\u2014Hay que presentar un documento a finales de a\u00f1o con un esbozo de un programa que ya est\u00e1 muy maduro. Si tenemos suerte, todo esto es para desarrollar a partir del a\u00f1o que viene. Es verdad que no podemos desvelar mucho porque se llama concurrencia competitiva, pero lo que s\u00ed dir\u00eda es que nosotros no vamos a encabezar nada. Viene un poco en la l\u00ednea de lo que te dec\u00eda antes: se han recibido una serie de proyectos y los comisarios jefes, los que est\u00e1n en el cargo, han hecho una preselecci\u00f3n y, a partir de ah\u00ed, nosotros tenemos que hacer una labor de s\u00edntesis. De todos modos, esto es una puesta en claro de voluntades y deseos de diferentes agentes de cara al documento. El a\u00f1o que viene ya ser\u00eda, si tenemos suerte, el momento de trabajar con ellos y desarrollar los proyectos. Las l\u00edneas de trabajo, te puedo adelantar que Asturias, en general, y Oviedo, como parte de Asturias, tienen muy presente el patrimonio industrial, y que vamos a aproximarnos a los colectivos vecinales y a los barrios para trabajar con ellos.<\/p>\n<p class=\"txt\"><strong>\u00a0\u2014\u00bfC\u00f3mo ser\u00eda la Asturias y el Oviedo que le gustar\u00eda ver una vez se finalice todo este proceso de candidatura?<\/strong><\/p>\n<p class=\"txt\">\u2014Asturias es un lugar que atrae a la gente por su realidad actual. No solo por sus condiciones clim\u00e1ticas, que vienen dadas, no solo por el territorio, que lo tenemos heredado, ni por ciertas cosas que han definido Asturias desde siempre, sino por el tipo de sociedad que se est\u00e1 construyendo aqu\u00ed: una sociedad din\u00e1mica, abierta, acogedora, amable y en la que cada uno encuentra su sitio, tambi\u00e9n desde el punto de vista arquitect\u00f3nico. Es una respuesta un poquito vaga, pero de momento tenemos que pensar en el territorio. Pero s\u00ed, me gustar\u00eda que alguien viniera a Asturias porque valore lo que est\u00e1 sucediendo en Asturias. Eso puede abrir muchas puertas.<\/p>\n<p class=\"txt\"><strong>\u00a0\u2014\u00bfQu\u00e9 significar\u00eda, en su opini\u00f3n, para Oviedo y su ciudadan\u00eda lograr la capitalidad?<\/strong><\/p>\n<p class=\"txt\">\u2014Un revulsivo. Un revulsivo que adem\u00e1s creo muy necesario, porque no hago m\u00e1s que o\u00edr a la gente que viene de fuera decir lo estupenda que es Oviedo. Es verdad, es una ciudad estupenda, aunque a los de dentro nos cueste verlo. Siempre la mirada distante ayuda a ver las cosas desde otro lugar. Pero tambi\u00e9n hay una sensaci\u00f3n latente en todos, que es el momento de Oviedo. Creo que las ciudades se desarrollan un poquito a golpes; de repente hay \u00e9pocas de m\u00e1s transformaci\u00f3n, y creo que Oviedo est\u00e1 por vivir ese momento. Ahora est\u00e1 en un momento de cambio y esto puede ser una manera de ayudar a llevar el cambio a buen t\u00e9rmino. Yo conozco unas cuantas ciudades del norte de Espa\u00f1a, y en unas cuantas de ellas se ve que ha tenido transformaciones fabulosas en los \u00faltimos a\u00f1os, que ha pegado tirones para bien, y este es el momento de Oviedo.<\/p>\n<p>&#13;<br \/>\n\tArchivado en:&#13;<br \/>\n\t\t\t\t\t<a href=\"https:\/\/www.lavozdeasturias.es\/temas\/oviedo\/\" target=\"_blank\" class=\"mg-l\" rel=\"nofollow noopener\">Oviedo<\/a>&#13;<br \/>\n\t\t\t\t\t<a href=\"https:\/\/www.lavozdeasturias.es\/temas\/asturias\/\" target=\"_blank\" class=\"mg-l\" rel=\"nofollow noopener\">Asturias<\/a>&#13;<br \/>\n\t\t\t\t\t<a href=\"https:\/\/www.lavozdeasturias.es\/temas\/arquitectura\/\" target=\"_blank\" class=\"mg-l\" rel=\"nofollow noopener\">Arquitectura<\/a>&#13;<br \/>\n\t&#13;<\/p>\n","protected":false},"excerpt":{"rendered":"Nacho Ruiz, comisario de Arquitectura de la candidatura de Capital Europea de la Cultura \u00abA Asturias, arquitectonicamente, la&hellip;\n","protected":false},"author":2,"featured_media":215982,"comment_status":"","ping_status":"","sticky":false,"template":"","format":"standard","meta":{"footnotes":""},"categories":[173],"tags":[801,229,233,231,230,1770,232,234,146,147,25,24,1796,23],"class_list":{"0":"post-215981","1":"post","2":"type-post","3":"status-publish","4":"format-standard","5":"has-post-thumbnail","7":"category-arte-y-diseno","8":"tag-arquitectura","9":"tag-arte","10":"tag-arte-y-diseno","11":"tag-arts","12":"tag-arts-and-design","13":"tag-asturias","14":"tag-design","15":"tag-diseno","16":"tag-entertainment","17":"tag-entretenimiento","18":"tag-es","19":"tag-espana","20":"tag-oviedo","21":"tag-spain"},"share_on_mastodon":{"url":"https:\/\/pubeurope.com\/@es\/115485066111020557","error":""},"_links":{"self":[{"href":"https:\/\/www.europesays.com\/es\/wp-json\/wp\/v2\/posts\/215981","targetHints":{"allow":["GET"]}}],"collection":[{"href":"https:\/\/www.europesays.com\/es\/wp-json\/wp\/v2\/posts"}],"about":[{"href":"https:\/\/www.europesays.com\/es\/wp-json\/wp\/v2\/types\/post"}],"author":[{"embeddable":true,"href":"https:\/\/www.europesays.com\/es\/wp-json\/wp\/v2\/users\/2"}],"replies":[{"embeddable":true,"href":"https:\/\/www.europesays.com\/es\/wp-json\/wp\/v2\/comments?post=215981"}],"version-history":[{"count":0,"href":"https:\/\/www.europesays.com\/es\/wp-json\/wp\/v2\/posts\/215981\/revisions"}],"wp:featuredmedia":[{"embeddable":true,"href":"https:\/\/www.europesays.com\/es\/wp-json\/wp\/v2\/media\/215982"}],"wp:attachment":[{"href":"https:\/\/www.europesays.com\/es\/wp-json\/wp\/v2\/media?parent=215981"}],"wp:term":[{"taxonomy":"category","embeddable":true,"href":"https:\/\/www.europesays.com\/es\/wp-json\/wp\/v2\/categories?post=215981"},{"taxonomy":"post_tag","embeddable":true,"href":"https:\/\/www.europesays.com\/es\/wp-json\/wp\/v2\/tags?post=215981"}],"curies":[{"name":"wp","href":"https:\/\/api.w.org\/{rel}","templated":true}]}}