{"id":215999,"date":"2025-11-03T09:41:10","date_gmt":"2025-11-03T09:41:10","guid":{"rendered":"https:\/\/www.europesays.com\/es\/215999\/"},"modified":"2025-11-03T09:41:10","modified_gmt":"2025-11-03T09:41:10","slug":"la-fiscalia-de-paris-asegura-que-el-robo-del-louvre-no-fue-obra-de-delincuentes-profesionales-internacional","status":"publish","type":"post","link":"https:\/\/www.europesays.com\/es\/215999\/","title":{"rendered":"La fiscal\u00eda de Par\u00eds asegura que el robo del Louvre no fue obra de delincuentes profesionales | Internacional"},"content":{"rendered":"<p class=\"loc\">Madrid<\/p>\n<p>La fiscal\u00eda de Par\u00eds ha confirmado este domingo que el robo de joyas en el Museo del Louvre no lo cometi\u00f3 una red profesional, sino delincuentes comunes. Los sospechosos, dicen, son vecinos de Seine-Saint-Denis, una zona al norte de Par\u00eds, y no tienen v\u00ednculos con las altas esferas del crimen organizado. El fiscal Laure Beccuau descarta por ahora la implicaci\u00f3n de mafias internacionales.<\/p>\n<p>Entre los acusados figura una pareja con hijos, cuyo ADN aparece en el ascensor utilizado durante el robo. Ambos est\u00e1n en prisi\u00f3n preventiva y niegan su participaci\u00f3n. Otros dos hombres tambi\u00e9n est\u00e1n detenidos y admiten parcialmente su implicaci\u00f3n. Uno de ellos ya estaba bajo supervisi\u00f3n judicial por robo agravado.<\/p>\n<p>Seg\u00fan la investigaci\u00f3n, dos de los implicados accedieron a la Galer\u00eda Apolo del Louvre tras escalar hasta un balc\u00f3n utilizando una gr\u00faa. Una vez all\u00ed, rompieron una ventana con sierras radiales y emplearon las mismas herramientas para destrozar las vitrinas que proteg\u00edan las joyas del Tesoro Real franc\u00e9s.<\/p>\n<p>Tras hacerse con las piezas, los ladrones huyeron en dos motos T-Max que los esperaban en el exterior, conducidas por los otros dos miembros del grupo. La fiscal de Par\u00eds, Laure Beccuau, ha confirmado que por el momento las joyas sustra\u00eddas no han sido recuperadas.<\/p>\n<p>Un robo muy veloz<\/p>\n<p>El robo ocurri\u00f3 en menos de siete minutos, a plena luz del d\u00eda, con un cami\u00f3n gr\u00faa robado y scooters. Los ladrones se llevaron joyas hist\u00f3ricas valoradas en 88 millones de euros, entre ellas un collar de esmeraldas que Napole\u00f3n I regal\u00f3 a Mar\u00eda Luisa y una diadema con m\u00e1s de 2.000 diamantes que perteneci\u00f3 a la emperatriz Eugenia.<\/p>\n<p>Uno de los autores permanece pr\u00f3fugo y la fiscal\u00eda no descarta que haya m\u00e1s c\u00f3mplices. Los investigadores rastrean ahora posibles canales de venta en el mercado negro, aunque no confirman avances en la recuperaci\u00f3n de las joyas. .<\/p>\n","protected":false},"excerpt":{"rendered":"Madrid La fiscal\u00eda de Par\u00eds ha confirmado este domingo que el robo de joyas en el Museo del&hellip;\n","protected":false},"author":2,"featured_media":216000,"comment_status":"","ping_status":"","sticky":false,"template":"","format":"standard","meta":{"footnotes":""},"categories":[42],"tags":[17,18,11892,13,14,11,61,62,63,64,19,20,17067,9,10,15,16,12,21,22,65,66,67],"class_list":{"0":"post-215999","1":"post","2":"type-post","3":"status-publish","4":"format-standard","5":"has-post-thumbnail","7":"category-internacional","8":"tag-breaking-news","9":"tag-breakingnews","10":"tag-crime","11":"tag-featured-news","12":"tag-featurednews","13":"tag-headlines","14":"tag-internacional","15":"tag-international","16":"tag-international-news","17":"tag-internationalnews","18":"tag-latest-news","19":"tag-latestnews","20":"tag-law-enforcement","21":"tag-news","22":"tag-noticias","23":"tag-noticias-destacadas","24":"tag-noticiasdestacadas","25":"tag-titulares","26":"tag-ultimas-noticias","27":"tag-ultimasnoticias","28":"tag-world","29":"tag-world-news","30":"tag-worldnews"},"share_on_mastodon":{"url":"https:\/\/pubeurope.com\/@es\/115485113415426400","error":""},"_links":{"self":[{"href":"https:\/\/www.europesays.com\/es\/wp-json\/wp\/v2\/posts\/215999","targetHints":{"allow":["GET"]}}],"collection":[{"href":"https:\/\/www.europesays.com\/es\/wp-json\/wp\/v2\/posts"}],"about":[{"href":"https:\/\/www.europesays.com\/es\/wp-json\/wp\/v2\/types\/post"}],"author":[{"embeddable":true,"href":"https:\/\/www.europesays.com\/es\/wp-json\/wp\/v2\/users\/2"}],"replies":[{"embeddable":true,"href":"https:\/\/www.europesays.com\/es\/wp-json\/wp\/v2\/comments?post=215999"}],"version-history":[{"count":0,"href":"https:\/\/www.europesays.com\/es\/wp-json\/wp\/v2\/posts\/215999\/revisions"}],"wp:featuredmedia":[{"embeddable":true,"href":"https:\/\/www.europesays.com\/es\/wp-json\/wp\/v2\/media\/216000"}],"wp:attachment":[{"href":"https:\/\/www.europesays.com\/es\/wp-json\/wp\/v2\/media?parent=215999"}],"wp:term":[{"taxonomy":"category","embeddable":true,"href":"https:\/\/www.europesays.com\/es\/wp-json\/wp\/v2\/categories?post=215999"},{"taxonomy":"post_tag","embeddable":true,"href":"https:\/\/www.europesays.com\/es\/wp-json\/wp\/v2\/tags?post=215999"}],"curies":[{"name":"wp","href":"https:\/\/api.w.org\/{rel}","templated":true}]}}