{"id":216081,"date":"2025-11-03T10:43:10","date_gmt":"2025-11-03T10:43:10","guid":{"rendered":"https:\/\/www.europesays.com\/es\/216081\/"},"modified":"2025-11-03T10:43:10","modified_gmt":"2025-11-03T10:43:10","slug":"nicki-nicole-reaparece-tras-la-ruptura-con-lamine-yamal","status":"publish","type":"post","link":"https:\/\/www.europesays.com\/es\/216081\/","title":{"rendered":"Nicki Nicole reaparece tras la ruptura con Lamine Yamal"},"content":{"rendered":"<p class=\"paragraph\">Despu\u00e9s de que Lamine Yamal haya confirmado su ruptura con Nicki Nicole, la cantante ha reaparecido subi\u00e9ndose al escenario junto a su amiga y tambi\u00e9n cantante, Tini. Lo ha hecho para interpretar el tema &#8216;Blackout&#8217;, que sacaron con Emilia Mermes y que super\u00f3 los 115 millones de reproducciones en Spotify. Nicki y Tini bailaron juntas mientras el p\u00fablico de Buenos Aires coreaba la canci\u00f3n. La ex de Lamine apareci\u00f3 con un conjunto rojo ajustado mientras que su amiga lo hizo con un bikini. Nicole ha llenado sus stories con el sensual baile con su amiga mientras que Lamine ha desaparecido de sus posts.<\/p>\n","protected":false},"excerpt":{"rendered":"Despu\u00e9s de que Lamine Yamal haya confirmado su ruptura con Nicki Nicole, la cantante ha reaparecido subi\u00e9ndose al&hellip;\n","protected":false},"author":2,"featured_media":216082,"comment_status":"","ping_status":"","sticky":false,"template":"","format":"standard","meta":{"footnotes":""},"categories":[174],"tags":[2353,255,146,147,25,24,256,23,1603],"class_list":{"0":"post-216081","1":"post","2":"type-post","3":"status-publish","4":"format-standard","5":"has-post-thumbnail","7":"category-famosos","8":"tag-buenos-aires","9":"tag-celebrities","10":"tag-entertainment","11":"tag-entretenimiento","12":"tag-es","13":"tag-espana","14":"tag-famosos","15":"tag-spain","16":"tag-spotify"},"share_on_mastodon":{"url":"https:\/\/pubeurope.com\/@es\/115485357187356791","error":""},"_links":{"self":[{"href":"https:\/\/www.europesays.com\/es\/wp-json\/wp\/v2\/posts\/216081","targetHints":{"allow":["GET"]}}],"collection":[{"href":"https:\/\/www.europesays.com\/es\/wp-json\/wp\/v2\/posts"}],"about":[{"href":"https:\/\/www.europesays.com\/es\/wp-json\/wp\/v2\/types\/post"}],"author":[{"embeddable":true,"href":"https:\/\/www.europesays.com\/es\/wp-json\/wp\/v2\/users\/2"}],"replies":[{"embeddable":true,"href":"https:\/\/www.europesays.com\/es\/wp-json\/wp\/v2\/comments?post=216081"}],"version-history":[{"count":0,"href":"https:\/\/www.europesays.com\/es\/wp-json\/wp\/v2\/posts\/216081\/revisions"}],"wp:featuredmedia":[{"embeddable":true,"href":"https:\/\/www.europesays.com\/es\/wp-json\/wp\/v2\/media\/216082"}],"wp:attachment":[{"href":"https:\/\/www.europesays.com\/es\/wp-json\/wp\/v2\/media?parent=216081"}],"wp:term":[{"taxonomy":"category","embeddable":true,"href":"https:\/\/www.europesays.com\/es\/wp-json\/wp\/v2\/categories?post=216081"},{"taxonomy":"post_tag","embeddable":true,"href":"https:\/\/www.europesays.com\/es\/wp-json\/wp\/v2\/tags?post=216081"}],"curies":[{"name":"wp","href":"https:\/\/api.w.org\/{rel}","templated":true}]}}