{"id":216106,"date":"2025-11-03T11:02:12","date_gmt":"2025-11-03T11:02:12","guid":{"rendered":"https:\/\/www.europesays.com\/es\/216106\/"},"modified":"2025-11-03T11:02:12","modified_gmt":"2025-11-03T11:02:12","slug":"territorio-de-bidegorris-para-la-movilidad-ciclista","status":"publish","type":"post","link":"https:\/\/www.europesays.com\/es\/216106\/","title":{"rendered":"Territorio de bidegorris para la movilidad ciclista"},"content":{"rendered":"<p>\n        Bizkaia est\u00e1 decidida a actuar en la puesta en marcha de acciones que ayuden a <strong>mitigar<\/strong> la <strong>crisis clim\u00e1tica<\/strong> y a contribuir a su adaptaci\u00f3n en pro de su <strong>neutralidad<\/strong> en <strong>carbono<\/strong>. Para ello, es necesario un cambio de paradigma en las pol\u00edticas de <a href=\"https:\/\/www.deia.eus\/tags\/movilidad\/\" title=\"movilidad\" class=\"link copy\" rel=\"nofollow noopener\" target=\"_blank\">movilidad <\/a>y de <strong>ordenaci\u00f3n<\/strong> del <strong>territorio<\/strong> que apuesten por la integraci\u00f3n de los diferentes modos de transporte, priorizando aumentar la seguridad y el atractivo de los modos activos, entre ellos, la <strong>bicicleta<\/strong>.\n<\/p>\n<p class=\"article-body__text \">\n        Promover su uso como medio de transporte cotidiano es clave para la <strong>sostenibilidad f\u00edsica<\/strong> y <strong>medioambiental<\/strong> de Bizkaia. En este sentido, la creciente tendencia a la <strong>movilidad ciclista<\/strong> pasa por abordar los <strong>actuales retos<\/strong>, estableciendo las condiciones para que <strong>pedalear<\/strong> se convierta en un recurso eficiente y habitual entre la ciudadan\u00eda del territorio. Para ello, la <strong>estrategia ciclista<\/strong> impulsada desde la Diputaci\u00f3n tiene como objetivo que, al menos, el <strong>7,7% <\/strong>de todos los<strong> desplazamientos cotidianos<\/strong> que se hagan en <strong>2035<\/strong>, sean en <strong>bicicleta<\/strong>.\n<\/p>\n<p>            <a href=\"https:\/\/www.deia.eus\/bizkaia\/2025\/10\/30\/obras-pasarela-ciclable-kadagua-peatonal-alonsotegi-diciembre-arbuio-bidegorri-10285186.html\" title=\"Las obras para la pasarela peatonal y ciclable sobre el Kadagua empiezan en diciembre\" class=\"new__media\" rel=\"nofollow noopener\" target=\"_blank\"><\/p>\n<p>                <img alt=\"Las obras para la pasarela peatonal y ciclable sobre el Kadagua empiezan en diciembre\" data-src=\"https:\/\/www.europesays.com\/es\/wp-content\/uploads\/2025\/11\/985db3ac-f809-4e66-9cbd-bc9e66cd982b_16-9-aspect-ratio_default_0.jpg\" class=\"lozad\"\/><\/p>\n<p>        <\/a><\/p>\n<p>        <a href=\"https:\/\/www.deia.eus\/bizkaia\/2025\/10\/30\/obras-pasarela-ciclable-kadagua-peatonal-alonsotegi-diciembre-arbuio-bidegorri-10285186.html\" title=\"Las obras para la pasarela peatonal y ciclable sobre el Kadagua empiezan en diciembre\" class=\"new__headline\" rel=\"nofollow noopener\" target=\"_blank\"><br \/>\n            Las obras para la pasarela peatonal y ciclable sobre el Kadagua empiezan en diciembre<br \/>\n        <\/a><\/p>\n<p>  <strong>Compromiso foral<\/strong><\/p>\n<p class=\"article-body__text \">\n        Como parte de esta estrategia, el <a href=\"https:\/\/www.deia.eus\/bizkaia\/2025\/01\/28\/red-bidegorris-bizkaia-discurrira-lado-9210118.html\" title=\"Plan Territorial Sectorial de V\u00edas Ciclistas de Bizkaia\" class=\"link copy\" rel=\"nofollow noopener\" target=\"_blank\">Plan Territorial Sectorial de V\u00edas Ciclistas de Bizkaia <\/a>(PTSVCB) 2023-2035 contempla una red de <strong>365,5 kil\u00f3metros<\/strong> de v\u00edas ciclistas en Bizkaia, de las que 132,2 son de <strong>titularidad foral<\/strong>. Se trata de un instrumento de <strong>ordenaci\u00f3n territorial<\/strong>, resultado de un proceso complejo a trav\u00e9s del cual se pretende definir toda la <strong>red<\/strong> de <strong>infraestructuras, v\u00edas<\/strong> y <strong>servicios<\/strong> para ciclistas a <strong>nivel territorial<\/strong>.\n<\/p>\n<p class=\"article-body__text \">\n        Junto a ella, tambi\u00e9n se fijan una serie de <strong>objetivos estrat\u00e9gicos<\/strong> en clave de promoci\u00f3n de la <strong>bicicleta<\/strong> como <strong>medio<\/strong> de <strong>transporte<\/strong>, <strong>interconexi\u00f3n<\/strong> de <strong>rutas<\/strong> y mejora de la movilidad, as\u00ed como aspectos concernientes a su conectividad con los <strong>territorios lim\u00edtrofes<\/strong>. As\u00ed, el<strong> PTSVCB<\/strong> configura una nueva norma en materia de v\u00edas ciclistas, que vendr\u00e1 a situar a la bicicleta en Bizkaia como un elemento esencial de la <strong>movilidad sostenible territorial<\/strong>, adem\u00e1s de un factor clave de una <strong>agenda urbana integrada<\/strong>.\n<\/p>\n<p class=\"ql-align-justify\"> La red del PTSVCB se estructura en cinco l\u00edneas principales y veinte l\u00edneas secundarias:<\/p>\n<ul>\n<li class=\"ql-align-justify\"><strong>L1\u00a0&#8211; Nerbioi-Ibaizabal, Arratia, Durangaldea (42,7\u00a0km)<\/strong><\/li>\n<li class=\"ql-align-justify\"><strong>L2\u00a0&#8211; Txorierri-Mungialdea (18,6\u00a0km)<\/strong><\/li>\n<li class=\"ql-align-justify\"><strong>L3\u00a0&#8211; Eskuinaldea-Uribe Kosta (18,1\u00a0km)<\/strong><\/li>\n<li class=\"ql-align-justify\"><strong>L4\u00a0&#8211; Ezkerraldea-Meatzaldea-Enkarterri (24,9\u00a0km)<\/strong><\/li>\n<li class=\"ql-align-justify\"><strong>L7\u00a0&#8211; Bilbao (19,4\u00a0km)<\/strong><\/li>\n<\/ul>\n<p class=\"ql-align-justify\">A esta estructura se suman dos ejes estrat\u00e9gicos que conectan comarcas de especial singularidad:<\/p>\n<ul>\n<li class=\"ql-align-justify\"><strong>\u00a0L5\u00a0&#8211;\u00a0Urdaibai<\/strong><\/li>\n<li class=\"ql-align-justify\"><strong>\u00a0L6\u00a0&#8211; Artibai, que enlaza, adem\u00e1s, con la Red Ciclista de Gipuzkoa a trav\u00e9s del tramo Ondarroa-Mutriku.<\/strong><\/li>\n<\/ul>\n<p class=\"ql-align-justify\">Las l\u00edneas secundarias, con una longitud total de 241,7 kil\u00f3metros, desempe\u00f1an un papel clave en la conectividad territorial. Se componen de itinerarios que enlazan con las l\u00edneas principales, extendiendo su alcance a nuevas \u00e1reas comarcales, mejorando la capilaridad de la red y ampliando su \u00e1rea de influencia.<\/p>\n<p class=\"article-body__text \">\n        En paralelo al proceso de aprobaci\u00f3n y concreci\u00f3n del PTSVCB, desde la <strong>Diputaci\u00f3n foral<\/strong> se han puesto en marcha distintas<a href=\"https:\/\/www.bizkaia.eus\/es\/bicicletas\/compromiso-foral\" title=\"iniciativas\" rel=\"nofollow noopener\" target=\"_blank\" class=\"link copy\"> iniciativas<\/a> en este \u00e1mbito, en <strong>colaboraci\u00f3n<\/strong> principalmente con los <strong>ayuntamientos<\/strong>. Muchas de estas actuaciones son ya una realidad, y permitir\u00e1n evaluar los resultados del plan a medio plazo. As\u00ed, a d\u00eda de hoy, \u00e9stas incluyen la creaci\u00f3n de estaciones de aparcamientos seguros de bicicletas (<strong>BiziPark<\/strong>), de mantenimiento y limpieza de ciclos (<strong>Bizipuntos<\/strong>), o el servicio de pr\u00e9stamo de bicis el\u00e9ctricas (<strong>BizkaiBizi<\/strong>).\n<\/p>\n<p class=\"article-photo__footer\">\n            Bizkaia dispone de varios servicios de pr\u00e9stamo autom\u00e1tico de bicicleta promovidos desde la Diputaci\u00f3n foral y ayuntamientos.                    <\/p>\n<p class=\"article-body__text \">\n        Otro aspecto de este <strong>compromiso foral<\/strong> incluye el \u2018<strong>Libro Blanco de la Bicicleta<\/strong>\u2019, que reflexiona en torno al papel de la <strong>bicicleta<\/strong> en el territorio y establece las claves para su <strong>promoci\u00f3n<\/strong>. Entre \u00e9stas, destaca la necesidad de reforzar la colaboraci\u00f3n con ayuntamientos y otras <strong>entidades sociales<\/strong> para conseguir un impulso homog\u00e9neo del uso de la bici, contribuyendo as\u00ed a que, cada vez m\u00e1s personas, elijan este medio de transporte para moverse a diario y <strong>mejorar<\/strong> su calidad de <strong>vida<\/strong>.<\/p>\n","protected":false},"excerpt":{"rendered":"Bizkaia est\u00e1 decidida a actuar en la puesta en marcha de acciones que ayuden a mitigar la crisis&hellip;\n","protected":false},"author":2,"featured_media":216107,"comment_status":"","ping_status":"","sticky":false,"template":"","format":"standard","meta":{"footnotes":""},"categories":[273],"tags":[7560,58023,313,312,168,25,24,58022,58024,23,167],"class_list":{"0":"post-216106","1":"post","2":"type-post","3":"status-publish","4":"format-standard","5":"has-post-thumbnail","7":"category-ciclismo","8":"tag-bicicleta","9":"tag-bidegorris","10":"tag-ciclismo","11":"tag-cycling","12":"tag-deportes","13":"tag-es","14":"tag-espana","15":"tag-movilidad-ciclista","16":"tag-plan-territorial-sectorial-de-vias-ciclistas-de-bizkaia","17":"tag-spain","18":"tag-sports"},"share_on_mastodon":{"url":"https:\/\/pubeurope.com\/@es\/115485431793008375","error":""},"_links":{"self":[{"href":"https:\/\/www.europesays.com\/es\/wp-json\/wp\/v2\/posts\/216106","targetHints":{"allow":["GET"]}}],"collection":[{"href":"https:\/\/www.europesays.com\/es\/wp-json\/wp\/v2\/posts"}],"about":[{"href":"https:\/\/www.europesays.com\/es\/wp-json\/wp\/v2\/types\/post"}],"author":[{"embeddable":true,"href":"https:\/\/www.europesays.com\/es\/wp-json\/wp\/v2\/users\/2"}],"replies":[{"embeddable":true,"href":"https:\/\/www.europesays.com\/es\/wp-json\/wp\/v2\/comments?post=216106"}],"version-history":[{"count":0,"href":"https:\/\/www.europesays.com\/es\/wp-json\/wp\/v2\/posts\/216106\/revisions"}],"wp:featuredmedia":[{"embeddable":true,"href":"https:\/\/www.europesays.com\/es\/wp-json\/wp\/v2\/media\/216107"}],"wp:attachment":[{"href":"https:\/\/www.europesays.com\/es\/wp-json\/wp\/v2\/media?parent=216106"}],"wp:term":[{"taxonomy":"category","embeddable":true,"href":"https:\/\/www.europesays.com\/es\/wp-json\/wp\/v2\/categories?post=216106"},{"taxonomy":"post_tag","embeddable":true,"href":"https:\/\/www.europesays.com\/es\/wp-json\/wp\/v2\/tags?post=216106"}],"curies":[{"name":"wp","href":"https:\/\/api.w.org\/{rel}","templated":true}]}}