{"id":21611,"date":"2025-08-02T23:36:07","date_gmt":"2025-08-02T23:36:07","guid":{"rendered":"https:\/\/www.europesays.com\/es\/21611\/"},"modified":"2025-08-02T23:36:07","modified_gmt":"2025-08-02T23:36:07","slug":"sebastian-castano-sorprende-en-el-alto-del-porvenir-y-lidera-la-vuelta-a-colombia-ciclismo","status":"publish","type":"post","link":"https:\/\/www.europesays.com\/es\/21611\/","title":{"rendered":"Sebasti\u00e1n Casta\u00f1o sorprende en el Alto del Porvenir y lidera la Vuelta a Colombia &#8211; Ciclismo"},"content":{"rendered":"<ol>\n<li><a href=\"https:\/\/news.google.com\/rss\/articles\/CBMiakFVX3lxTE1FaWd6ODlzOXhqSk9PdG5WWm9WMXNyTGtFLU9yUEhTeVlON3Vrd3BuRTMwVERvQW8zUGM5c2xiTHk0T0lHTEVISm1zUVh0UDNFNFV6ZEpEQmhmaDd6TmtfT2xOQV8zaEVzRmc?oc=5\" target=\"_blank\" rel=\"nofollow noopener\">Sebasti\u00e1n Casta\u00f1o sorprende en el Alto del Porvenir y lidera la Vuelta a Colombia<\/a>&nbsp;&nbsp;Ciclismo<\/li>\n<li><a href=\"https:\/\/news.google.com\/rss\/articles\/CBMiakFVX3lxTE02ekJLNGw0TjdrNVg2d3pYVFN2RXprSlhJdDJlOW1HS2JEWWYxZHF4UlZqSVZOVGFOVVd1NjVmSGZOTFhFOGpZbEpmQjRhVno1dklHMFVVaUpMcFh1N0F2dWVZWnVUV1VYVkE?oc=5\" target=\"_blank\" rel=\"nofollow noopener\">Clasificaciones completas de la 2\u00aa etapa de la Vuelta a Colombia 2025<\/a>&nbsp;&nbsp;Ciclismo<\/li>\n<li><a href=\"https:\/\/news.google.com\/rss\/articles\/CBMiugFBVV95cUxOem1SUHNFZlZVNXd3Q245SkNXZXVSZThMM3J5aW9HVlp3MkJ6S1NGb0xNN0FMdWJ6TmVMaHIwUHVEYUh1cGpyd05uSEJxN2EyNTl0VEVSbDBEUTRmcldHam1FdmY1ZDBpTHRaWEVyZ3d4RnlHbFBaSjVid29vN2hQNmk4eFB0WXp0OFpsaUR1Wk43cnFDYTRQWVBKSFl2aVVxYmdlYWRNODZBOWFvdFZ3RGxvbEswQnhkVFHSAb8BQVVfeXFMTUduTWpQZEhtcXg1NTVvcHNORFVhM3JzYXUycHgwY25La3MxZHRRTDVneW5sZ2MzbmpVQlQtd29CNm5XVkdWdnBSaV9URUkzQWJvQWZrdmotVDd1RVJxMklSSEZ2bExHcjhuOE5HY2NrTUFiNVJhRVJTQjB5NUl2Wm13M1pnb1NBUUJaUWFWN2JFTXN5RG9nWkxjM252cGo1UlR3ekRTUXFKX1N1Y05mTFJZZjZfQ3lJX191VVktTWM?oc=5\" target=\"_blank\" rel=\"nofollow noopener\">\u00a1Final tipo Tour de Francia! El ciclista antioque\u00f1o Sebasti\u00e1n Casta\u00f1o gan\u00f3 la segunda etapa de la Vuelta Colombia 2025 en una subida imposible | El Colombiano<\/a>&nbsp;&nbsp;El Colombiano<\/li>\n<li><a href=\"https:\/\/news.google.com\/rss\/articles\/CBMi2AFBVV95cUxQZXBwNGgyTWJzWVc5NnJVWWs2TUw0V1RBZ3ZDcFh5UWpRVjhnZDh0RHVkVVNTMDVqd0c1Vm1XQXdaTk5WLWVTNzk2NVp2bDBtdG5zd0ZCcUF2Ulo5bEg0aFpDMEVnTkd6cjBRcTNwSVdhRk8zYXFucElCU1BRZ2NLdG5TT3psaEE3b05RczA2QU5uN3VhWUZOdGRpUmxEZVhuRk12bklQV3p3eWRyT1phREx5TlNFQnJ1ZjFlWE9POE01VWtMbkFJU1NIcXJrX0FGajNxQ3k2Wno?oc=5\" target=\"_blank\" rel=\"nofollow noopener\">Sebasti\u00e1n Casta\u00f1o se impone en el Alto del Porvenir y es nuevo l\u00edder de la Vuelta a Colombia 2025<\/a>&nbsp;&nbsp;Federaci\u00f3n Colombiana de Ciclismo<\/li>\n<li><a href=\"https:\/\/news.google.com\/rss\/articles\/CBMi4wFBVV95cUxNUDlCbjJrQnU2OFBDcWVXZVNmZE5pS0MwaXYtckhnLTJWMUVNVjk2d0pxaDhkU09TVUt0ZFB4aDJxa0xlbDJON19fTkItRGd6bTNycFR6S1BCc2UzdTVCQ1NPSTJlalFtUUxPTEdsTnREVVg2TWZvUnFaU1ZPaGt5djlFQU84aVplZUpIYUJ1czV1V1hNSHZYcndINlZGTjN4dllNUlRLNE5VTjlwb3BwSzZGaS00X1VIRFd5WTVBcVdIQTRNZHB5bXBkNTRBejVJLVNMVzh2VU9CODF5cElNVVRPTQ?oc=5\" target=\"_blank\" rel=\"nofollow noopener\">Estos son los cierres viales entre Curis\u00ed y Toquilla por la etapa 3 de la Vuelta a Colombia 2025<\/a>&nbsp;&nbsp;ClaroSports<\/li>\n<\/ol>\n","protected":false},"excerpt":{"rendered":"Sebasti\u00e1n Casta\u00f1o sorprende en el Alto del Porvenir y lidera la Vuelta a Colombia&nbsp;&nbsp;Ciclismo Clasificaciones completas de la&hellip;\n","protected":false},"author":2,"featured_media":21612,"comment_status":"","ping_status":"","sticky":false,"template":"","format":"standard","meta":{"footnotes":""},"categories":[273],"tags":[313,1757,312,168,158,25,24,23,167],"class_list":{"0":"post-21611","1":"post","2":"type-post","3":"status-publish","4":"format-standard","5":"has-post-thumbnail","7":"category-ciclismo","8":"tag-ciclismo","9":"tag-ciclista","10":"tag-cycling","11":"tag-deportes","12":"tag-el","13":"tag-es","14":"tag-espana","15":"tag-spain","16":"tag-sports"},"share_on_mastodon":{"url":"","error":""},"_links":{"self":[{"href":"https:\/\/www.europesays.com\/es\/wp-json\/wp\/v2\/posts\/21611","targetHints":{"allow":["GET"]}}],"collection":[{"href":"https:\/\/www.europesays.com\/es\/wp-json\/wp\/v2\/posts"}],"about":[{"href":"https:\/\/www.europesays.com\/es\/wp-json\/wp\/v2\/types\/post"}],"author":[{"embeddable":true,"href":"https:\/\/www.europesays.com\/es\/wp-json\/wp\/v2\/users\/2"}],"replies":[{"embeddable":true,"href":"https:\/\/www.europesays.com\/es\/wp-json\/wp\/v2\/comments?post=21611"}],"version-history":[{"count":0,"href":"https:\/\/www.europesays.com\/es\/wp-json\/wp\/v2\/posts\/21611\/revisions"}],"wp:featuredmedia":[{"embeddable":true,"href":"https:\/\/www.europesays.com\/es\/wp-json\/wp\/v2\/media\/21612"}],"wp:attachment":[{"href":"https:\/\/www.europesays.com\/es\/wp-json\/wp\/v2\/media?parent=21611"}],"wp:term":[{"taxonomy":"category","embeddable":true,"href":"https:\/\/www.europesays.com\/es\/wp-json\/wp\/v2\/categories?post=21611"},{"taxonomy":"post_tag","embeddable":true,"href":"https:\/\/www.europesays.com\/es\/wp-json\/wp\/v2\/tags?post=21611"}],"curies":[{"name":"wp","href":"https:\/\/api.w.org\/{rel}","templated":true}]}}