{"id":216125,"date":"2025-11-03T11:15:09","date_gmt":"2025-11-03T11:15:09","guid":{"rendered":"https:\/\/www.europesays.com\/es\/216125\/"},"modified":"2025-11-03T11:15:09","modified_gmt":"2025-11-03T11:15:09","slug":"el-misterio-del-brillo-azul-del-cometa-interestelar-3i-atlas","status":"publish","type":"post","link":"https:\/\/www.europesays.com\/es\/216125\/","title":{"rendered":"El misterio del brillo azul del cometa interestelar 3I\/Atlas"},"content":{"rendered":"<p>El cometa 3I\/ATLAS, <strong>el tercer visitante conocido de m\u00e1s all\u00e1 de nuestro Sistema Solar,<\/strong> ha estado aumentando su brillo mucho m\u00e1s r\u00e1pidamente de lo esperado a medida que se acerca al perihelio, su punto m\u00e1s cercano al Sol.<\/p>\n<p>Desde la Tierra, el cometa se ha situado casi directamente <strong>detr\u00e1s del Sol <\/strong>durante el \u00faltimo mes, lo que ha hecho pr\u00e1cticamente imposibles las observaciones terrestres durante este per\u00edodo crucial. En su lugar, los astr\u00f3nomos lo han estado observando desde observatorios espaciales, informa Science Alert.<\/p>\n<p>Entra en escena un grupo de observadores inesperado: los sat\u00e9lites de monitorizaci\u00f3n solar.<\/p>\n<p>Los investigadores Qicheng Zhang del Observatorio Lowell y Karl Battams del Laboratorio de Investigaci\u00f3n Naval de Estados Unidos se dieron cuenta de que las naves espaciales dise\u00f1adas para observar la corona solar tambi\u00e9n pod\u00edan rastrear el cometa durante su conjunci\u00f3n cercana con nuestra estrella.<\/p>\n<p>Utilizando instrumentos a bordo de STEREO-A, SOHO y GOES-19, <strong>capturaron la dram\u00e1tica transformaci\u00f3n del cometa.<\/strong><\/p>\n<p><strong>Lo que descubrieron fue sorprendente<\/strong>. Entre mediados de septiembre y finales de octubre, a medida que 3I\/ATLAS se acercaba desde unas 2 unidades astron\u00f3micas (aproximadamente el doble de la distancia de la Tierra al Sol) hasta tan solo 1,36 UA, su brillo aument\u00f3 dr\u00e1sticamente, indica Science Alert.<\/p>\n<p>El equipo calcul\u00f3 que el brillo del cometa aumentaba proporcionalmente al inverso de la distancia helioc\u00e9ntrica elevada a la potencia 7,5, un aumento de brillo significativamente m\u00e1s pronunciado que la tasa anterior observada cuando estaba m\u00e1s lejos.<\/p>\n<p>Para poner esto en perspectiva, la mayor\u00eda de los cometas aumentan su brillo gradualmente a medida que se acercan al Sol y el hielo se transforma en gas. Este visitante interestelar <strong>est\u00e1 aumentando su brillo a aproximadamente el doble de la velocidad habitual<\/strong>, lo que sugiere que <strong>algo inusual est\u00e1 ocurriendo en su superficie.<\/strong><\/p>\n<p>Las observaciones tambi\u00e9n revelaron que el cometa se ve claramente <strong>m\u00e1s azul que la luz solar,<\/strong> una se\u00f1al inequ\u00edvoca de que los gases, y no solo el polvo, contribuyen sustancialmente a su brillo visible, dice Science Alert.<\/p>\n<p>Observaciones anteriores hab\u00edan revelado que<strong> el polvo del cometa era rojizo<\/strong>, lo que hace que <strong>este cambio al azul sea particularmente notable<\/strong>. Los investigadores sospechan que las emisiones de mol\u00e9culas como el cian\u00f3geno y posiblemente el amon\u00edaco son responsables de esta coloraci\u00f3n inusual.<\/p>\n<p>Las im\u00e1genes del coron\u00f3grafo del GOES-19 revelaron el cometa como un objeto extenso. Esta brillante envoltura de gas y polvo que rodea el n\u00facleo confirma que 3I\/ATLAS est\u00e1 perdiendo material activamente a medida que se intensifica el calentamiento solar.<\/p>\n<p>El cometa alcanz\u00f3 el perihelio el 29 de octubre, y los c\u00e1lculos del equipo sugieren que pudo haber aumentado su brillo hasta una magnitud cercana a 9, lo suficientemente brillante como para ser visible a trav\u00e9s de telescopios de aficionados m\u00e1s peque\u00f1os, informa Science Alert.<\/p>\n<p>Ahora que emerge de detr\u00e1s del Sol y regresa a los cielos oscuros en noviembre y diciembre, los observadores terrestres finalmente tendr\u00e1n la oportunidad de estudiar en detalle a este extraordinario viajero interestelar.<\/p>\n<p>A\u00fan <strong>se desconoce la causa de este r\u00e1pido aumento de brillo.<\/strong><\/p>\n<p>Los investigadores especulan que el comportamiento inusual del cometa podr\u00eda deberse a su composici\u00f3n, a su r\u00e1pida velocidad de aproximaci\u00f3n o quiz\u00e1s a peculiaridades adquiridas durante su largo viaje a trav\u00e9s del espacio interestelar.<\/p>\n","protected":false},"excerpt":{"rendered":"El cometa 3I\/ATLAS, el tercer visitante conocido de m\u00e1s all\u00e1 de nuestro Sistema Solar, ha estado aumentando su&hellip;\n","protected":false},"author":2,"featured_media":216126,"comment_status":"","ping_status":"","sticky":false,"template":"","format":"standard","meta":{"footnotes":""},"categories":[81],"tags":[119,123,124,25,24,117,121,122,23,118,120],"class_list":{"0":"post-216125","1":"post","2":"type-post","3":"status-publish","4":"format-standard","5":"has-post-thumbnail","7":"category-ciencia-y-tecnologia","8":"tag-ciencia","9":"tag-ciencia-y-tecnologia","10":"tag-cienciaytecnologia","11":"tag-es","12":"tag-espana","13":"tag-science","14":"tag-science-and-technology","15":"tag-scienceandtechnology","16":"tag-spain","17":"tag-technology","18":"tag-tecnologia"},"share_on_mastodon":{"url":"https:\/\/pubeurope.com\/@es\/115485483037963488","error":""},"_links":{"self":[{"href":"https:\/\/www.europesays.com\/es\/wp-json\/wp\/v2\/posts\/216125","targetHints":{"allow":["GET"]}}],"collection":[{"href":"https:\/\/www.europesays.com\/es\/wp-json\/wp\/v2\/posts"}],"about":[{"href":"https:\/\/www.europesays.com\/es\/wp-json\/wp\/v2\/types\/post"}],"author":[{"embeddable":true,"href":"https:\/\/www.europesays.com\/es\/wp-json\/wp\/v2\/users\/2"}],"replies":[{"embeddable":true,"href":"https:\/\/www.europesays.com\/es\/wp-json\/wp\/v2\/comments?post=216125"}],"version-history":[{"count":0,"href":"https:\/\/www.europesays.com\/es\/wp-json\/wp\/v2\/posts\/216125\/revisions"}],"wp:featuredmedia":[{"embeddable":true,"href":"https:\/\/www.europesays.com\/es\/wp-json\/wp\/v2\/media\/216126"}],"wp:attachment":[{"href":"https:\/\/www.europesays.com\/es\/wp-json\/wp\/v2\/media?parent=216125"}],"wp:term":[{"taxonomy":"category","embeddable":true,"href":"https:\/\/www.europesays.com\/es\/wp-json\/wp\/v2\/categories?post=216125"},{"taxonomy":"post_tag","embeddable":true,"href":"https:\/\/www.europesays.com\/es\/wp-json\/wp\/v2\/tags?post=216125"}],"curies":[{"name":"wp","href":"https:\/\/api.w.org\/{rel}","templated":true}]}}