{"id":216134,"date":"2025-11-03T11:25:15","date_gmt":"2025-11-03T11:25:15","guid":{"rendered":"https:\/\/www.europesays.com\/es\/216134\/"},"modified":"2025-11-03T11:25:15","modified_gmt":"2025-11-03T11:25:15","slug":"egan-bernal-y-nairo-quintana-definieron-quien-es-el-mejor-ciclista-de-la-historia-no-es-colombiano","status":"publish","type":"post","link":"https:\/\/www.europesays.com\/es\/216134\/","title":{"rendered":"Egan Bernal y Nairo Quintana definieron qui\u00e9n es el mejor ciclista de la historia: no es colombiano"},"content":{"rendered":"<p><img alt=\"Egan Bernal y Nairo Quintana\" class=\"global-image\" decoding=\"async\" fetchpriority=\"high\" height=\"1575\" loading=\"eager\" src=\"https:\/\/www.europesays.com\/es\/wp-content\/uploads\/2025\/11\/2BCI6OCB3FBMFA2277WW2XITPE.jpeg\" width=\"2800\"\/>Egan Bernal y Nairo Quintana son dos de los ciclistas colombianos con m\u00e1s t\u00edtulos en las grandes vueltas para el pa\u00eds &#8211; cr\u00e9dito @giroditalia\/X<\/p>\n<p class=\"paragraph\">Egan Bernal y Nairo Quintana son dos de los mejores ciclistas en la historia de Colombia, que tuvieron \u00e9pocas distintas para sus triunfos, pero que en los \u00faltimos a\u00f1os han pelado codo a codo en las mejores competencias del mundo, en especial durante las grandes vueltas.<\/p>\n<p class=\"paragraph\"><b>Ahora puede seguirnos en<\/b><a rel=\"noopener nofollow\" href=\"https:\/\/www.facebook.com\/infobaecolombia\" target=\"_blank\"><b> Facebook<\/b><\/a><b> y en nuestro<\/b><a rel=\"noopener nofollow\" href=\"https:\/\/whatsapp.com\/channel\/0029Va4oNEALikgEL4Y8mb2K\" target=\"_blank\"><b> WhatsApp Channel<\/b><\/a><\/p>\n<p class=\"paragraph\">Los dos pedalistas definieron qui\u00e9n es el mejor en la historia del deporte, el cual no es colombiano y es considerado actualmente como la nueva leyenda del ciclismo, al punto de que alcanzar\u00eda en poco tiempo al recordado Eddy Merckx, el llamado \u201cCanibal\u201d que gan\u00f3 una gran cantidad de carreras en los a\u00f1os 60 y 70.<\/p>\n<p class=\"paragraph\">El reconocimiento a Tadej Pogacar como el mejor ciclista de la historia fue tema central en el Giro de Rigo en Barranquilla, donde Egan Bernal y Nairo Quintana elogiaron al esloveno por su dominio en el ciclismo de ruta. Durante el conversatorio previo al evento del Giro de Rigo en Barranquilla, ambos campeones colombianos destacaron la trascendencia de los logros del esloveno y su impacto en el deporte internacional.<\/p>\n<p class=\"paragraph\">Bernal, ganador del Tour de Francia en 2019 y del Giro de Italia en 2021, fue enf\u00e1tico al afirmar que es el corredor m\u00e1s fuerte del mundo en la actualidad: \u201c<b>Hoy Pogacar es el corredor m\u00e1s fuerte del mundo<\/b>. Si le colocan 100 kil\u00f3metros de contrarreloj o una etapa de monta\u00f1a, siempre estar\u00e1 para ganar\u201d.<\/p>\n<p><img alt=\"Tadej Pogacar es cuatro veces\" class=\"global-image\" decoding=\"async\" fetchpriority=\"low\" height=\"4096\" loading=\"lazy\" src=\"https:\/\/www.europesays.com\/es\/wp-content\/uploads\/2025\/11\/IGMYJGGIIRFR5PPJSQ2MAA4NMU.jpg\" width=\"6144\"\/>Tadej Pogacar es cuatro veces campe\u00f3n del Tour de Francia y actual campe\u00f3n del mundo en el ciclismo &#8211; cr\u00e9dito Dar\u00edo Belingheri\/ Pool v\u00eda AP<\/p>\n<p class=\"paragraph\">Por su parte, Quintana, campe\u00f3n del Giro de Italia en 2014 y de la Vuelta a Espa\u00f1a en 2016, comparti\u00f3 la admiraci\u00f3n de Bernal y fue m\u00e1s all\u00e1 al comparar a Pogacar con los mejores ciclistas colombianos de la \u00faltima d\u00e9cada: \u201cSi nos midi\u00e9ramos en nuestro mejor momento, \u00e9l estar\u00eda uno o dos escalones por encima. Es el hombre m\u00e1s fuerte en toda la historia del ciclismo competitivo\u201d.<\/p>\n<p class=\"paragraph\">El conversatorio, realizado en el centro de convenciones Puerta de Oro, reuni\u00f3 a figuras nacionales e internacionales como Rigoberto Ur\u00e1n, anfitri\u00f3n y creador de la competencia, Vincenzo Nibali y Fabio Aru. Rigo destac\u00f3 la importancia de celebrar el evento en la capital del Atl\u00e1ntico y la llegada de 15.000 visitantes durante el fin de semana, un logro atribuido al apoyo de la administraci\u00f3n local y los patrocinadores.<\/p>\n<p class=\"paragraph\">La presencia de ciclistas internacionales reforz\u00f3 el prestigio del evento. <b>Nibali expres\u00f3 su admiraci\u00f3n por el p\u00fablico colombiano<\/b>, mientras que Aru coment\u00f3, entre bromas, sobre la necesidad de adaptarse al clima coste\u00f1o y manifest\u00f3 su entusiasmo por el recorrido y la cultura local, pues la mayor\u00eda de ellos nunca hab\u00eda visitado Colombia o esa zona del pa\u00eds.<\/p>\n<p><img alt=\"Se han realizado 10 ediciones\" class=\"global-image\" decoding=\"async\" fetchpriority=\"low\" height=\"1836\" loading=\"lazy\" src=\"https:\/\/www.europesays.com\/es\/wp-content\/uploads\/2025\/11\/DRMUBZXLLRCSFEHBSFHBMMHQDI.jpg\" width=\"3264\"\/>Se han realizado 10 ediciones del Giro de Rigo, esta es la primera vez que llega a Barranquilla &#8211; cr\u00e9dito Rigoberto Ur\u00e1n<\/p>\n<p class=\"paragraph\">El gobernador del Atl\u00e1ntico, Eduardo Verano de la Rosa, resalt\u00f3 el impacto econ\u00f3mico y tur\u00edstico del Giro de Rigo, que moviliz\u00f3 a 8.000 ciclistas de 20 pa\u00edses y <b>proyect\u00f3 un beneficio superior a los 60.000 millones de pesos para la regi\u00f3n<\/b>.<\/p>\n<p class=\"paragraph\">Para el ciclismo colombiano, la realizaci\u00f3n del Giro de Rigo en Barranquilla representa m\u00e1s que una competencia de aficionados. Bernal expres\u00f3 que \u201cvenir a eventos como este es una forma de devolverle al pa\u00eds un poco de lo que nos ha dado. El ciclismo colombiano vive de la gente, de su energ\u00eda, de su cari\u00f1o, y eso aqu\u00ed se siente con fuerza\u201d. <\/p>\n<p><img alt=\"En la edici\u00f3n 2024, Carlos\" class=\"global-image\" decoding=\"async\" fetchpriority=\"low\" height=\"1200\" loading=\"lazy\" src=\"https:\/\/www.europesays.com\/es\/wp-content\/uploads\/2025\/11\/J3TJCIHWCNCQZHD7CJT2WG3C6I.jpg\" width=\"960\"\/>En la edici\u00f3n 2024, Carlos Vives y Mariana Paj\u00f3n participaron en el Giro de Rigo en Antioquia &#8211; cr\u00e9dito @carlosvives\/Instagram<\/p>\n<p class=\"paragraph\">Nairo Quintana, por su parte, destac\u00f3 la uni\u00f3n entre los pedalistas y el simbolismo del encuentro: \u201cHemos tenido nuestras batallas en la carretera, pero fuera de ella nos une el amor por el deporte y por inspirar a nuevas generaciones. El \u2018Giro de Rigo\u2019 es m\u00e1s que una carrera, es una fiesta para todo el pa\u00eds\u201d.<\/p>\n","protected":false},"excerpt":{"rendered":"Egan Bernal y Nairo Quintana son dos de los ciclistas colombianos con m\u00e1s t\u00edtulos en las grandes vueltas&hellip;\n","protected":false},"author":2,"featured_media":216135,"comment_status":"","ping_status":"","sticky":false,"template":"","format":"standard","meta":{"footnotes":""},"categories":[273],"tags":[313,312,168,25,24,23,167],"class_list":{"0":"post-216134","1":"post","2":"type-post","3":"status-publish","4":"format-standard","5":"has-post-thumbnail","7":"category-ciclismo","8":"tag-ciclismo","9":"tag-cycling","10":"tag-deportes","11":"tag-es","12":"tag-espana","13":"tag-spain","14":"tag-sports"},"share_on_mastodon":{"url":"https:\/\/pubeurope.com\/@es\/115485522487337007","error":""},"_links":{"self":[{"href":"https:\/\/www.europesays.com\/es\/wp-json\/wp\/v2\/posts\/216134","targetHints":{"allow":["GET"]}}],"collection":[{"href":"https:\/\/www.europesays.com\/es\/wp-json\/wp\/v2\/posts"}],"about":[{"href":"https:\/\/www.europesays.com\/es\/wp-json\/wp\/v2\/types\/post"}],"author":[{"embeddable":true,"href":"https:\/\/www.europesays.com\/es\/wp-json\/wp\/v2\/users\/2"}],"replies":[{"embeddable":true,"href":"https:\/\/www.europesays.com\/es\/wp-json\/wp\/v2\/comments?post=216134"}],"version-history":[{"count":0,"href":"https:\/\/www.europesays.com\/es\/wp-json\/wp\/v2\/posts\/216134\/revisions"}],"wp:featuredmedia":[{"embeddable":true,"href":"https:\/\/www.europesays.com\/es\/wp-json\/wp\/v2\/media\/216135"}],"wp:attachment":[{"href":"https:\/\/www.europesays.com\/es\/wp-json\/wp\/v2\/media?parent=216134"}],"wp:term":[{"taxonomy":"category","embeddable":true,"href":"https:\/\/www.europesays.com\/es\/wp-json\/wp\/v2\/categories?post=216134"},{"taxonomy":"post_tag","embeddable":true,"href":"https:\/\/www.europesays.com\/es\/wp-json\/wp\/v2\/tags?post=216134"}],"curies":[{"name":"wp","href":"https:\/\/api.w.org\/{rel}","templated":true}]}}