{"id":216174,"date":"2025-11-03T11:56:09","date_gmt":"2025-11-03T11:56:09","guid":{"rendered":"https:\/\/www.europesays.com\/es\/216174\/"},"modified":"2025-11-03T11:56:09","modified_gmt":"2025-11-03T11:56:09","slug":"el-palo-de-sandra-barneda-a-pablo-motos-por-acusar-a-la-isla-de-las-tentaciones-de-pornografia","status":"publish","type":"post","link":"https:\/\/www.europesays.com\/es\/216174\/","title":{"rendered":"El palo de Sandra Barneda a Pablo Motos por acusar a &#8216;La isla de las tentaciones&#8217; de \u00abpornograf\u00eda\u00bb"},"content":{"rendered":"<p class=\"v-mdl-ath__p v-mdl-ath__p--6\">\nLunes, 3 de noviembre 2025, 12:23<\/p>\n<p class=\"v-p\">Este lunes con el estreno de <a href=\"https:\/\/www.elcorreo.com\/culturas\/tv\/tentacion-despierta-nuevo-telecinco-edicion-delirante-20251103001708-ntrc.html\" target=\"_blank\" title=\"www.elcorreo.com\" data-voc-vtm-id=\"in-text-traffic\" data-mrf-link=\"www.elcorreo.com\" rel=\"nofollow noopener\">&#8216;La isla de las tentaciones<\/a>&#8216; arranca una nueva batalla televisiva. Sandra Barneda se cuela en la lucha entre Pablo Motos y David Broncano por convertirse en el programa de entretenimiento m\u00e1s visto de la televisi\u00f3n. <\/p>\n<p class=\"v-p\">El a\u00f1o pasado, el duelo se lo llev\u00f3 Pablo Motos y sus hormigas, aunque Barneda les comi\u00f3 mucho terreno gracias a personajes como Juan Carlos Montoya. Lo reconoci\u00f3 el propio Broncano, quien sufri\u00f3 un importante baj\u00f3n en las audiencias. \u00abEs el programa que m\u00e1s da\u00f1o nos hace\u00bb, lleg\u00f3 a decir en p\u00fablico.<\/p>\n<p class=\"v-p\">Telecinco ha anunciado que habr\u00e1 tres programas semanales de &#8216;La isla de las tentaciones&#8217;. \u00abMe llevo muy bien con Broncano, es un t\u00edo fant\u00e1stico y el a\u00f1o pasado fue muy generoso con nosotros. Si nos lo permitieran har\u00eda un crossover brutal: yo ir\u00eda a &#8216;La Revuelta&#8217;, \u00e9l vendr\u00eda al &#8216;debate de Las Tentaciones&#8217;&#8230; Tuvo la valent\u00eda y la generosidad de felicitarnos porque el programa estaba siendo un \u00e9xito total y le estaba ganando. As\u00ed es como tiene que ser entre compa\u00f1eros\u00bb, afirma la comunicadora de Mediaset en una entrevista con diferentes medios.<\/p>\n<p><a href=\"http:\/\/www.elcorreo.com\/culturas\/tv\/tentacion-despierta-nuevo-telecinco-edicion-delirante-20251103001708-ntrc.html#vtm_modulosEngag=mod-rel:gente-estilo:noticia:1:cmp:1-not\" class=\"v-a-link\" aria-label=\"Imagen\" rel=\"nofollow noopener\" target=\"_blank\"><\/p>\n<p><img decoding=\"async\" loading=\"lazy\" src=\"https:\/\/www.europesays.com\/es\/wp-content\/uploads\/2025\/11\/tentaciones-kHL--366x256@RC.jpg\" class=\"v-a-img\" width=\"258\" height=\"180\" alt=\"\" data-voc-vtm-id=\"in-text-traffic\"\/><\/p>\n<p><\/a><\/p>\n<p class=\"v-p\">Sin embargo, su opini\u00f3n cambia cuando le nombran a Motos. \u00abLa competici\u00f3n y la comperencia son sanas; lo que no es sano es intentar descalificar a un programa\u00bb, dijo en referencia a las palabras de Motos en 2022 refiri\u00e9ndose a &#8216;La isla de las tentaciones como un programa \u00abporno\u00bb. \u00abEso me doli\u00f3 como compa\u00f1era de profesi\u00f3n. Creo que se equivoc\u00f3 y creo que \u00e9l lo sabe\u00bb, sentencia Barneda. La presentadora del reality de Telecinco asegura que no ha hablado con \u00e9l sobre el tema aunque cree que \u00absabe que se equivoc\u00f3\u00bb.<\/p>\n<p>Reporta un error<\/p>\n","protected":false},"excerpt":{"rendered":"Lunes, 3 de noviembre 2025, 12:23 Este lunes con el estreno de &#8216;La isla de las tentaciones&#8216; arranca&hellip;\n","protected":false},"author":2,"featured_media":216175,"comment_status":"","ping_status":"","sticky":false,"template":"","format":"standard","meta":{"footnotes":""},"categories":[171],"tags":[56167,7280,146,147,25,24,3643,13882,618,12740,12453,7279,23,4473,214],"class_list":{"0":"post-216174","1":"post","2":"type-post","3":"status-publish","4":"format-standard","5":"has-post-thumbnail","7":"category-tv","8":"tag-acusar","9":"tag-barneda","10":"tag-entertainment","11":"tag-entretenimiento","12":"tag-es","13":"tag-espana","14":"tag-isla","15":"tag-motos","16":"tag-pablo","17":"tag-palo","18":"tag-pornografia","19":"tag-sandra","20":"tag-spain","21":"tag-tentaciones","22":"tag-tv"},"share_on_mastodon":{"url":"https:\/\/pubeurope.com\/@es\/115485644391780581","error":""},"_links":{"self":[{"href":"https:\/\/www.europesays.com\/es\/wp-json\/wp\/v2\/posts\/216174","targetHints":{"allow":["GET"]}}],"collection":[{"href":"https:\/\/www.europesays.com\/es\/wp-json\/wp\/v2\/posts"}],"about":[{"href":"https:\/\/www.europesays.com\/es\/wp-json\/wp\/v2\/types\/post"}],"author":[{"embeddable":true,"href":"https:\/\/www.europesays.com\/es\/wp-json\/wp\/v2\/users\/2"}],"replies":[{"embeddable":true,"href":"https:\/\/www.europesays.com\/es\/wp-json\/wp\/v2\/comments?post=216174"}],"version-history":[{"count":0,"href":"https:\/\/www.europesays.com\/es\/wp-json\/wp\/v2\/posts\/216174\/revisions"}],"wp:featuredmedia":[{"embeddable":true,"href":"https:\/\/www.europesays.com\/es\/wp-json\/wp\/v2\/media\/216175"}],"wp:attachment":[{"href":"https:\/\/www.europesays.com\/es\/wp-json\/wp\/v2\/media?parent=216174"}],"wp:term":[{"taxonomy":"category","embeddable":true,"href":"https:\/\/www.europesays.com\/es\/wp-json\/wp\/v2\/categories?post=216174"},{"taxonomy":"post_tag","embeddable":true,"href":"https:\/\/www.europesays.com\/es\/wp-json\/wp\/v2\/tags?post=216174"}],"curies":[{"name":"wp","href":"https:\/\/api.w.org\/{rel}","templated":true}]}}